{"id":689,"count":1,"description":"","link":"http:\/\/oxisdoproblema.com.br\/?tag=memorias-da-edicao-no-brasil","name":"mem\u00f3rias da edi\u00e7\u00e3o no Brasil","slug":"memorias-da-edicao-no-brasil","taxonomy":"post_tag","meta":[],"_links":{"self":[{"href":"http:\/\/oxisdoproblema.com.br\/index.php?rest_route=\/wp\/v2\/tags\/689"}],"collection":[{"href":"http:\/\/oxisdoproblema.com.br\/index.php?rest_route=\/wp\/v2\/tags"}],"about":[{"href":"http:\/\/oxisdoproblema.com.br\/index.php?rest_route=\/wp\/v2\/taxonomies\/post_tag"}],"wp:post_type":[{"href":"http:\/\/oxisdoproblema.com.br\/index.php?rest_route=%2Fwp%2Fv2%2Fposts&tags=689"}],"curies":[{"name":"wp","href":"https:\/\/api.w.org\/{rel}","templated":true}]}}