{"id":803,"date":"2012-02-14T13:32:23","date_gmt":"2012-02-14T16:32:23","guid":{"rendered":"http:\/\/oxisdoproblema.com.br\/?p=803"},"modified":"2012-02-14T13:36:46","modified_gmt":"2012-02-14T16:36:46","slug":"estacao-leitura-a-depredacao","status":"publish","type":"post","link":"http:\/\/oxisdoproblema.com.br\/?p=803","title":{"rendered":"Esta\u00e7\u00e3o Leitura \u2013 a depreda\u00e7\u00e3o"},"content":{"rendered":"<p><a href=\"http:\/\/oxisdoproblema.com.br\/?attachment_id=804\" onclick=\"return TrackClick('http%3A%2F%2Foxisdoproblema.com.br%2F%3Fattachment_id%3D804','Capturar+pn')\" rel=\"attachment wp-att-804\"><img decoding=\"async\" loading=\"lazy\" src=\"http:\/\/oxisdoproblema.com.br\/wp-content\/uploads\/2012\/02\/Capturar-pn.jpg\" alt=\"\" title=\"Capturar pn\" width=\"866\" height=\"489\" class=\"aligncenter size-full wp-image-804\" srcset=\"http:\/\/oxisdoproblema.com.br\/wp-content\/uploads\/2012\/02\/Capturar-pn.jpg 866w, http:\/\/oxisdoproblema.com.br\/wp-content\/uploads\/2012\/02\/Capturar-pn-300x169.jpg 300w\" sizes=\"(max-width: 866px) 100vw, 866px\" \/><\/a><\/p>\n<p>H\u00e1 alguns dias li, n\u2019O Globo, uma mat\u00e9ria sobre a instala\u00e7\u00e3o de uma biblioteca em uma esta\u00e7\u00e3o de trens da Supervia, a antiga linha da Central do Brasil, em Madureira, sub\u00farbio do Rio de Janeiro. <\/p>\n<p>O projeto foi desenvolvido pelo Instituto Oldenburg, dirigido pela Cristina Oldenburg, que conheci h\u00e1 v\u00e1rios anos em fun\u00e7\u00e3o de outro projeto por eles desenvolvido, o das Salas de Leitura. <\/p>\n<p>Esse projeto contou com a colabora\u00e7\u00e3o inicial do S\u00e9rgio Machado, presidente do Grupo Editorial Record. S\u00e9rgio Machado sempre foi muito atento para as quest\u00f5es relacionadas com o ciclo de vida dos livros. Depois de certo tempo, o circuito tradicional de vendas de livros se esgota, e sobram apenas vendas residuais, geralmente via Internet. Assim, esses exemplares ficam em dep\u00f3sito, provocando gastos adicionais de armazenamento e log\u00edstica. O conhecimento desse problema \u00e9 uma das ra\u00edzes do Programa do Livro Popular, que busca estabelecer um novo ciclo de vida para essa imensa riqueza editorial n\u00e3o mais encontr\u00e1vel com facilidade nas livrarias, mas que pode ser recolocada no mercado em outras condi\u00e7\u00f5es. <\/p>\n<p>Bem, a Esta\u00e7\u00e3o Leitura instalada na esta\u00e7\u00e3o de Madureira foi depredada semana passada, assim como quase toda a esta\u00e7\u00e3o ferrovi\u00e1ria, pelos usu\u00e1rios revoltados com os atrasos e problemas dos trens. Aqueles mesmos trens que h\u00e1 d\u00e9cadas j\u00e1 motivavam sambistas a comporem os lamentos por sua inefici\u00eancia: \u201cPatr\u00e3o, o trem atrasou, por isso estou chegando agora&#8230;\u201d<br \/>\n<!--more--><br \/>\nAcaba a Central do Brasil, privatizada (por que ser\u00e1 que essa privatiza\u00e7\u00e3o fernandohenriqueana n\u00e3o \u00e9 citada como modelo de efici\u00eancia?), transformada em Supervias. Andr\u00e9 Vallias, o poeta, comentou sarcasticamente o nome que, segundo ele, deveria ser \u201cSupervias \u2013 crucis\u201d, com a popula\u00e7\u00e3o dos sub\u00farbios cariocas fazendo o papel de Cristo.<\/p>\n<p>Mas, antes da depreda\u00e7\u00e3o, eu havia enviado um e-mail para a Cristina pedindo que relatasse os resultados do primeiro programa, da Sala de Leitura, e a conforma\u00e7\u00e3o dessa nova iniciaitiva.<\/p>\n<p>Eis o que ela me enviou:<\/p>\n<p><em>\u201cSala de leitura<br \/>\nDe 2003 a 2010 foram implantadas 728 Salas de leitura em 23 Estados da Federa\u00e7\u00e3o.<\/p>\n<p>Em sete anos de trabalho, a base do projeto precisou evoluir, inclusive com rela\u00e7\u00e3o \u00e0 remunera\u00e7\u00e3o dos profissionais da \u00e1rea de gest\u00e3o e produ\u00e7\u00e3o cultural.<\/em><\/p>\n<p><em>Apesar de v\u00e1rias tentativas na busca desse amadurecimento, os pareceristas do MinC desqualificaram o nosso trabalho, impondo uma remunera\u00e7\u00e3o menor que um sal\u00e1rio m\u00ednimo aos produtores que trabalham no projeto.<\/p>\n<p>Temos um PRONAC aprovado em 2010, onde o valor de remunera\u00e7\u00e3o para os nossos produtores \u00e9 40% menor que o valor aprovado em 2005.<\/p>\n<p>Apesar de estarmos com problemas nas rubricas de remunera\u00e7\u00e3o de pessoal, dois patrocinadores tradicionais depositaram recursos na conta bloqueada do projeto.<\/p>\n<p>Para a movimenta\u00e7\u00e3o da conta bloqueada precisamos captar 20% do valor total do projeto e ainda n\u00e3o conseguimos bater a meta.<\/p>\n<p>Al\u00e9m do recurso voltado para a remunera\u00e7\u00e3o dos profissionais, entramos com um novo pedido para reduzir o n\u00famero de salas e, consequentemente, o valor do projeto para que possamos movimentar a conta bloqueada. Esse pedido est\u00e1 sendo justificado pelo fato de que j\u00e1 temos recursos suficientes para implantar 36 salas de leitura e n\u00e3o podemos iniciar os trabalhos sem autoriza\u00e7\u00e3o do MinC. Nossa ideia seria implantar essas 36 salas, cujos recursos j\u00e1 se encontram na conta, e fechar a conta desse Pronac, pois n\u00e3o podemos arcar com os preju\u00edzos impostos pelos valores irris\u00f3rios para o pagamento de produtores.<\/p>\n<p>Sala de leitura em 2012<\/p>\n<p>Em 2012, implantaremos 10 salas de leitura por meio da lei do ISS, no Rio de Janeiro. Esse novo caminho deve-se aos problemas que estamos enfrentando com rela\u00e7\u00e3o ao Pronac que esta em vig\u00eancia no MinC.\u201d<\/em><\/p>\n<p>N\u00e3o vou nem comentar aqui o pesadelo burocr\u00e1tico de manejar os projetos financiados com os mecanismos do Incentivo Fiscal (Lei Rouanet). Em outros momentos j\u00e1 falei sobre isso, sobre os defeitos e problemas da lei atual, assim como o estrup\u00edcio que a gest\u00e3o anterior do MinC elaborou dizendo que era para melhorar, e que na minha opini\u00e3o n\u00e3o vai conseguir isso. Mas esse \u00e9 outro assunto.<\/p>\n<p>Volto \u00e0 Cristina, na sua descri\u00e7\u00e3o (pr\u00e9 depreda\u00e7\u00e3o), do que era o projeto da Esta\u00e7\u00e3o leitura.<\/p>\n<p><em>\u201cEsta\u00e7\u00e3o Leitura<\/p>\n<p>O projeto \u00e9 uma experi\u00eancia nova e com recursos pr\u00f3prios da Nestl\u00e9.<\/p>\n<p>Temos a inten\u00e7\u00e3o de incentivar o projeto, mas somente depois que o piloto estiver amadurecido.<\/p>\n<p>Acreditamos que a somente depois do projeto testado e afinado poderemos partir para o incentivo fiscal, pois caso contr\u00e1rio corremos o risco de ficar engessados em um or\u00e7amento sem poder aprimorar o trabalho \u00e0 medida que a demanda de adapta\u00e7\u00f5es possa ocorrer \u2013 e isto \u00e9 fato nas viv\u00eancias que temos com o MinC.<\/p>\n<p>Os livros que foram selecionados para esta edi\u00e7\u00e3o s\u00e3o fruto de uma parceria que fizemos com um projeto que j\u00e1 estava em andamento na SuperVia.\u201d<\/em><\/p>\n<p>Houve, ent\u00e3o, o incidente provocado pelas p\u00e9ssimas condi\u00e7\u00f5es de opera\u00e7\u00e3o da ferrovia. <\/p>\n<p>Recebi da Cristina Oldemburg um e-mail circular por ela enviado aos envolvidos no projeto:<\/p>\n<p><em>\u201cPrezados amigos, parceiros, colaboradores e incentivadores,<\/p>\n<p>O Esta\u00e7\u00e3o Leitura \u00e9 como todos n\u00f3s. Lutamos para crescer, vencemos desafios e obst\u00e1culos dia ap\u00f3s dia, vislumbrando uma maturidade convicta da import\u00e2ncia da pr\u00e1tica da cidadania.<\/p>\n<p>Mesmo rec\u00e9m-nascido e inaugurado, j\u00e1 conquistamos muitos amigos e espalhamos conhecimento, informa\u00e7\u00e3o, fantasia e, principalmente, esperan\u00e7a \u2013 a esperan\u00e7a de que algo vai mudar, esperan\u00e7a de que estaremos cada dia mais unidos em torno das reais necessidades deste nosso tempo.<\/p>\n<p>Em dez dias de vida \u00fatil, temos 53 leitores cadastrados, 59 livros emprestados, 29 livros j\u00e1 devolvidos, 30 livros em leitura e um livro recadastrado.<\/p>\n<p>No espa\u00e7o, n\u00e3o sobrou nada de material. N\u00e3o importa, pois a for\u00e7a da iniciativa continua. O obst\u00e1culo que estamos enfrentando neste momento n\u00e3o \u00e9 o primeiro e n\u00e3o ser\u00e1 o \u00faltimo. Os obst\u00e1culos acontecem para nos fortalecer, para repensarmos algumas quest\u00f5es e, principalmente, para nos unir ainda mais em torno de uma causa important\u00edssima \u2013 a Educa\u00e7\u00e3o.<\/p>\n<p>A Educa\u00e7\u00e3o do ensinar e aprender.<\/p>\n<p>Educa\u00e7\u00e3o \u00e9 transposi\u00e7\u00e3o.<\/p>\n<p>Educar \u00e9 reinventar.<\/p>\n<p>O Esta\u00e7\u00e3o Leitura com certeza surgiu para nos aproximar e para que juntos pud\u00e9ssemos refletir sobre este importante momento de tantos conflitos e de tantos questionamentos.<\/p>\n<p>O Esta\u00e7\u00e3o Leitura \u00e9 um convite \u00e0 Reinven\u00e7\u00e3o.<\/p>\n<p>Vamos juntos?\u201d<\/em><\/p>\n<p>\tA Cristina enviou tamb\u00e9m o link para uma mat\u00e9ria do Globonews sobre a Esta\u00e7\u00e3o Leitura, reproduzido <em><a onclick=\"javascript:pageTracker._trackPageview('\/outgoing\/www.grupoctv.com.br\/g-ctv\/cli\/i_video100.asp?cod=118000');\"  href=\"http:\/\/www.grupoctv.com.br\/g-ctv\/cli\/i_video100.asp?cod=118000\" onclick=\"return TrackClick('http%3A%2F%2Fwww.grupoctv.com.br%2Fg-ctv%2Fcli%2Fi_video100.asp%3Fcod%3D118000','aqui')\" target=\"_blank\">aqui<\/a><\/em>.<\/p>\n<p>Os projetos do Instituto Oldemburg somam-se a dezenas de outros que buscam suplementar uma car\u00eancia b\u00e1sica do pa\u00eds, que \u00e1 a de dificuldade de acesso \u00e0 leitura. S\u00e3o salas de leitura, bibliotecas comunit\u00e1rias, bibliotecas em hospitais, pres\u00eddios, centros de atendimento ao p\u00fablico, esta\u00e7\u00f5es de \u00f4nibus, de metr\u00f4, todas criadas por iniciativas de institui\u00e7\u00f5es que compreendem perfeitamente a quest\u00e3o central do desmantelamento do mito de que brasileiro n\u00e3o l\u00ea: o que os brasileiros n\u00e3o t\u00eam \u00e9 acesso ao livro.<\/p>\n<p>S\u00e3o projetos de portes diferentes. Alguns s\u00e3o incentivados por mecanismos de incentivo fiscal, seja o federal, sejam os estaduais ou municipais. Muitos s\u00e3o o resultado do esfor\u00e7o de pessoas e grupos que simplesmente dedicam tempo, esfor\u00e7o e recursos para isso.<\/p>\n<p>Esse \u00e9 o tipo de esfor\u00e7o que deve ser apoiado e incentivado. Com menos burocracia. Com suplementa\u00e7\u00e3o a esses esfor\u00e7os, procurando criar condi\u00e7\u00f5es para que essas iniciativas se transformem em redes, se difundam cada vez mais, apoiem e sejam apoiadas interajam com as bibliotecas p\u00fablicas. <\/p>\n","protected":false},"excerpt":{"rendered":"<p>H\u00e1 alguns dias li, n\u2019O Globo, uma mat\u00e9ria sobre a instala\u00e7\u00e3o de uma biblioteca em uma esta\u00e7\u00e3o de trens da Supervia, a antiga linha da Central do Brasil, em Madureira, sub\u00farbio do Rio de Janeiro. O projeto foi desenvolvido pelo Instituto Oldenburg, dirigido pela Cristina Oldenburg, que conheci h\u00e1 v\u00e1rios anos em fun\u00e7\u00e3o de outro &hellip; <a href=\"http:\/\/oxisdoproblema.com.br\/?p=803\" onclick=\"return TrackClick('http%3A%2F%2Foxisdoproblema.com.br%2F%3Fp%3D803','Continue+lendo+Esta%C3%A7%C3%A3o+Leitura+%E2%80%93+a+depreda%C3%A7%C3%A3o+%26rarr%3B')\" class=\"more-link\">Continue lendo <span class=\"screen-reader-text\">Esta\u00e7\u00e3o Leitura \u2013 a depreda\u00e7\u00e3o<\/span> <span class=\"meta-nav\">&rarr;<\/span><\/a><\/p>\n","protected":false},"author":1,"featured_media":0,"comment_status":"open","ping_status":"open","sticky":false,"template":"","format":"standard","meta":[],"categories":[178],"tags":[269,266,267,268],"_links":{"self":[{"href":"http:\/\/oxisdoproblema.com.br\/index.php?rest_route=\/wp\/v2\/posts\/803"}],"collection":[{"href":"http:\/\/oxisdoproblema.com.br\/index.php?rest_route=\/wp\/v2\/posts"}],"about":[{"href":"http:\/\/oxisdoproblema.com.br\/index.php?rest_route=\/wp\/v2\/types\/post"}],"author":[{"embeddable":true,"href":"http:\/\/oxisdoproblema.com.br\/index.php?rest_route=\/wp\/v2\/users\/1"}],"replies":[{"embeddable":true,"href":"http:\/\/oxisdoproblema.com.br\/index.php?rest_route=%2Fwp%2Fv2%2Fcomments&post=803"}],"version-history":[{"count":15,"href":"http:\/\/oxisdoproblema.com.br\/index.php?rest_route=\/wp\/v2\/posts\/803\/revisions"}],"predecessor-version":[{"id":819,"href":"http:\/\/oxisdoproblema.com.br\/index.php?rest_route=\/wp\/v2\/posts\/803\/revisions\/819"}],"wp:attachment":[{"href":"http:\/\/oxisdoproblema.com.br\/index.php?rest_route=%2Fwp%2Fv2%2Fmedia&parent=803"}],"wp:term":[{"taxonomy":"category","embeddable":true,"href":"http:\/\/oxisdoproblema.com.br\/index.php?rest_route=%2Fwp%2Fv2%2Fcategories&post=803"},{"taxonomy":"post_tag","embeddable":true,"href":"http:\/\/oxisdoproblema.com.br\/index.php?rest_route=%2Fwp%2Fv2%2Ftags&post=803"}],"curies":[{"name":"wp","href":"https:\/\/api.w.org\/{rel}","templated":true}]}}