{"id":779,"date":"2012-01-27T10:07:31","date_gmt":"2012-01-27T13:07:31","guid":{"rendered":"http:\/\/oxisdoproblema.com.br\/?p=779"},"modified":"2012-01-27T10:07:31","modified_gmt":"2012-01-27T13:07:31","slug":"sera-a-amazon-mesmo-uma-empresa-consumer-centric","status":"publish","type":"post","link":"http:\/\/oxisdoproblema.com.br\/?p=779","title":{"rendered":"Ser\u00e1 a Amazon mesmo uma empresa \u201cConsumer Centric\u201d?"},"content":{"rendered":"<p><figure id=\"attachment_780\" aria-describedby=\"caption-attachment-780\" style=\"width: 300px\" class=\"wp-caption alignleft\"><a href=\"http:\/\/oxisdoproblema.com.br\/?attachment_id=780\" onclick=\"return TrackClick('http%3A%2F%2Foxisdoproblema.com.br%2F%3Fattachment_id%3D780','Capturar')\" rel=\"attachment wp-att-780\"><img decoding=\"async\" loading=\"lazy\" src=\"http:\/\/oxisdoproblema.com.br\/wp-content\/uploads\/2012\/01\/Capturar3-300x121.jpg\" alt=\"\" title=\"Capturar\" width=\"300\" height=\"121\" class=\"size-medium wp-image-780\" srcset=\"http:\/\/oxisdoproblema.com.br\/wp-content\/uploads\/2012\/01\/Capturar3-300x121.jpg 300w, http:\/\/oxisdoproblema.com.br\/wp-content\/uploads\/2012\/01\/Capturar3-1024x415.jpg 1024w, http:\/\/oxisdoproblema.com.br\/wp-content\/uploads\/2012\/01\/Capturar3.jpg 1130w\" sizes=\"(max-width: 300px) 100vw, 300px\" \/><\/a><figcaption id=\"caption-attachment-780\" class=\"wp-caption-text\">Mentirinha....<\/figcaption><\/figure><br \/>\nAs disputas entre a Amazon e a Apple pelos \u201ccora\u00e7\u00f5es e mentes\u201d dos consumidores s\u00e3o intensas.  As duas empresas t\u00eam, entretanto, uma caracter\u00edstica comum: a extrema opacidade na divulga\u00e7\u00e3o dos dados. At\u00e9 hoje, por exemplo, ningu\u00e9m sabe com certeza a quantidade dos respectivos aparelhos vendidos por uma e outra. Os n\u00fameros do Kindle e do iPad s\u00e3o quase segredos de Estado.<br \/>\nA Apple virou religi\u00e3o para alguns de seus clientes, para os quais tudo que a empresa faz tem um toque divino. E a Amazon se gaba do atendimento ao consumidor, e do \u00eaxito de seus programas de fideliza\u00e7\u00e3o.<\/p>\n<p>A Amazon faz quest\u00e3o de se anunciar como uma empresa \u201cconsumer centric\u201d. Ou, no vulgar, centrada no consumidor. E \u00e9 verdade que, na maioria das vezes, o atendimento segue um processamento impec\u00e1vel. Os livros chegam no Kindle em segundos e, at\u00e9 hoje, nunca perdi algo f\u00edsico comprado na Amazon.<\/p>\n<p>Mas, recentemente, uma experi\u00eancia pessoal me deixou com as orelhas em p\u00e9 e revelou um lado arrogante da gigante de Seattle.<br \/>\n<!--more--><br \/>\nConto a historinha.<\/p>\n<p>Sou usu\u00e1rio do Kindle h\u00e1 anos. Comprei o aparelhinho assim que a vers\u00e3o internacional foi lan\u00e7ada. Logo me surpreendi positivamente. A Barnes &#038; Noble lan\u00e7ou o Nook (que n\u00e3o funciona fora dos EUA) uns quinze dias depois disso, a um pre\u00e7o, na \u00e9poca, de dez d\u00f3lares a menos. A Amazon creditou no meu cart\u00e3o essa quantia. N\u00e3o queria vender mais caro que a B&#038;N.<\/p>\n<p>Parab\u00e9ns.<\/p>\n<p>Uma das vantagens da Amazon \u00e9 a sincroniza\u00e7\u00e3o da biblioteca entre os diferentes dispositivos. O livro que est\u00e1 no Kindle est\u00e1 sincronizado com os demais nos quais se instalou o app: no desktop, em notebooks e em celulares. No meu caso, tenho o app no desktop, no notebook e tinha tamb\u00e9m em um iPhone. Tudo funcionando muito bem.<\/p>\n<p>Em outubro passado troquei de celular, em uma das promo\u00e7\u00f5es enganchadoras das operadoras e passei a usar um WindowsPhone, com o nov\u00edssimo sistema operacional 7.5. <\/p>\n<p>Tinha certeza que haveria uma app para o aparelho, mesmo sabendo que a loja do Zune n\u00e3o tem toda a imensa variedade da iTunes Store.<\/p>\n<p>De fato, existe um app do Kindle para WindowsPhone. S\u00f3 que, misteriosamente, est\u00e1 bloqueado para uso no Brasil. S\u00f3 funciona em aparelhos americanos ou europeus. <\/p>\n<p>Obviamente intrigado, entro em contato com as duas ajudas ao consumidor: a da Windows e a da Amazon. A primeira me responde que a autoriza\u00e7\u00e3o para o app depende do seu propriet\u00e1rio, a Amazon. A resposta veio r\u00e1pida e intelig\u00edvel. Coisa que tamb\u00e9m n\u00e3o \u00e9 comum de acontecer com a Microsoft.<\/p>\n<p>J\u00e1 na Amazon&#8230;<\/p>\n<p>A resposta demorou tr\u00eas dias para chegar, via e-mail. E foi de uma arrog\u00e2ncia \u00edmpar. Em resumo, dizia que eles liberariam o app quando lhes desse na telha e que eu n\u00e3o enchesse o saco. Mais ainda. Da primeira vez que acessei a ajuda do Kindle, na aba que conduzia \u00e0s diferentes apps, o link levava diretamente ao Marketplace do Zune onde estava o app do Kindle \u2013 indispon\u00edvel para o Brasil. Depois dessa primeira reclama\u00e7\u00e3o, o link N\u00c3O leva mais ao site. S\u00f3 diz que existe um app para o aparelho.<\/p>\n<p>Tentei mais duas vezes. A mesma resposta atrevida e arrogante.<\/p>\n<p>O que diabos impede a Amazon de liberar um app gr\u00e1tis e que tamb\u00e9m \u00e9 instrumento de venda \u00e9 algo que escapa \u00e0 minha compreens\u00e3o. Mais curioso ainda: existe um app no WindowsPhone que liga diretamente \u00e0 loja da Amazon, e permite adquirir livros. Ou seja, o WindowsPhone permite que eu compre livros que n\u00e3o posso ler no aparelho&#8230; Franz Kafka andou passeando em Seattle&#8230;<\/p>\n<p>Quando soube que a Amazon finalmente contratara um executivo para o Kindle no Brasil, pensei com meus bot\u00f5es: vou dar ao cara a chance de come\u00e7ar resolvendo um problema levantado por um fiel consumidor do Kindle (j\u00e1 tenho mais de 150 t\u00edtulos no aparelhinho), e mandei um e-mail contando a hist\u00f3ria para o Widman. Dia 18 de janeiro.<\/p>\n<p>Perguntem se recebi alguma resposta?<\/p>\n<p>Necas de pitibiribas&#8230;<\/p>\n<p>Para completar meu azar, na segunda-feira passada sa\u00ed com meu Kindle na m\u00e3o para ir a um encontro profissional. Na sa\u00edda do t\u00e1xi me atrapalhei com o guarda-chuva para enfrentar a tempestade que desabou naquela tarde. Meu Kindle escorregou do bra\u00e7o, caiu na enxurrada e entrou numa boca de lobo. Coitado. Contribu\u00ed involuntariamente para a polui\u00e7\u00e3o do Tiet\u00ea, fiquei sem o aparelhinho.<\/p>\n<p>Estou arrumando paci\u00eancia para comprar outro, j\u00e1 que detesto ler textos grandes na tela brilhante do desktop.<\/p>\n<p>E a Amazon desceu muitos pontos na escala da minha considera\u00e7\u00e3o.<\/p>\n","protected":false},"excerpt":{"rendered":"<p>As disputas entre a Amazon e a Apple pelos \u201ccora\u00e7\u00f5es e mentes\u201d dos consumidores s\u00e3o intensas. As duas empresas t\u00eam, entretanto, uma caracter\u00edstica comum: a extrema opacidade na divulga\u00e7\u00e3o dos dados. At\u00e9 hoje, por exemplo, ningu\u00e9m sabe com certeza a quantidade dos respectivos aparelhos vendidos por uma e outra. Os n\u00fameros do Kindle e do &hellip; <a href=\"http:\/\/oxisdoproblema.com.br\/?p=779\" onclick=\"return TrackClick('http%3A%2F%2Foxisdoproblema.com.br%2F%3Fp%3D779','Continue+lendo+Ser%C3%A1+a+Amazon+mesmo+uma+empresa+%E2%80%9CConsumer+Centric%E2%80%9D%3F+%26rarr%3B')\" class=\"more-link\">Continue lendo <span class=\"screen-reader-text\">Ser\u00e1 a Amazon mesmo uma empresa \u201cConsumer Centric\u201d?<\/span> <span class=\"meta-nav\">&rarr;<\/span><\/a><\/p>\n","protected":false},"author":1,"featured_media":0,"comment_status":"open","ping_status":"open","sticky":false,"template":"","format":"standard","meta":[],"categories":[1],"tags":[103,226,199,257,62,258],"_links":{"self":[{"href":"http:\/\/oxisdoproblema.com.br\/index.php?rest_route=\/wp\/v2\/posts\/779"}],"collection":[{"href":"http:\/\/oxisdoproblema.com.br\/index.php?rest_route=\/wp\/v2\/posts"}],"about":[{"href":"http:\/\/oxisdoproblema.com.br\/index.php?rest_route=\/wp\/v2\/types\/post"}],"author":[{"embeddable":true,"href":"http:\/\/oxisdoproblema.com.br\/index.php?rest_route=\/wp\/v2\/users\/1"}],"replies":[{"embeddable":true,"href":"http:\/\/oxisdoproblema.com.br\/index.php?rest_route=%2Fwp%2Fv2%2Fcomments&post=779"}],"version-history":[{"count":4,"href":"http:\/\/oxisdoproblema.com.br\/index.php?rest_route=\/wp\/v2\/posts\/779\/revisions"}],"predecessor-version":[{"id":784,"href":"http:\/\/oxisdoproblema.com.br\/index.php?rest_route=\/wp\/v2\/posts\/779\/revisions\/784"}],"wp:attachment":[{"href":"http:\/\/oxisdoproblema.com.br\/index.php?rest_route=%2Fwp%2Fv2%2Fmedia&parent=779"}],"wp:term":[{"taxonomy":"category","embeddable":true,"href":"http:\/\/oxisdoproblema.com.br\/index.php?rest_route=%2Fwp%2Fv2%2Fcategories&post=779"},{"taxonomy":"post_tag","embeddable":true,"href":"http:\/\/oxisdoproblema.com.br\/index.php?rest_route=%2Fwp%2Fv2%2Ftags&post=779"}],"curies":[{"name":"wp","href":"https:\/\/api.w.org\/{rel}","templated":true}]}}