{"id":771,"date":"2012-01-26T09:51:09","date_gmt":"2012-01-26T12:51:09","guid":{"rendered":"http:\/\/oxisdoproblema.com.br\/?p=771"},"modified":"2012-01-26T09:51:09","modified_gmt":"2012-01-26T12:51:09","slug":"entrevista-para-materia-na-carta-capital-3","status":"publish","type":"post","link":"http:\/\/oxisdoproblema.com.br\/?p=771","title":{"rendered":"Entrevista para mat\u00e9ria na Carta Capital &#8211; 3"},"content":{"rendered":"<p><a href=\"http:\/\/oxisdoproblema.com.br\/?attachment_id=772\" onclick=\"return TrackClick('http%3A%2F%2Foxisdoproblema.com.br%2F%3Fattachment_id%3D772','catra+capital2_NEW')\" rel=\"attachment wp-att-772\"><img decoding=\"async\" loading=\"lazy\" src=\"http:\/\/oxisdoproblema.com.br\/wp-content\/uploads\/2012\/01\/catra-capital2_NEW2-218x300.jpg\" alt=\"\" title=\"catra capital2_NEW\" width=\"218\" height=\"300\" class=\"alignleft size-medium wp-image-772\" srcset=\"http:\/\/oxisdoproblema.com.br\/wp-content\/uploads\/2012\/01\/catra-capital2_NEW2-218x300.jpg 218w, http:\/\/oxisdoproblema.com.br\/wp-content\/uploads\/2012\/01\/catra-capital2_NEW2.jpg 333w\" sizes=\"(max-width: 218px) 100vw, 218px\" \/><\/a><br \/>\nA seguir a terceira e \u00faltima parte das respostas por escrito que dei ao rep\u00f3rter Lucas Callegari, da <em>Carta Capital<\/em> para mat\u00e9ria que foi publicada na \u00faltima edi\u00e7\u00e3o da revista. Devido a extens\u00e3o das respostas, estas obviamente n\u00e3o poderia ser usadas integralmente na revista.<\/p>\n<p><em>&#8211; Como est\u00e1 a evolu\u00e7\u00e3o do segmento de livros digitais no Brasil, quais as perspectivas? Em que est\u00e1gio est\u00e1 o Pa\u00eds em compara\u00e7\u00e3o com Europa e Estados Unidos?<\/em><\/p>\n<p>\u00c9 preciso esclarecer algumas coisas. Os livros digitais j\u00e1 s\u00e3o usados h\u00e1 muito tempo. Hoje, praticamente todas as revistas t\u00e9cnico-cient\u00edficas s\u00f3 existem em vers\u00f5es digitais. Tanto o CNPq quanto a FAPESP, por exemplo, tem disp\u00eandios enormes com a assinatura dessas publica\u00e7\u00f5es para as universidades. E a \u201cBiblioteca Virtual\u201d, liderada pela Pearson tamb\u00e9m indica que as universidades particulares est\u00e3o indo pelo mesmo caminho, e ampliando o uso do livro texto eletr\u00f4nico, al\u00e9m das revistas.<br \/>\n<!--more--><br \/>\nOnde ainda estamos atrasados \u2013 principalmente em rela\u00e7\u00e3o aos EUA e at\u00e9 mesmo \u00e0 China \u2013 \u00e9 no uso de e-readers para o segmento trade \u2013 obras gerais, literatura e ensaios. A Amazon foi o grande motor para a expans\u00e3o disso nos EUA, com o Kindle e depois a Apple com o iPad, e os chineses j\u00e1 tem e-readers bem baratos. A propor\u00e7\u00e3o desses leitores na China ainda \u00e9 pequena, mas como tudo l\u00e1 \u00e9 gigantesco, o n\u00famero total cresce velozmente. Na Europa esse movimento j\u00e1 come\u00e7ou a se manifestar com mais evid\u00eancia do que no Brasil. <\/p>\n<p>Acredito, entretanto, que dois fatores devem fazer que haja um crescimento mais r\u00e1pido a partir de 2012 e 2013: a) diminui\u00e7\u00e3o do pre\u00e7o dos e-readers e tablets; b) a ado\u00e7\u00e3o, pelo MEC, de conte\u00fados eletr\u00f4nicos, na medida em que isso se combine com o programa de amplia\u00e7\u00e3o da banda larga. O MEC j\u00e1 est\u00e1 recebendo propostas para fornecimento de conte\u00fados digitais para o PNLD para 2013&#8230;<\/p>\n<p><em>&#8211; Como analisa a quest\u00e3o das pol\u00edticas do Governo de fomento ao setor? \u00e9 necess\u00e1rio uma pol\u00edtica de incentivo articulada?<\/em><\/p>\n<p>Existe uma grande desarticula\u00e7\u00e3o na formula\u00e7\u00e3o e execu\u00e7\u00e3o de pol\u00edticas p\u00fablicas para o livro e a leitura. Ao mesmo tempo em que temos o maior programa de aquisi\u00e7\u00e3o de livros do mundo &#8211; os programas do MEC, atrav\u00e9s do FNDE -, se evidencia uma dicotomia, ou diria mesmo uma esp\u00e9cie de esquizofrenia, no tratamento das diferentes \u201cfun\u00e7\u00f5es\u201d do livro. Isso porque existe o livro escolar, o livro como instrumento de difus\u00e3o da ci\u00eancia, o livro de literatura e informa\u00e7\u00e3o geral, o livro como express\u00e3o da alta cultura, o livro como instrumento do proselitismo religioso e assim por diante. O MEC cuida do lado \u201cutilit\u00e1rio\u201d, ou funcional do livro: o livro escolar. Ao MINC se reservou o papel de regulador do livro como objeto \u201csimb\u00f3lico\u201d.<\/p>\n<p>Assim, de mem\u00f3ria, temos um monte de minist\u00e9rios envolvidos com o livro e a leitura, al\u00e9m desses dois. O MDA tem o programa \u201cArca das Letras\u201d, que mistura material de assist\u00eancia t\u00e9cnica rural como informa\u00e7\u00e3o e outros conte\u00fados; o Minist\u00e9rio da Agricultura, atrav\u00e9s da EMBRAPA, \u00e9 grande produtor de conhecimento t\u00e9cnico-cient\u00edfico divulgado tamb\u00e9m atrav\u00e9s de livros; o Itamaraty, em tese, deve incluir livros de literatura e de arte na difus\u00e3o da cultura brasileira no exterior; o CNPq e o Minist\u00e9rio da Ci\u00eancia e Tecnologia tamb\u00e9m t\u00eam interface com o assunto livro; a Petrobras, a Caixa Econ\u00f4mica e o Banco do Brasil t\u00eam programas ligados ao livro, atrav\u00e9s dos mecanismos de incentivo fiscal; o BNDES se esfor\u00e7a para desenvolver linhas de financiamento para o setor, nem sempre com sucesso e efici\u00eancia; O Minist\u00e9rio das Comunica\u00e7\u00f5es, com os Correios e a banda larga, s\u00e3o pe\u00e7as do quebra-cabe\u00e7a. A Justi\u00e7a, com a Secretaria de Direito Econ\u00f4mico tem um papel regulador; o Congresso deveria receber as propostas e legislar de acordo. E, finalmente, Fazenda e Planejamento mexem as cordas se acordo com sua vis\u00e3o macroecon\u00f4mica&#8230;<\/p>\n<p>Todos esses \u00f3rg\u00e3os trabalham de modo mais ou menos aut\u00f4nomo e descoordenado. Existe a tentativa de articula\u00e7\u00e3o entre MEC e MinC atrav\u00e9s do Plano Nacional do Livro e Leitura, mas este tem uma estrutura institucional muito fr\u00e1gil. A atual administra\u00e7\u00e3o da Funda\u00e7\u00e3o Biblioteca Nacional, com o Galeno Amorim, tem plena consci\u00eancia dessas dificuldades e da import\u00e2ncia de promover essa articula\u00e7\u00e3o. Mas as dificuldades obviamente s\u00e3o enormes. At\u00e9 porque o que acontece na pol\u00edtica do livro acontece tamb\u00e9m em outras \u00e1reas. Da minha parte, meio desconsolado, acho que temos n\u00e3o apenas problemas com o chamado \u201cpacto federativo\u201d. Temos tamb\u00e9m uma esp\u00e9cie de \u201cfeudaliza\u00e7\u00e3o\u201d dos \u00f3rg\u00e3os governamentais, cada um por si e apenas vagamente articulados em programas coerentes.<\/p>\n","protected":false},"excerpt":{"rendered":"<p>A seguir a terceira e \u00faltima parte das respostas por escrito que dei ao rep\u00f3rter Lucas Callegari, da Carta Capital para mat\u00e9ria que foi publicada na \u00faltima edi\u00e7\u00e3o da revista. Devido a extens\u00e3o das respostas, estas obviamente n\u00e3o poderia ser usadas integralmente na revista. &#8211; Como est\u00e1 a evolu\u00e7\u00e3o do segmento de livros digitais no &hellip; <a href=\"http:\/\/oxisdoproblema.com.br\/?p=771\" onclick=\"return TrackClick('http%3A%2F%2Foxisdoproblema.com.br%2F%3Fp%3D771','Continue+lendo+Entrevista+para+mat%C3%A9ria+na+Carta+Capital+%26%238211%3B+3+%26rarr%3B')\" class=\"more-link\">Continue lendo <span class=\"screen-reader-text\">Entrevista para mat\u00e9ria na Carta Capital &#8211; 3<\/span> <span class=\"meta-nav\">&rarr;<\/span><\/a><\/p>\n","protected":false},"author":1,"featured_media":0,"comment_status":"open","ping_status":"open","sticky":false,"template":"","format":"standard","meta":[],"categories":[1],"tags":[32,13,93,158],"_links":{"self":[{"href":"http:\/\/oxisdoproblema.com.br\/index.php?rest_route=\/wp\/v2\/posts\/771"}],"collection":[{"href":"http:\/\/oxisdoproblema.com.br\/index.php?rest_route=\/wp\/v2\/posts"}],"about":[{"href":"http:\/\/oxisdoproblema.com.br\/index.php?rest_route=\/wp\/v2\/types\/post"}],"author":[{"embeddable":true,"href":"http:\/\/oxisdoproblema.com.br\/index.php?rest_route=\/wp\/v2\/users\/1"}],"replies":[{"embeddable":true,"href":"http:\/\/oxisdoproblema.com.br\/index.php?rest_route=%2Fwp%2Fv2%2Fcomments&post=771"}],"version-history":[{"count":6,"href":"http:\/\/oxisdoproblema.com.br\/index.php?rest_route=\/wp\/v2\/posts\/771\/revisions"}],"predecessor-version":[{"id":778,"href":"http:\/\/oxisdoproblema.com.br\/index.php?rest_route=\/wp\/v2\/posts\/771\/revisions\/778"}],"wp:attachment":[{"href":"http:\/\/oxisdoproblema.com.br\/index.php?rest_route=%2Fwp%2Fv2%2Fmedia&parent=771"}],"wp:term":[{"taxonomy":"category","embeddable":true,"href":"http:\/\/oxisdoproblema.com.br\/index.php?rest_route=%2Fwp%2Fv2%2Fcategories&post=771"},{"taxonomy":"post_tag","embeddable":true,"href":"http:\/\/oxisdoproblema.com.br\/index.php?rest_route=%2Fwp%2Fv2%2Ftags&post=771"}],"curies":[{"name":"wp","href":"https:\/\/api.w.org\/{rel}","templated":true}]}}