{"id":731,"date":"2012-01-12T22:07:47","date_gmt":"2012-01-13T01:07:47","guid":{"rendered":"http:\/\/oxisdoproblema.com.br\/?p=731"},"modified":"2012-01-12T22:07:47","modified_gmt":"2012-01-13T01:07:47","slug":"peticao-publica-contra-o-fechamento-da-livraria-camoes-no-rio-de-janeiro","status":"publish","type":"post","link":"http:\/\/oxisdoproblema.com.br\/?p=731","title":{"rendered":"Peti\u00e7\u00e3o p\u00fablica contra o fechamento da Livraria Cam\u00f5es no Rio de Janeiro"},"content":{"rendered":"<p>Amigos(as), <\/p>\n<p>Acabei de ler e assinar este abaixo-assinado online: \u00abContra o fechamento da Livraria Cam\u00f5es\u00bb <\/p>\n<p>http:\/\/www.peticaopublica.com.br\/PeticaoVer.aspx?pi=camoes <\/p>\n<p>Pessoalmente, concordo com este abaixo-assinado e acho que voc\u00ea tamb\u00e9m pode concordar. <\/p>\n<p>Assine o abaixo-assinado e divulgue para seus contatos.<\/p>\n<p>Obrigado,<br \/>\nFelipe Jos\u00e9 Lindoso<br \/>\n&#8212;&#8212;&#8212;&#8212;&#8212;&#8212;&#8212;&#8212;&#8212;&#8212;&#8212;&#8212;&#8212;&#8212;&#8212;&#8212;&#8212;&#8212;<\/p>\n","protected":false},"excerpt":{"rendered":"<p>Amigos(as), Acabei de ler e assinar este abaixo-assinado online: \u00abContra o fechamento da Livraria Cam\u00f5es\u00bb http:\/\/www.peticaopublica.com.br\/PeticaoVer.aspx?pi=camoes Pessoalmente, concordo com este abaixo-assinado e acho que voc\u00ea tamb\u00e9m pode concordar. Assine o abaixo-assinado e divulgue para seus contatos. Obrigado, Felipe Jos\u00e9 Lindoso &#8212;&#8212;&#8212;&#8212;&#8212;&#8212;&#8212;&#8212;&#8212;&#8212;&#8212;&#8212;&#8212;&#8212;&#8212;&#8212;&#8212;&#8212;<\/p>\n","protected":false},"author":1,"featured_media":0,"comment_status":"open","ping_status":"open","sticky":false,"template":"","format":"standard","meta":[],"categories":[1],"tags":[],"_links":{"self":[{"href":"http:\/\/oxisdoproblema.com.br\/index.php?rest_route=\/wp\/v2\/posts\/731"}],"collection":[{"href":"http:\/\/oxisdoproblema.com.br\/index.php?rest_route=\/wp\/v2\/posts"}],"about":[{"href":"http:\/\/oxisdoproblema.com.br\/index.php?rest_route=\/wp\/v2\/types\/post"}],"author":[{"embeddable":true,"href":"http:\/\/oxisdoproblema.com.br\/index.php?rest_route=\/wp\/v2\/users\/1"}],"replies":[{"embeddable":true,"href":"http:\/\/oxisdoproblema.com.br\/index.php?rest_route=%2Fwp%2Fv2%2Fcomments&post=731"}],"version-history":[{"count":1,"href":"http:\/\/oxisdoproblema.com.br\/index.php?rest_route=\/wp\/v2\/posts\/731\/revisions"}],"predecessor-version":[{"id":732,"href":"http:\/\/oxisdoproblema.com.br\/index.php?rest_route=\/wp\/v2\/posts\/731\/revisions\/732"}],"wp:attachment":[{"href":"http:\/\/oxisdoproblema.com.br\/index.php?rest_route=%2Fwp%2Fv2%2Fmedia&parent=731"}],"wp:term":[{"taxonomy":"category","embeddable":true,"href":"http:\/\/oxisdoproblema.com.br\/index.php?rest_route=%2Fwp%2Fv2%2Fcategories&post=731"},{"taxonomy":"post_tag","embeddable":true,"href":"http:\/\/oxisdoproblema.com.br\/index.php?rest_route=%2Fwp%2Fv2%2Ftags&post=731"}],"curies":[{"name":"wp","href":"https:\/\/api.w.org\/{rel}","templated":true}]}}