{"id":339,"date":"2011-09-14T19:20:34","date_gmt":"2011-09-14T22:20:34","guid":{"rendered":"http:\/\/oxisdoproblema.com.br\/?p=339"},"modified":"2011-09-14T19:31:43","modified_gmt":"2011-09-14T22:31:43","slug":"um-abrigo-entre-livros","status":"publish","type":"post","link":"http:\/\/oxisdoproblema.com.br\/?p=339","title":{"rendered":"Um abrigo entre livros"},"content":{"rendered":"<p>As Edi\u00e7\u00f5es SM, de origem espanhola, aportou h\u00e1 alguns anos no Brasil. Uma das a\u00e7\u00f5es da editora, atrav\u00e9s da Funda\u00e7\u00e3o SM, \u00e9 o Pr\u00eamio Barco a Vapor de literatura para crian\u00e7as e jovens.<\/p>\n<p>Acho um pr\u00eamio importante, mas o que quero aqui n\u00e3o \u00e9 fazer propaganda dele &#8211; disso a SM se ocupa muito bem.<\/p>\n<p>Na segunda edi\u00e7\u00e3o do Pr\u00eamio Barco a Vapor, em 2006, a Funda\u00e7\u00e3o SM produziu um pequeno document\u00e1rio sobre uma experi\u00eancia que ent\u00e3o se desenrolava em S. Paulo.<\/p>\n<p>Um edif\u00edcio abandonado h\u00e1 anos, no centro da cidade, foi ocupado por moradores de rua. Depois de limp\u00e1-lo e deixar o pr\u00e9dio com condi\u00e7\u00f5es m\u00ednimas de uso, os moradores, sob a lideran\u00e7a de Severino Manoel de Souza, instalaram uma biblioteca no lugar da garagem do edif\u00edcio.<\/p>\n<p>O v\u00eddeo dura apenas onze minutos, e vale a pena assistir todo:<\/p>\n<p>Mas, se tiverem apressados, podem avan\u00e7ar at\u00e9 a marca dos 3:13 e ver a declara\u00e7\u00e3o do Sr. Severino Manoel de Souza.<\/p>\n<p><a onclick=\"javascript:pageTracker._trackPageview('\/outgoing\/www.youtube.com\/watch?v=T4_Dnzi4y88');\"  href=\"http:\/\/www.youtube.com\/watch?v=T4_Dnzi4y88\" onclick=\"return TrackClick('http%3A%2F%2Fwww.youtube.com%2Fwatch%3Fv%3DT4_Dnzi4y88','Um+abrigo+entre+livros')\" target=\"_blank\">Um abrigo entre livros<\/a><\/p>\n<p>Viram?<br \/>\n<!--more--><\/p>\n<p>Bom, aquelas pessoas tinham ocupado um pr\u00e9dio abandonado, e tinham &#8211; entre outras coisas &#8211; que puxar eletricidade at\u00e9 o lugar onde passavam a morar.<\/p>\n<p>Como ningu\u00e9m gosta de levar choque, o Manual de Eletricidade tornou-se um livro disputado. Com o passar do tempo, foi substitu\u00eddo na prefer\u00eancia por outros livros. <\/p>\n<p>Pois bem, h\u00e1 uns tr\u00eas anos mostrei esse document\u00e1rio para uma pessoa que fazia parte da comiss\u00e3o de sele\u00e7\u00e3o de t\u00edtulos para os acervos dos programas da Biblioteca Nacional. A professora viu o document\u00e1rio, achou interessante, mas disse que a aquisi\u00e7\u00e3o daquele tipo de livros n\u00e3o era responsabilidade do Minist\u00e9rio da Cultura\/Biblioteca Nacional.<\/p>\n<p>O que me passou pela cabe\u00e7a?<\/p>\n<p>&#038;%*@%#><@@#$\n\nSim, o que me passou pela cabe\u00e7a s\u00f3 pode se expressar usando o truque das hist\u00f3rias em quadrinho.\n\nEsse tipo de situa\u00e7\u00e3o s\u00f3 refor\u00e7a minha firme convic\u00e7\u00e3o de que o acervo de bibliotecas N\u00c3O pode ser escolhido centralizadamente por uma comiss\u00e3o de s\u00e1bios. Deve, necessariamente, refletir necessidades da popula\u00e7\u00e3o onde est\u00e1 situada.\n\nObviamente n\u00e3o pode se restringir aos livros de requisi\u00e7\u00e3o mais imediata. Inclusive porque as leituras de boa parte da popula\u00e7\u00e3o s\u00e3o limitadas e, tanto quanto oferecer o que os usu\u00e1rios desejam, a biblioteca deve abrir horizontes e perspectivas. Para isso est\u00e3o os mediadores de leitura, preparados para abrir essas janelas para os que procuram a biblioteca.\n\nMas, aten\u00e7\u00e3o, a media\u00e7\u00e3o deve supor sempre o di\u00e1logo. Se houver imposi\u00e7\u00e3o e direcionamento, as chances de fracasso aumentam exponencialmente.\n\nPor essas raz\u00f5es \u00e9 que defendo que uma pol\u00edtica de acervos para bibliotecas p\u00fablicas deve se fundamentar em dois pilares: ampla disponibilidade de t\u00edtulos dentre os quais os respons\u00e1veis possam escolher o que melhor acham adequado ao seu p\u00fablico; forma\u00e7\u00e3o continuada e est\u00edmulo para a atua\u00e7\u00e3o dos mediadores, sejam esses bibliotec\u00e1rios, atendentes ou volunt\u00e1rios (sim, volunt\u00e1rios s\u00e3o importantes para o bom funcionamento de bibliotecas p\u00fablicas).\n\nE n\u00e3o vale o argumento de que a forma\u00e7\u00e3o do pessoal das bibliotecas p\u00fablicas brasileiros \u00e9 insuficiente. O Censo das Bibliotecas demonstrou isso, que \u00e9 algo vis\u00edvel para quem visita bibliotecas pelo pa\u00eds afora. Mas o que se v\u00ea, tamb\u00e9m, junto de pessoas desanimadas e burocratizadas, \u00e9 um contingente de pessoas com enorme boa vontade e disposi\u00e7\u00e3o para oferecer livros para os frequentadores de suas bibliotecas.\n\n\u00c9 neles que devemos confiar. \u00c9 melhor acreditar no bom senso e na disposi\u00e7\u00e3o de milhares de pessoas que trabalham no prec\u00e1rio sistema de bibliotecas p\u00fablicas para que escolham seus acervos do que na sapi\u00eancia de meia d\u00fazias de pessoas, por mais bem preparadas que sejam e mais boa-vontade tenham. \u00c9 imposs\u00edvel definir, a partir do Rio de Janeiro ou de Bras\u00edlia - ou de qualquer capital - qual o acervo necess\u00e1rio e o que pode abrir mais perspectivas para o crescimento como leitores dos usu\u00e1rios das bibliotecas espalhadas por todo o pa\u00eds.\n\nPor isso mesmo \u00e9 que a metodologia a ser estabelecida pelo Programa do Livro Popular deve ser saudada. Certamente haver\u00e1 problemas em sua implementa\u00e7\u00e3o. Erros ser\u00e3o cometidos e dificuldades ser\u00e3o encontradas. Mas \u00e9 melhor ter a coragem de mudar esse paradigma centralizador do que ficar ao preso ao que aparentemente \u00e9 mais f\u00e1cil.\n\n<\/p>\n","protected":false},"excerpt":{"rendered":"<p>As Edi\u00e7\u00f5es SM, de origem espanhola, aportou h\u00e1 alguns anos no Brasil. Uma das a\u00e7\u00f5es da editora, atrav\u00e9s da Funda\u00e7\u00e3o SM, \u00e9 o Pr\u00eamio Barco a Vapor de literatura para crian\u00e7as e jovens. Acho um pr\u00eamio importante, mas o que quero aqui n\u00e3o \u00e9 fazer propaganda dele &#8211; disso a SM se ocupa muito bem. &hellip; <a href=\"http:\/\/oxisdoproblema.com.br\/?p=339\" onclick=\"return TrackClick('http%3A%2F%2Foxisdoproblema.com.br%2F%3Fp%3D339','Continue+lendo+Um+abrigo+entre+livros+%26rarr%3B')\" class=\"more-link\">Continue lendo <span class=\"screen-reader-text\">Um abrigo entre livros<\/span> <span class=\"meta-nav\">&rarr;<\/span><\/a><\/p>\n","protected":false},"author":1,"featured_media":0,"comment_status":"open","ping_status":"open","sticky":false,"template":"","format":"standard","meta":[],"categories":[1],"tags":[144,96,130,145],"_links":{"self":[{"href":"http:\/\/oxisdoproblema.com.br\/index.php?rest_route=\/wp\/v2\/posts\/339"}],"collection":[{"href":"http:\/\/oxisdoproblema.com.br\/index.php?rest_route=\/wp\/v2\/posts"}],"about":[{"href":"http:\/\/oxisdoproblema.com.br\/index.php?rest_route=\/wp\/v2\/types\/post"}],"author":[{"embeddable":true,"href":"http:\/\/oxisdoproblema.com.br\/index.php?rest_route=\/wp\/v2\/users\/1"}],"replies":[{"embeddable":true,"href":"http:\/\/oxisdoproblema.com.br\/index.php?rest_route=%2Fwp%2Fv2%2Fcomments&post=339"}],"version-history":[{"count":7,"href":"http:\/\/oxisdoproblema.com.br\/index.php?rest_route=\/wp\/v2\/posts\/339\/revisions"}],"predecessor-version":[{"id":346,"href":"http:\/\/oxisdoproblema.com.br\/index.php?rest_route=\/wp\/v2\/posts\/339\/revisions\/346"}],"wp:attachment":[{"href":"http:\/\/oxisdoproblema.com.br\/index.php?rest_route=%2Fwp%2Fv2%2Fmedia&parent=339"}],"wp:term":[{"taxonomy":"category","embeddable":true,"href":"http:\/\/oxisdoproblema.com.br\/index.php?rest_route=%2Fwp%2Fv2%2Fcategories&post=339"},{"taxonomy":"post_tag","embeddable":true,"href":"http:\/\/oxisdoproblema.com.br\/index.php?rest_route=%2Fwp%2Fv2%2Ftags&post=339"}],"curies":[{"name":"wp","href":"https:\/\/api.w.org\/{rel}","templated":true}]}}