{"id":3300,"date":"2022-11-22T23:07:04","date_gmt":"2022-11-23T02:07:04","guid":{"rendered":"https:\/\/oxisdoproblema.com.br\/?p=3300"},"modified":"2022-11-22T23:07:09","modified_gmt":"2022-11-23T02:07:09","slug":"a-ordem-do-dia","status":"publish","type":"post","link":"http:\/\/oxisdoproblema.com.br\/?p=3300","title":{"rendered":"&#8220;A ORDEM DO DIA&#8221;"},"content":{"rendered":"\n<p>Era 1983, nos estertores da Ditadura Civil-Militar, tal como conhec\u00edamos o regime instaurado em 1964 e que durou(?) at\u00e9 a elei\u00e7\u00e3o da dupla Tancredo Neves\/Jos\u00e9 Sarney.<\/p>\n\n\n\n<figure class=\"wp-block-image size-medium\"><img decoding=\"async\" loading=\"lazy\" width=\"206\" height=\"300\" src=\"https:\/\/oxisdoproblema.com.br\/wp-content\/uploads\/2022\/11\/capa-Oredem-do-dia--206x300.jpg\" alt=\"\" class=\"wp-image-3301\" srcset=\"http:\/\/oxisdoproblema.com.br\/wp-content\/uploads\/2022\/11\/capa-Oredem-do-dia--206x300.jpg 206w, http:\/\/oxisdoproblema.com.br\/wp-content\/uploads\/2022\/11\/capa-Oredem-do-dia--704x1024.jpg 704w, http:\/\/oxisdoproblema.com.br\/wp-content\/uploads\/2022\/11\/capa-Oredem-do-dia--768x1118.jpg 768w, http:\/\/oxisdoproblema.com.br\/wp-content\/uploads\/2022\/11\/capa-Oredem-do-dia--1055x1536.jpg 1055w, http:\/\/oxisdoproblema.com.br\/wp-content\/uploads\/2022\/11\/capa-Oredem-do-dia--1407x2048.jpg 1407w, http:\/\/oxisdoproblema.com.br\/wp-content\/uploads\/2022\/11\/capa-Oredem-do-dia-.jpg 1654w\" sizes=\"(max-width: 206px) 100vw, 206px\" \/><figcaption class=\"wp-element-caption\">Capa do Romance de M\u00e1rcio Souza<\/figcaption><\/figure>\n\n\n\n<p>Na Editora Marco Zero entrou em pauta o lan\u00e7amento do mais recente romance de \u201cA Ordem do Dia\u201d do nosso s\u00f3cio, o grande escritor M\u00e1rcio Souza. Evidentemente o que convers\u00e1vamos era sobre o lan\u00e7amento desse seu romance. Para os que n\u00e3o viveram ou se esqueceram da \u00e9poca, as \u201cOrdens do Dia\u201d eram pauta e preocupa\u00e7\u00e3o de todos que viviam e observavam a cena pol\u00edtica brasileira. Todas as vezes que um milico soltava um desses documentos, todo mundo se debru\u00e7ava para fazer a \u201cexegese\u201d do texto do militar. Era algo parecido ao que os \u201csoviet\u00f3logos\u201d faziam depois que cada foto das paradas na Pra\u00e7a Vermelha, com a posi\u00e7\u00e3o dos membros do CC do falecido PCUS.<\/p>\n\n\n\n<p>Coisas assim&#8230;<\/p>\n\n\n\n<p>Pois bem, decidimos procurar o general Nelson Werneck Sodr\u00e9 para fazer a orelha. O general Nelson Werneck Sodr\u00e9 era um historiador reconhecido e com extensa obra, inclusive uma \u201cHist\u00f3ria Militar do Brasil\u201d. Ele havia participado da forma\u00e7\u00e3o do ISEB (para os que n\u00e3o lembram, taqui uma refer\u00eancia sint\u00e9tica <a onclick=\"javascript:pageTracker._trackPageview('\/outgoing\/pt.wikipedia.org\/wiki\/Instituto_Superior_de_Estudos_Brasileiros');\"  href=\"https:\/\/pt.wikipedia.org\/wiki\/Instituto_Superior_de_Estudos_Brasileiros\" onclick=\"return TrackClick('https%3A%2F%2Fpt.wikipedia.org%2Fwiki%2FInstituto_Superior_de_Estudos_Brasileiros','https%3A%2F%2Fpt.wikipedia.org%2Fwiki%2FInstituto_Superior_de_Estudos_Brasileiros')\">https:\/\/pt.wikipedia.org\/wiki\/Instituto_Superior_de_Estudos_Brasileiros<\/a> ). Enfim, o general Nelson Werneck Sodr\u00e9 era fruto de uma gera\u00e7\u00e3o de militares que permitiam a exist\u00eancia de pensadores como ele \u2013 e n\u00e3o se expressariam com twitter, caso isso j\u00e1 existisse \u2013 e sim com ensaios e pesquisas. O ISER foi liquidado em 1964, \u00e9 claro.<\/p>\n\n\n\n<p>Lembro bem do almo\u00e7o quando conversamos com o general. Foi no segundo andar da Colombo (doceria e restaurante do centro do Rio de Janeiro), ocasi\u00e3o em que ele contou hist\u00f3rias, reminisc\u00eancias, sempre bem divertidas. E topou fazer a orelha.<\/p>\n\n\n\n<figure class=\"wp-block-gallery has-nested-images columns-default is-cropped wp-block-gallery-1 is-layout-flex\">\n<figure class=\"wp-block-image size-large\"><img decoding=\"async\" loading=\"lazy\" width=\"351\" height=\"1024\" data-id=\"3310\"  src=\"https:\/\/oxisdoproblema.com.br\/wp-content\/uploads\/2022\/11\/Orelha-1-3-351x1024.jpg\" alt=\"\" class=\"wp-image-3310\" srcset=\"http:\/\/oxisdoproblema.com.br\/wp-content\/uploads\/2022\/11\/Orelha-1-3-351x1024.jpg 351w, http:\/\/oxisdoproblema.com.br\/wp-content\/uploads\/2022\/11\/Orelha-1-3-103x300.jpg 103w, http:\/\/oxisdoproblema.com.br\/wp-content\/uploads\/2022\/11\/Orelha-1-3-768x2239.jpg 768w, http:\/\/oxisdoproblema.com.br\/wp-content\/uploads\/2022\/11\/Orelha-1-3-527x1536.jpg 527w, http:\/\/oxisdoproblema.com.br\/wp-content\/uploads\/2022\/11\/Orelha-1-3-703x2048.jpg 703w, http:\/\/oxisdoproblema.com.br\/wp-content\/uploads\/2022\/11\/Orelha-1-3.jpg 791w\" sizes=\"(max-width: 351px) 100vw, 351px\" \/><\/figure>\n\n\n\n<figure class=\"wp-block-image size-large\"><img decoding=\"async\" loading=\"lazy\" width=\"318\" height=\"1024\" data-id=\"3311\"  src=\"https:\/\/oxisdoproblema.com.br\/wp-content\/uploads\/2022\/11\/Orelha-2-4-318x1024.jpg\" alt=\"\" class=\"wp-image-3311\" srcset=\"http:\/\/oxisdoproblema.com.br\/wp-content\/uploads\/2022\/11\/Orelha-2-4-318x1024.jpg 318w, http:\/\/oxisdoproblema.com.br\/wp-content\/uploads\/2022\/11\/Orelha-2-4-93x300.jpg 93w, http:\/\/oxisdoproblema.com.br\/wp-content\/uploads\/2022\/11\/Orelha-2-4-477x1536.jpg 477w, http:\/\/oxisdoproblema.com.br\/wp-content\/uploads\/2022\/11\/Orelha-2-4.jpg 745w\" sizes=\"(max-width: 318px) 100vw, 318px\" \/><\/figure>\n<\/figure>\n\n\n\n<p>O fato, entretanto, \u00e9 que convidar o General Nelson Werneck Sodr\u00e9 para escrever a orelha era quase que uma provoca\u00e7\u00e3o adicional para arapongas et caterva. (Araponga pode ser consultado tamb\u00e9m nas wikip\u00e9dias da vida: <a onclick=\"javascript:pageTracker._trackPageview('\/outgoing\/revistaeducacao.com.br\/2018\/03\/26\/conheca-origem-expressoes-x-9-araponga\/');\"  href=\"https:\/\/revistaeducacao.com.br\/2018\/03\/26\/conheca-origem-expressoes-x-9-araponga\/\" onclick=\"return TrackClick('https%3A%2F%2Frevistaeducacao.com.br%2F2018%2F03%2F26%2Fconheca-origem-expressoes-x-9-araponga%2F','https%3A%2F%2Frevistaeducacao.com.br%2F2018%2F03%2F26%2Fconheca-origem-expressoes-x-9-araponga%2F')\">https:\/\/revistaeducacao.com.br\/2018\/03\/26\/conheca-origem-expressoes-x-9-araponga\/<\/a> ).<\/p>\n\n\n\n<p>Cabe uma men\u00e7\u00e3o \u00e0 capa do livro. \u00c9 uma ilustra\u00e7\u00e3o de Carlos Chagas, que era famoso na \u00e9poca pela produ\u00e7\u00e3o de cartazes, principalmente de filmes. Ele interpretava o filme ao que se supunha ser o \u201cgosto brasileiro\u201d para atrair cin\u00e9filos. Na maioria das vezes o Carlos Chaga colocava em posi\u00e7\u00e3o proeminente um desenho de alguma mulher semidespida, com um seio bem&#8230; proeminente, digamos.<\/p>\n\n\n\n<p>Enfim, foi para a gr\u00e1fica o \u201cFolhetim voador n\u00e3o identificado, onde as patentes militares entram em transe para a del\u00edcia dos que jamais ganhar\u00e3o a Medalha do Pacificador.\u201d<\/p>\n\n\n\n<p>Ent\u00e3o preparem-se para conhecer o brigadeiro Fischer, que \u00e9 dado \u00e0 autocombust\u00e3o quando acha que algum comunista est\u00e1 por perto, e o general Pessoa, pessoalmente chefe do seja l\u00e1 o que for para o estudo de extraterrestres e que entende tudo de OVNIS.<\/p>\n\n\n\n<p>Mais um substancial elenco de apoio.<\/p>\n\n\n\n<p>O que nem sonh\u00e1vamos era que o romance era uma distopia sobre o Brasil de 2028-2022. Estavam l\u00e1 todas as maluquices, arbitrariedades, del\u00edrios e falcatruas desse quadri\u00eanio que felizmente termina dentro de alguns dias.<\/p>\n\n\n\n<p>Rimos muito.<\/p>\n\n\n\n<p>Mas quem quiser, agora, infelizmente, s\u00f3 nos sebos.<\/p>\n\n\n\n<p>Ou, quem sabe, o general ET convocado pelos piscantes celulares de um grupelho de portoalegrenses chegue tamb\u00e9m para ajudar? <a onclick=\"javascript:pageTracker._trackPageview('\/outgoing\/www.facebook.com\/beraba.gandra\/videos\/497580568992613');\"  href=\"https:\/\/www.facebook.com\/beraba.gandra\/videos\/497580568992613\" onclick=\"return TrackClick('https%3A%2F%2Fwww.facebook.com%2Fberaba.gandra%2Fvideos%2F497580568992613','https%3A%2F%2Fwww.facebook.com%2Fberaba.gandra%2Fvideos%2F497580568992613')\">https:\/\/www.facebook.com\/beraba.gandra\/videos\/497580568992613<\/a><\/p>\n","protected":false},"excerpt":{"rendered":"<p>Era 1983, nos estertores da Ditadura Civil-Militar, tal como conhec\u00edamos o regime instaurado em 1964 e que durou(?) at\u00e9 a elei\u00e7\u00e3o da dupla Tancredo Neves\/Jos\u00e9 Sarney. Na Editora Marco Zero entrou em pauta o lan\u00e7amento do mais recente romance de \u201cA Ordem do Dia\u201d do nosso s\u00f3cio, o grande escritor M\u00e1rcio Souza. Evidentemente o que &hellip; <a href=\"http:\/\/oxisdoproblema.com.br\/?p=3300\" onclick=\"return TrackClick('http%3A%2F%2Foxisdoproblema.com.br%2F%3Fp%3D3300','Continue+lendo+%26%238220%3BA+ORDEM+DO+DIA%26%238221%3B+%26rarr%3B')\" class=\"more-link\">Continue lendo <span class=\"screen-reader-text\">&#8220;A ORDEM DO DIA&#8221;<\/span> <span class=\"meta-nav\">&rarr;<\/span><\/a><\/p>\n","protected":false},"author":1,"featured_media":0,"comment_status":"open","ping_status":"open","sticky":false,"template":"","format":"standard","meta":[],"categories":[1],"tags":[],"_links":{"self":[{"href":"http:\/\/oxisdoproblema.com.br\/index.php?rest_route=\/wp\/v2\/posts\/3300"}],"collection":[{"href":"http:\/\/oxisdoproblema.com.br\/index.php?rest_route=\/wp\/v2\/posts"}],"about":[{"href":"http:\/\/oxisdoproblema.com.br\/index.php?rest_route=\/wp\/v2\/types\/post"}],"author":[{"embeddable":true,"href":"http:\/\/oxisdoproblema.com.br\/index.php?rest_route=\/wp\/v2\/users\/1"}],"replies":[{"embeddable":true,"href":"http:\/\/oxisdoproblema.com.br\/index.php?rest_route=%2Fwp%2Fv2%2Fcomments&post=3300"}],"version-history":[{"count":2,"href":"http:\/\/oxisdoproblema.com.br\/index.php?rest_route=\/wp\/v2\/posts\/3300\/revisions"}],"predecessor-version":[{"id":3312,"href":"http:\/\/oxisdoproblema.com.br\/index.php?rest_route=\/wp\/v2\/posts\/3300\/revisions\/3312"}],"wp:attachment":[{"href":"http:\/\/oxisdoproblema.com.br\/index.php?rest_route=%2Fwp%2Fv2%2Fmedia&parent=3300"}],"wp:term":[{"taxonomy":"category","embeddable":true,"href":"http:\/\/oxisdoproblema.com.br\/index.php?rest_route=%2Fwp%2Fv2%2Fcategories&post=3300"},{"taxonomy":"post_tag","embeddable":true,"href":"http:\/\/oxisdoproblema.com.br\/index.php?rest_route=%2Fwp%2Fv2%2Ftags&post=3300"}],"curies":[{"name":"wp","href":"https:\/\/api.w.org\/{rel}","templated":true}]}}