{"id":324,"date":"2011-09-13T13:50:27","date_gmt":"2011-09-13T16:50:27","guid":{"rendered":"http:\/\/oxisdoproblema.com.br\/?p=324"},"modified":"2011-09-13T13:50:27","modified_gmt":"2011-09-13T16:50:27","slug":"inculta-e-bela","status":"publish","type":"post","link":"http:\/\/oxisdoproblema.com.br\/?p=324","title":{"rendered":"Inculta e Bela?"},"content":{"rendered":"<p><a href=\"http:\/\/oxisdoproblema.com.br\/?attachment_id=325\" onclick=\"return TrackClick('http%3A%2F%2Foxisdoproblema.com.br%2F%3Fattachment_id%3D325','Capturar')\" rel=\"attachment wp-att-325\"><img decoding=\"async\" loading=\"lazy\" src=\"http:\/\/oxisdoproblema.com.br\/wp-content\/uploads\/2011\/09\/Capturar1.jpg\" alt=\"\" title=\"Capturar\" width=\"871\" height=\"426\" class=\"aligncenter size-full wp-image-325\" srcset=\"http:\/\/oxisdoproblema.com.br\/wp-content\/uploads\/2011\/09\/Capturar1.jpg 871w, http:\/\/oxisdoproblema.com.br\/wp-content\/uploads\/2011\/09\/Capturar1-300x146.jpg 300w\" sizes=\"(max-width: 871px) 100vw, 871px\" \/><\/a><\/p>\n<p>Zanzando por bancas de jornais, notei a presen\u00e7a de v\u00e1rias revistas focadas no idioma portugu\u00eas. Ao contr\u00e1rio das revistas sobre literatura, que considero terem se refugiado nas publica\u00e7\u00f5es das livrarias, aparentemente as dedicadas ao cultivo do idioma andam florescendo. Depois da triste pol\u00eamica em que muitas pessoas falaram sobre o livro \u201cPor uma Vida Melhor\u201d sem ter lido o texto acusado de \u201censinar portugu\u00eas errado\u201d, fui ver a quantas anda essa quest\u00e3o nas publica\u00e7\u00f5es peri\u00f3dicas.<br \/>\n<!--more--><\/p>\n<p>O vestibular e o ENEM certamente s\u00e3o fatores de impulso para isso. As cole\u00e7\u00f5es de livros sobre as \u201cd\u00favidas\u201d e as regras do bom uso do idioma proliferam, com gram\u00e1ticos e divulgadores das normas deitando sapi\u00eancia, muitas vezes sem o menor sentido cr\u00edtico, aceitando a vers\u00e3o da norma culta como \u201cimex\u00edvel\u201d, como diria aquele cultor do idioma que ocupou o Minist\u00e9rio do Trabalho no \u201ccollorato\u201d. E, al\u00e9m do vestibular e do ENEM, os concursos para cargos p\u00fablicos, a reda\u00e7\u00e3o de curr\u00edculos e apresenta\u00e7\u00f5es para conseguir emprego s\u00e3o tamb\u00e9m o solo a partir do qual floresce o receitu\u00e1rio do bem escrever (muito mais que do bem falar).<br \/>\nEnt\u00e3o comprei exemplares de quatro publica\u00e7\u00f5es para tentar entender o que anda circulando.<\/p>\n<p>A revista \u201cL\u00edngua Portuguesa\u201d faz parte de uma s\u00e9rie chamada \u201cConhecimento Pr\u00e1tico\u201d, publicada pela Editora Escala, com forte presen\u00e7a no mercado de livros did\u00e1ticos e em revistas. S\u00f3 para contestar o que escrevi sobre revistas de literatura, a Escala publica tamb\u00e9m uma \u201cRevista Literatura\u201d, que j\u00e1 est\u00e1 no n\u00famero 37, e faz companhia a revistas sobre Filosofia e Geografia&#8230; A \u201cL\u00edngua Portuguesa\u201d est\u00e1 no n\u00famero 31 e oferece um menu variado, que vai do LIBRA, a l\u00edngua brasileira de sinais para surdo-mudos at\u00e9 \u00e0 discuss\u00e3o do que \u00e9 realmente erro, passando por mat\u00e9rias sobre a hist\u00f3ria do idioma, poesia l\u00edrica, locu\u00e7\u00f5es e express\u00f5es, lusofonia e outras variadas mat\u00e9rias sobre o idioma e seu uso.<\/p>\n<p>Nenhum dos artigos assume forma de receitu\u00e1rio ou dicas. \u00c9 uma revista informativa focada nas peculiaridades e nas formas de uso do idioma. O tom do conte\u00fado me pareceu oscilar um tanto entre o de mat\u00e9rias para uso dos professores de portugu\u00eas e para o estudante do idioma ou leitor geral.  Os autores s\u00e3o professores universit\u00e1rios ou pedagogos com pr\u00e1tica do ensino do idioma em v\u00e1rios n\u00edveis.<\/p>\n<p>A \u201cRevista L\u00edngua\u201d, da Editora Segmento aparece em duas vers\u00f5es. A primeira \u00e9 a publica\u00e7\u00e3o regular, que est\u00e1 no n\u00famero 71 e, a segunda, como um manual de Reda\u00e7\u00e3o, focada especialmente para os que v\u00e3o enfrentar o vestibular, o ENEM ou concursos.<br \/>\nA revista \u00e9 bem estruturada, com mat\u00e9rias pr\u00e1ticas que procuram esclarecer em profundidade algumas quest\u00f5es do uso do idioma \u2013 a deste m\u00eas \u00e9 sobre a crase \u2013, e artigos informativos e de difus\u00e3o cient\u00edfica no terreno da etimologia \u2013 o estudo das origens da palavra \u201cat\u00e9\u201d, bem complexo. Apresenta tamb\u00e9m entrevista com Ana Maria Machado e outras que abordam problemas atuais da educa\u00e7\u00e3o (O fim da letra de m\u00e3o?), as variantes no uso de express\u00f5es jur\u00eddicas na fala cotidiana no Brasil e em Portugal. S\u00edrio Possenti, sempre preciso, escreve um artigo sobre as inseguran\u00e7as dos escritores no uso de algumas constru\u00e7\u00f5es e as transforma\u00e7\u00f5es da norma culta extra\u00eddas de um escritor tido como fastidioso no uso do idioma, como \u00e9 o Rubem Fonseca.<\/p>\n<p>A vers\u00e3o mais pr\u00e1tica da revista, a \u201cReda\u00e7\u00e3o\u201d, \u00e9 totalmente estruturada em torno de dicas: t\u00e9cnicas de disserta\u00e7\u00e3o, erros a evitar, dicas \u201cpara surpreender a banca examinadora\u201d e advert\u00eancias sobre os \u201cpecados do redator\u201d. Publica\u00e7\u00e3o com cara de querer dar aos leitores combust\u00edvel e material para a etapa final de prepara\u00e7\u00e3o desses momentos cruciais dos exames.<br \/>\nA \u00faltima publica\u00e7\u00e3o examinada, \u201cPara Saber e Conhecer Nossa L\u00edngua\u201d, apesar de editada pela Duetto, do grupo Ediouro, tem cara de publica\u00e7\u00e3o institucional da Academia Brasileira de Letras.  O acad\u00eamico e professor Evanildo Bechara assina duas se\u00e7\u00f5es da publica\u00e7\u00e3o, uma de Tira-D\u00favidas e outra de Gram\u00e1tica, que aborda os estrangeirismos. Fotografias da posse do poeta e tradutor Marco Lucchesi e artigos de outros acad\u00eamicos e mat\u00e9rias variadas completam a revista. A prateleira das Dicas fica por conta de Dad Squarisi, professora do CEUB\/Bras\u00edlia e colunista do Correio Braziliense. Ampla mat\u00e9ria sobre a Feira de Livros da FNLIJ, com destaque para Laura Sandroni, casada com o acad\u00eamico C\u00edcero e filha do antigo e mais duradouro presidente da Academia, Austrag\u00e9silo de Athayde, faz pendente com entrevista com Alfredo Sirkis e seu livro sobre os bastidores da campanha presidencial de Marina Silva.<\/p>\n<p>A exist\u00eancia dessas publica\u00e7\u00f5es revela, sem d\u00favida, um aumento do interesse pelo uso do idioma. Note-se: n\u00e3o necessariamente um maior interesse pela literatura, mas sim pelo uso do idioma em variadas situa\u00e7\u00f5es, e em particular nesses ritos de passagem que s\u00e3o o vestibular, o ENEM e os concursos p\u00fablicos. Denotam tamb\u00e9m o aumento da compreens\u00e3o de que o dom\u00ednio do nosso inculto e belo idioma \u00e9 necess\u00e1rio para al\u00e9m dos bancos escolares. A variedade das abordagens permite o desfrute por diferentes camadas e tipos de leitores, embora se evidencie que o p\u00fablico alvo preferido s\u00e3o os professores e os que enfrentam os exames. <\/p>\n<p>Essas publica\u00e7\u00f5es tamb\u00e9m denotam o conhecido fen\u00f4meno da insufici\u00eancia e da precariedade do sistema escolar. Seu p\u00fablico \u2013 sejam professores ou alunos ou os \u201cconcurseiros\u201d em geral \u2013 passou pelas escolas e ali n\u00e3o recebeu uma forma\u00e7\u00e3o s\u00f3lida no uso do idioma. As revistas n\u00e3o focam na atualiza\u00e7\u00e3o dos conhecimentos. Ao contr\u00e1rio, oscilam entre a rememora\u00e7\u00e3o do b\u00e1sico (a crase \u00e9 f\u00e1cil!) e informa\u00e7\u00f5es com um certo grau de erudi\u00e7\u00e3o e perspectiva cr\u00edtica. Mas sua pr\u00f3pria exist\u00eancia revela uma ansiedade positiva para aquisi\u00e7\u00e3o de um maior dom\u00ednio do portugu\u00eas. <\/p>\n<p>Isto \u00e9 bom.<\/p>\n","protected":false},"excerpt":{"rendered":"<p>Zanzando por bancas de jornais, notei a presen\u00e7a de v\u00e1rias revistas focadas no idioma portugu\u00eas. Ao contr\u00e1rio das revistas sobre literatura, que considero terem se refugiado nas publica\u00e7\u00f5es das livrarias, aparentemente as dedicadas ao cultivo do idioma andam florescendo. Depois da triste pol\u00eamica em que muitas pessoas falaram sobre o livro \u201cPor uma Vida Melhor\u201d &hellip; <a href=\"http:\/\/oxisdoproblema.com.br\/?p=324\" onclick=\"return TrackClick('http%3A%2F%2Foxisdoproblema.com.br%2F%3Fp%3D324','Continue+lendo+Inculta+e+Bela%3F+%26rarr%3B')\" class=\"more-link\">Continue lendo <span class=\"screen-reader-text\">Inculta e Bela?<\/span> <span class=\"meta-nav\">&rarr;<\/span><\/a><\/p>\n","protected":false},"author":1,"featured_media":0,"comment_status":"open","ping_status":"open","sticky":false,"template":"","format":"standard","meta":[],"categories":[1],"tags":[90,138,139],"_links":{"self":[{"href":"http:\/\/oxisdoproblema.com.br\/index.php?rest_route=\/wp\/v2\/posts\/324"}],"collection":[{"href":"http:\/\/oxisdoproblema.com.br\/index.php?rest_route=\/wp\/v2\/posts"}],"about":[{"href":"http:\/\/oxisdoproblema.com.br\/index.php?rest_route=\/wp\/v2\/types\/post"}],"author":[{"embeddable":true,"href":"http:\/\/oxisdoproblema.com.br\/index.php?rest_route=\/wp\/v2\/users\/1"}],"replies":[{"embeddable":true,"href":"http:\/\/oxisdoproblema.com.br\/index.php?rest_route=%2Fwp%2Fv2%2Fcomments&post=324"}],"version-history":[{"count":4,"href":"http:\/\/oxisdoproblema.com.br\/index.php?rest_route=\/wp\/v2\/posts\/324\/revisions"}],"predecessor-version":[{"id":329,"href":"http:\/\/oxisdoproblema.com.br\/index.php?rest_route=\/wp\/v2\/posts\/324\/revisions\/329"}],"wp:attachment":[{"href":"http:\/\/oxisdoproblema.com.br\/index.php?rest_route=%2Fwp%2Fv2%2Fmedia&parent=324"}],"wp:term":[{"taxonomy":"category","embeddable":true,"href":"http:\/\/oxisdoproblema.com.br\/index.php?rest_route=%2Fwp%2Fv2%2Fcategories&post=324"},{"taxonomy":"post_tag","embeddable":true,"href":"http:\/\/oxisdoproblema.com.br\/index.php?rest_route=%2Fwp%2Fv2%2Ftags&post=324"}],"curies":[{"name":"wp","href":"https:\/\/api.w.org\/{rel}","templated":true}]}}