{"id":3229,"date":"2019-11-19T18:23:52","date_gmt":"2019-11-19T21:23:52","guid":{"rendered":"http:\/\/oxisdoproblema.com.br\/?p=3229"},"modified":"2019-11-19T18:23:57","modified_gmt":"2019-11-19T21:23:57","slug":"3229","status":"publish","type":"post","link":"http:\/\/oxisdoproblema.com.br\/?p=3229","title":{"rendered":""},"content":{"rendered":"\n<p>BOL\u00cdVIA, COME\u00c7ANDO A ENTENDER AS VIT\u00d3RIAS, OS ERROS E  A DERROTA (PELO MENOS T\u00c1TICA)<\/p>\n\n\n\n<p><a onclick=\"javascript:pageTracker._trackPageview('\/outgoing\/rodrigomontoya.lamula.pe\/2019\/11\/19\/para-tratar-de-entender-el-drama-boliviano-i\/rodrigomontoyar\/');\"  href=\"https:\/\/rodrigomontoya.lamula.pe\/2019\/11\/19\/para-tratar-de-entender-el-drama-boliviano-i\/rodrigomontoyar\/\" onclick=\"return TrackClick('https%3A%2F%2Frodrigomontoya.lamula.pe%2F2019%2F11%2F19%2Fpara-tratar-de-entender-el-drama-boliviano-i%2Frodrigomontoyar%2F','https%3A%2F%2Frodrigomontoya.lamula.pe%2F2019%2F11%2F19%2Fpara-tratar-de-entender-el-drama-boliviano-i%2Frodrigomontoyar%2F')\">https:\/\/rodrigomontoya.lamula.pe\/2019\/11\/19\/para-tratar-de-entender-el-drama-boliviano-i\/rodrigomontoyar\/<\/a><\/p>\n\n\n\n<p>Rodrigo Montoya \u00e9 um dos mais importantes antrop\u00f3logos peruanos.  Mais que isso, \u00e9 um pensados, \u00e0 esquerda, que procura unir a tradi\u00e7\u00f5es ind\u00edgenas andinas e da Amaz\u00f4nia \u00e0 luta pela democracia e pelo socialismo.<\/p>\n\n\n\n<p>Tivemos, eu e a Maria Jos\u00e9 Slveira, a grande oportunidade de estudar Antropologia na Universidad Nacional Mayor de San Marcos &#8211; a mais antiga das Am\u00e9ricas &#8211; entre 1976 e 1979. E mais, a pesquisa que fizemos sob orienta\u00e7\u00e3o do Rodrigo Montoya em Puquio, no Departamento de Andahuaylas, se transformou e um livro publicado pela editora Mosca Azul, em Lima, assinado pelos tr\u00eas.<\/p>\n\n\n\n<p>Desde o momento do golpe boliviano entrei em contato com Rodrigo Montoya para saber da sua interpreta\u00e7\u00e3o dos fatos e as perspectivas que se abriam (ou fechavam), para o povo boliviano.<\/p>\n\n\n\n<p>Logo depois do golpe boliviano publiquei tamb\u00e9m um post no FB, reproduzindo um pequeno trecho do romance &#8220;Com esse \u00d3dio e com Esse Amor&#8221;, da maria Jos\u00e9 Silveira, que transcrevo aqui novamente:<\/p>\n\n\n\n<p> <em>LOS AYMARA<br>No romance \u201cCom esse \u00f3dio e esse amor\u201d, Maria Jos\u00e9 Silveira conta uma hist\u00f3ria dupla. Uma engenheira brasileira viaja para a Col\u00f4mbia para trabalhar na constru\u00e7\u00e3o de uma ponte e acaba prisioneira das FARC. A hist\u00f3ria paralela \u00e9 o roteiro de um filme que conta a rebeli\u00e3o de T\u00fapac Amaru, a grande revolta dos povos andinos contra a domina\u00e7\u00e3o espanhola, ainda no S\u00e9culo XVIII.<br>Na regi\u00e3o que hoje est\u00e1 na Bol\u00edvia, a rebeli\u00e3o \u00e9 liderada por Tupac Catari, que tem uma irm\u00e3,\u00a0Greg\u00f3ria, conhecida como La Carnicera.<br>Um trecho do romance:<br>\u201cNaquele momento \u00fanico em que se d\u00e3o conta que venceram, que os inimigos fugiram ou tombaram, o momento esfuziante em que a euforia da adrenalina d\u00e1 lugar \u00e0 sensa\u00e7\u00e3o e um al\u00edvio extraordin\u00e1rio e ao cansa\u00e7o extenuante da luta vencida contra a morte. Andr\u00e9s, em seu cavalo, passa lento entre os mortos. \u00c9 ent\u00e3o que v\u00ea Greg\u00f3ria caminhando por cima dos corpos estendidos no ch\u00e3o, pisando-os, uma figura como que possessa, chicoteando de um lado para o outro. O ziiip de seu chicote andino fustiga o ar e os corpos tombados entre a lama, os restos, o sangue.<br>Andr\u00e9s pula de seu cavalo e segura seu pulso no alto:<br>&#8211; Basta! Eles est\u00e3o mortos.<br>Greg\u00f3ria se vira para avan\u00e7ar sobre quem teve a ousadia de deter sua m\u00e3o. Ao ver quem \u00e9, vacila. A for\u00e7a de Andr\u00e9s controle seu pulso; com um arranco, ela o solta e se afasta.<br>&#8211; Agora entendo por que os espanh\u00f3is te chamam de Carniceira \u2013 ele diz.<br>Ela vira para ele os olhos incendiados, para e cospe no corpo morto do realista a seu lado.\u201d<br>S\u00e3o os Aymara. Para voc\u00eas sentirem como pode ser a rea\u00e7\u00e3o dos que descem do El Alto para La Paz, onde a usurpadora disse que eles n\u00e3o cabem.<\/em><\/p>\n\n\n\n<p>Espero que lhes seja \u00fatil como informa\u00e7\u00e3o e reflex\u00e3o sobre os acontecimentos na Bol\u00edvia.<\/p>\n","protected":false},"excerpt":{"rendered":"<p>BOL\u00cdVIA, COME\u00c7ANDO A ENTENDER AS VIT\u00d3RIAS, OS ERROS E A DERROTA (PELO MENOS T\u00c1TICA) https:\/\/rodrigomontoya.lamula.pe\/2019\/11\/19\/para-tratar-de-entender-el-drama-boliviano-i\/rodrigomontoyar\/ Rodrigo Montoya \u00e9 um dos mais importantes antrop\u00f3logos peruanos. Mais que isso, \u00e9 um pensados, \u00e0 esquerda, que procura unir a tradi\u00e7\u00f5es ind\u00edgenas andinas e da Amaz\u00f4nia \u00e0 luta pela democracia e pelo socialismo. Tivemos, eu e a Maria Jos\u00e9 &hellip; <a href=\"http:\/\/oxisdoproblema.com.br\/?p=3229\" onclick=\"return TrackClick('http%3A%2F%2Foxisdoproblema.com.br%2F%3Fp%3D3229','Continue+lendo++%26rarr%3B')\" class=\"more-link\">Continue lendo <span class=\"screen-reader-text\"><\/span> <span class=\"meta-nav\">&rarr;<\/span><\/a><\/p>\n","protected":false},"author":1,"featured_media":3231,"comment_status":"open","ping_status":"open","sticky":false,"template":"","format":"standard","meta":[],"categories":[1],"tags":[829,830,123,831],"_links":{"self":[{"href":"http:\/\/oxisdoproblema.com.br\/index.php?rest_route=\/wp\/v2\/posts\/3229"}],"collection":[{"href":"http:\/\/oxisdoproblema.com.br\/index.php?rest_route=\/wp\/v2\/posts"}],"about":[{"href":"http:\/\/oxisdoproblema.com.br\/index.php?rest_route=\/wp\/v2\/types\/post"}],"author":[{"embeddable":true,"href":"http:\/\/oxisdoproblema.com.br\/index.php?rest_route=\/wp\/v2\/users\/1"}],"replies":[{"embeddable":true,"href":"http:\/\/oxisdoproblema.com.br\/index.php?rest_route=%2Fwp%2Fv2%2Fcomments&post=3229"}],"version-history":[{"count":2,"href":"http:\/\/oxisdoproblema.com.br\/index.php?rest_route=\/wp\/v2\/posts\/3229\/revisions"}],"predecessor-version":[{"id":3232,"href":"http:\/\/oxisdoproblema.com.br\/index.php?rest_route=\/wp\/v2\/posts\/3229\/revisions\/3232"}],"wp:featuredmedia":[{"embeddable":true,"href":"http:\/\/oxisdoproblema.com.br\/index.php?rest_route=\/wp\/v2\/media\/3231"}],"wp:attachment":[{"href":"http:\/\/oxisdoproblema.com.br\/index.php?rest_route=%2Fwp%2Fv2%2Fmedia&parent=3229"}],"wp:term":[{"taxonomy":"category","embeddable":true,"href":"http:\/\/oxisdoproblema.com.br\/index.php?rest_route=%2Fwp%2Fv2%2Fcategories&post=3229"},{"taxonomy":"post_tag","embeddable":true,"href":"http:\/\/oxisdoproblema.com.br\/index.php?rest_route=%2Fwp%2Fv2%2Ftags&post=3229"}],"curies":[{"name":"wp","href":"https:\/\/api.w.org\/{rel}","templated":true}]}}