{"id":3197,"date":"2019-07-22T10:04:45","date_gmt":"2019-07-22T13:04:45","guid":{"rendered":"http:\/\/oxisdoproblema.com.br\/?p=3197"},"modified":"2019-07-22T10:04:50","modified_gmt":"2019-07-22T13:04:50","slug":"a-colunista-o-sociologo-e-o-casal-de-livreiros","status":"publish","type":"post","link":"http:\/\/oxisdoproblema.com.br\/?p=3197","title":{"rendered":"A COLUNISTA, O SOCI\u00d3LOGO E O CASAL DE LIVREIROS"},"content":{"rendered":"\n<figure class=\"wp-block-image\"><img decoding=\"async\" loading=\"lazy\" width=\"599\" height=\"315\" src=\"http:\/\/oxisdoproblema.com.br\/wp-content\/uploads\/2019\/07\/gregas.jpg\" alt=\"\" class=\"wp-image-3198\" srcset=\"http:\/\/oxisdoproblema.com.br\/wp-content\/uploads\/2019\/07\/gregas.jpg 599w, http:\/\/oxisdoproblema.com.br\/wp-content\/uploads\/2019\/07\/gregas-300x158.jpg 300w\" sizes=\"(max-width: 599px) 100vw, 599px\" \/><figcaption> Luciano Gon\u00e7alves e Mari\u00e2ngela Ribeiro, donos de sebo Gregas e Troianas <\/figcaption><\/figure>\n\n\n\n<p>Na \u00faltima semana, o abaixo-assinado que conseguiu impedir a\nida de M\u00edriam Leit\u00e3o e S\u00e9rgio Abranches a uma feira de livros, uma das mais\nrecentes entre as atitudes chocantes e antidemocr\u00e1ticas dos partid\u00e1rios do\nindiv\u00edduo que ocupa a Presid\u00eancia da Rep\u00fablica, chamou aten\u00e7\u00e3o da m\u00eddia e de\nquem se importa com o livro e a leitura. Os curadores do evento explicaram\ndetalhadamente como um sujeito que mora na cidade conseguiu assinaturas de mais\nde tr\u00eas mil pessoas \u201crepudiando\u201d a presen\u00e7a do casal de autores.<\/p>\n\n\n\n<p>O acontecido teve sua repercuss\u00e3o amplificada por serem os\ndois autores quem s\u00e3o: a colunista do principal ve\u00edculo porta-voz da\norquestra\u00e7\u00e3o do golpe de 2016 e seu marido, soci\u00f3logo, conhecido no \u00e2mbito\nacad\u00eamico, e que, nesse epis\u00f3dio, foi rejeitado explicitamente por ser casado\ncom quem \u00e9.<\/p>\n\n\n\n<p>Miriam Leit\u00e3o nem iria participar de eventos por conta de\nsuas colet\u00e2neas de artigos econ\u00f4micos, e sim por seus livros infantis. S\u00e9rgio\nAbranches, pelo livro que revisa o conceito de \u201cpresidencialismo de\ncoaliza\u00e7\u00e3o\u201d, aventado h\u00e1 v\u00e1rios anos.<\/p>\n\n\n\n<p>Independentemente da qualidade dos livros (n\u00e3o os li),\ncertamente pesou no convite a repercuss\u00e3o \u2013 que se esperava positiva \u2013 da presen\u00e7a\nda colunista d\u2019O Globo. Deu o contr\u00e1rio.<\/p>\n\n\n\n<p>A tentativa de perturbar o evento com a presen\u00e7a do\njornalista Glen Greenwald, em programa\u00e7\u00e3o paralela \u00e0 Flip, em Parati, foi outro\nexemplo dessa intoler\u00e2ncia. Felizmente, apesar da perturba\u00e7\u00e3o, n\u00e3o conseguiram impedir\na mesa e o debate.<\/p>\n\n\n\n<p>A indigna\u00e7\u00e3o \u00e9 justa. Qualquer tentativa de sufocar o\ndebate, proibir livros e autores precisa ser veemente combatida. <\/p>\n\n\n\n<p>Qualquer tentativa?<\/p>\n\n\n\n<p>Infelizmente n\u00e3o tem sido assim.<\/p>\n\n\n\n<p>H\u00e1 pouco mais de um m\u00eas um casal de livreiros, vendedores de livros usados em Rezende, no Rio de Janeiro, sofreu uma brutal investida judici\u00e1ria (como est\u00e1 na moda), do autonomeado bispo Edir Macedo. Luciano Gon\u00e7alves e Mariana Ribeiro, donos do sebo Gregos e Troianos est\u00e3o sendo processados pelo autor-bispo, que pede vultosa indeniza\u00e7\u00e3o \u2013 pequena para a riqueza do dono da Record e pastor da Universal, mas potencialmente desastrosa para os livreiros.<\/p>\n\n\n\n<p>A base do processo?<\/p>\n\n\n\n<p>Os donos do sebo haviam colocado um banner na vitrina da loja, convidando racistas, machistas e homof\u00f3bicos a entrar, pois ali havia uma casa que prezava a cultura e a intelig\u00eancia. Era, portanto, um espa\u00e7o disposto a oferecer ajuda a quem estivesse disposto a se livrar dos preconceitos. O texto do banner tamb\u00e9m expandia o convite a &#8220;pessoas que n\u00e3o consideram a obra de Jair Bolsonaro, Silas Malafaia e Edir Macedo uma vergonha para a humanidade&#8221;, como diz o abaixo-assinado que circula em apoio ao casal.<\/p>\n\n\n\n<figure class=\"wp-block-image\"><img decoding=\"async\" loading=\"lazy\" width=\"551\" height=\"734\" src=\"http:\/\/oxisdoproblema.com.br\/wp-content\/uploads\/2019\/07\/gregas-2.jpg\" alt=\"\" class=\"wp-image-3200\" srcset=\"http:\/\/oxisdoproblema.com.br\/wp-content\/uploads\/2019\/07\/gregas-2.jpg 551w, http:\/\/oxisdoproblema.com.br\/wp-content\/uploads\/2019\/07\/gregas-2-225x300.jpg 225w\" sizes=\"(max-width: 551px) 100vw, 551px\" \/><figcaption>O poster que provocou a ira do bispo&#8230;<\/figcaption><\/figure>\n\n\n\n<p>Edir Macedo sabe muito bem da import\u00e2ncia dos livros, e se\ndeu ao trabalho de escrever v\u00e1rios, inclusive extensa autobiografia em tr\u00eas\nvolumes, cada um dos quais entrou nas listas dos mais vendidos no ano do\nlan\u00e7amento. Edir Macedo tamb\u00e9m personagem muito ass\u00edduo nas cr\u00f4nicas judiciais\ndo pa\u00eds, como autor e como r\u00e9u. Os processos em que Edir Macedo se envolve s\u00e3o\nvariados: v\u00e3o de inj\u00faria a charlatanismo e lavagem de dinheiro. Seus seguidores\ncostumam replicar os processos em v\u00e1rios estados, obrigando quem se defende a\ndespender vultosos recursos com advogados e a presen\u00e7a nos variados processos.<\/p>\n\n\n\n<p>O que importa aqui \u00e9 que esse processo em espec\u00edfico representa um atentado \u00e0 liberdade de express\u00e3o t\u00e3o grave quanto o veto a M\u00edriam Leit\u00e3o e S\u00e9rgio Abranches, ou as amea\u00e7as a Glen Greenwald.<\/p>\n\n\n\n<p>Mas, ao contr\u00e1rio dos dois famosos, os livreiros sofrem com\na oculta\u00e7\u00e3o do calv\u00e1rio judicial que amea\u00e7a seu ganha p\u00e3o e, sobretudo, amea\u00e7a\numa livraria.<\/p>\n\n\n\n<p>Mesmo nas lutas contra a\u00e7\u00f5es atrabili\u00e1rias, o caso dos\nsebistas Luciano Gon\u00e7alves e Mariana Ribeiro mostra a terr\u00edvel desigualdade que\nse esconde por tr\u00e1s de alguns combates pela democracia e pela liberdade de\nexpress\u00e3o.<\/p>\n\n\n\n<p>O manifesto em defesa dos dois livreiros, encabe\u00e7ado por Haroldo Ceravolo, Aldo Bocchini Neto, Daniel Louzada e outros (eu assinei logo no come\u00e7o), est\u00e1 com 1.574 assinaturas. \u00c9 pouco. Vamos mostrar que n\u00e3o apenas os autores famosos contam com a solidariedade do mundo do livro. Assine tamb\u00e9m <a onclick=\"javascript:pageTracker._trackPageview('\/outgoing\/avaaz.org\/po\/community_petitions\/Livreiros_MANIFESTO_EM_DEFESA_DO_SEBO_GREGAS_E_TROIANAS\/share\/?new&amp;jKJhGob&amp;fbclid=IwAR0Kq5RSO4eKFutmC7OUT6Gdqi948I52p-W-79DyhptVqdGJmcjCOxKQu8Y');\"  href=\"https:\/\/avaaz.org\/po\/community_petitions\/Livreiros_MANIFESTO_EM_DEFESA_DO_SEBO_GREGAS_E_TROIANAS\/share\/?new&amp;jKJhGob&amp;fbclid=IwAR0Kq5RSO4eKFutmC7OUT6Gdqi948I52p-W-79DyhptVqdGJmcjCOxKQu8Y\" onclick=\"return TrackClick('https%3A%2F%2Favaaz.org%2Fpo%2Fcommunity_petitions%2FLivreiros_MANIFESTO_EM_DEFESA_DO_SEBO_GREGAS_E_TROIANAS%2Fshare%2F%3Fnew%26amp%3BjKJhGob%26amp%3Bfbclid%3DIwAR0Kq5RSO4eKFutmC7OUT6Gdqi948I52p-W-79DyhptVqdGJmcjCOxKQu8Y','aqui')\" target=\"_blank\" rel=\"noreferrer noopener\" aria-label=\" (abre numa nova aba)\">aqui<\/a>.  <\/p>\n","protected":false},"excerpt":{"rendered":"<p>Na \u00faltima semana, o abaixo-assinado que conseguiu impedir a ida de M\u00edriam Leit\u00e3o e S\u00e9rgio Abranches a uma feira de livros, uma das mais recentes entre as atitudes chocantes e antidemocr\u00e1ticas dos partid\u00e1rios do indiv\u00edduo que ocupa a Presid\u00eancia da Rep\u00fablica, chamou aten\u00e7\u00e3o da m\u00eddia e de quem se importa com o livro e a &hellip; <a href=\"http:\/\/oxisdoproblema.com.br\/?p=3197\" onclick=\"return TrackClick('http%3A%2F%2Foxisdoproblema.com.br%2F%3Fp%3D3197','Continue+lendo+A+COLUNISTA%2C+O+SOCI%C3%93LOGO+E+O+CASAL+DE+LIVREIROS+%26rarr%3B')\" class=\"more-link\">Continue lendo <span class=\"screen-reader-text\">A COLUNISTA, O SOCI\u00d3LOGO E O CASAL DE LIVREIROS<\/span> <span class=\"meta-nav\">&rarr;<\/span><\/a><\/p>\n","protected":false},"author":1,"featured_media":0,"comment_status":"open","ping_status":"open","sticky":false,"template":"","format":"standard","meta":[],"categories":[1],"tags":[],"_links":{"self":[{"href":"http:\/\/oxisdoproblema.com.br\/index.php?rest_route=\/wp\/v2\/posts\/3197"}],"collection":[{"href":"http:\/\/oxisdoproblema.com.br\/index.php?rest_route=\/wp\/v2\/posts"}],"about":[{"href":"http:\/\/oxisdoproblema.com.br\/index.php?rest_route=\/wp\/v2\/types\/post"}],"author":[{"embeddable":true,"href":"http:\/\/oxisdoproblema.com.br\/index.php?rest_route=\/wp\/v2\/users\/1"}],"replies":[{"embeddable":true,"href":"http:\/\/oxisdoproblema.com.br\/index.php?rest_route=%2Fwp%2Fv2%2Fcomments&post=3197"}],"version-history":[{"count":3,"href":"http:\/\/oxisdoproblema.com.br\/index.php?rest_route=\/wp\/v2\/posts\/3197\/revisions"}],"predecessor-version":[{"id":3202,"href":"http:\/\/oxisdoproblema.com.br\/index.php?rest_route=\/wp\/v2\/posts\/3197\/revisions\/3202"}],"wp:attachment":[{"href":"http:\/\/oxisdoproblema.com.br\/index.php?rest_route=%2Fwp%2Fv2%2Fmedia&parent=3197"}],"wp:term":[{"taxonomy":"category","embeddable":true,"href":"http:\/\/oxisdoproblema.com.br\/index.php?rest_route=%2Fwp%2Fv2%2Fcategories&post=3197"},{"taxonomy":"post_tag","embeddable":true,"href":"http:\/\/oxisdoproblema.com.br\/index.php?rest_route=%2Fwp%2Fv2%2Ftags&post=3197"}],"curies":[{"name":"wp","href":"https:\/\/api.w.org\/{rel}","templated":true}]}}