{"id":3143,"date":"2018-10-26T16:43:18","date_gmt":"2018-10-26T19:43:18","guid":{"rendered":"http:\/\/oxisdoproblema.com.br\/?p=3143"},"modified":"2018-10-26T16:43:18","modified_gmt":"2018-10-26T19:43:18","slug":"suicidio-de-editores","status":"publish","type":"post","link":"http:\/\/oxisdoproblema.com.br\/?p=3143","title":{"rendered":"SUIC\u00cdDIO DE EDITORES?"},"content":{"rendered":"<p>A velha piada de que os editores se suicidam pulando do alto das pontas de estoque, tamb\u00e9m conhecido como \u201cestoque regulador\u201d, como gozava o ent\u00e3o presidente da CBL, Altair Brasil, ficou ultrapassada.<\/p>\n<p>Ficou substitu\u00edda pelo salto pr\u00f3-censura que alguns est\u00e3o se preparando para dar, votando no candidato que defende a censura, o expurgo da variedade de alternativas nos livros escolares e o amorda\u00e7amento dos professores.<\/p>\n<p>A diversidade das op\u00e7\u00f5es pol\u00edticas e ideol\u00f3gicas do mercado editorial \u00e9 um fato. Mais que isso, \u00e9 uma necessidade. Triste do pa\u00eds, dos leitores, dos estudantes e de todos ligados ao mundo dos livros se houvesse alguma esp\u00e9cie de pensamento \u00fanico nas nossas publica\u00e7\u00f5es. Seja l\u00e1 de que lado fosse no espectro das op\u00e7\u00f5es pol\u00edticas.<\/p>\n<p>E, s\u00f3 para lembrar, a censura afeta um dos \u00f3rg\u00e3os mais sens\u00edveis do corpo humano, particularmente dos editores e livreiros: o bolso.<\/p>\n<p>Acho que ningu\u00e9m \u00e9 insano a ponto de pensar que as centenas de professores, de todas as \u00e1reas do saber humano, que avaliam os livros adotados pelas escolas \u2013 escolhidos, em \u00faltima inst\u00e2ncia, pelos professores \u2013 aceitar\u00e1 trabalhar fora dos par\u00e2metros estabelecidos pela Constitui\u00e7\u00e3o Federal de liberdade de express\u00e3o e de ensino. Padr\u00f5es que devem respeitar dois crit\u00e9rios b\u00e1sicos: n\u00e3o conter mentiras e deturpa\u00e7\u00f5es e, explicitamente, n\u00e3o aceitar formula\u00e7\u00f5es que impliquem em racismo, discrimina\u00e7\u00e3o por cor, idade e op\u00e7\u00e3o sexual.<\/p>\n<p>Ora, mudar esses crit\u00e9rios seria extremamente complicado. Mas \u00e9 fact\u00edvel, sem d\u00favida. Jo\u00e3o Batista de Oliveira, que foi o primeiro secret\u00e1rio executivo do Paulo Renato \u201cexperimentou\u201d um programa de livro \u00fanico, aproveitando recursos do Banco Mundial para um \u201crefor\u00e7o\u201d na educa\u00e7\u00e3o do Nordeste, e publicou edital pedindo propostas de livro \u00fanico.<\/p>\n<p>Se os livros apresentados fossem aprovados pela comiss\u00e3o, o que valia era o pre\u00e7o. Ganhou o projeto apresentado por uma grande editora (hoje em recupera\u00e7\u00e3o judicial), que recortou seus livros e montou um pastiche que apresentou como \u201clivro \u00fanico\u201d que passou raspando pela avalia\u00e7\u00e3o. Mas era o de menor pre\u00e7o. E l\u00e1 foi um livro vagabundo adquirido precisamente para as escolas com os alunos mais carentes. O resultado foi t\u00e3o ruim que no ano seguinte voltou-se ao formato original. \u00c9 o tipo de comportamento de quem espera fazer mais pastiches para vender ao MEC. Atualmente Jo\u00e3o Batista de Oliveira est\u00e1 no Instituto Millenium.<\/p>\n<p>Uma iniciativa destas \u00e9 mais dif\u00edcil, pois existem mecanismos legais refor\u00e7ando a qualidade e a diversidade dos livros adquiridos pelo PNLD, como os Par\u00e2metros Curriculares e a pr\u00f3pria LDB, al\u00e9m do PNE \u2013 Plano Nacional de Educa\u00e7\u00e3o. Sem falar na Constitui\u00e7\u00e3o Federal.<\/p>\n<p>De qualquer modo, mudan\u00e7as provocadas pela ideologia da \u201cescola sem partido\u201d \u2013 ou do pensamento \u00fanico \u2013 exigir\u00e3o das editoras vultosos investimentos para a substitui\u00e7\u00e3o dos livros existentes, revisados anualmente e sempre avaliados por professores recrutados em v\u00e1rias universidades, e independentes do MEC.<\/p>\n<p>Como isso \u00e9 extremamente dif\u00edcil, a probabilidade \u00e9 a reinstitui\u00e7\u00e3o das \u201cComiss\u00f5es\u201d, que existiram at\u00e9 1985, eliminadas pelo ent\u00e3o Ministro da Educa\u00e7\u00e3o Marco Maciel. Como se sabe, essas \u201ccomiss\u00f5es\u201d foram, por d\u00e9cadas, um dos maiores focos de corrup\u00e7\u00e3o na aquisi\u00e7\u00e3o dos livros pelo MEC, favorecendo inclusive editoras fajutas que s\u00f3 existiam para produzir esses livros que nenhum professor conseguia usar.<\/p>\n<p>Quem esqueceu dos esfor\u00e7os continuados para avalia\u00e7\u00e3o e melhoria dos livros usados nas escolas \u2013 que come\u00e7ou, ali\u00e1s, ainda na administra\u00e7\u00e3o Murilio Hingel, no governo Itamar Franco \u2013 e foi progressivamente aperfei\u00e7oada por todas as administra\u00e7\u00f5es seguintes, pode vir se defrontar com a volta do arb\u00edtrio, politicagem e favorecimentos anteriores a esse processo.<\/p>\n<p>Isso certamente prejudicar\u00e1 as editoras s\u00e9rias, que ver\u00e3o seus investimentos e seus esfor\u00e7os jogados na lixeira. Talvez com o ressurgimento de produtoras \u2013 n\u00e3o se pode nem chamar de editoras \u2013 picaretas que fa\u00e7am pastiches para atender \u00e0 moda autorit\u00e1ria eventualmente implantada pelo MEC.<\/p>\n<p>Na \u00e1rea da literatura para crian\u00e7as e jovens, pode-se imaginar a f\u00faria cens\u00f3ria sobre livros de alt\u00edssima qualidade que tornam hoje as obras dos autores brasileiros reconhecidas mundialmente por sua qualidade. Se j\u00e1 temos exemplos de livros censurados na pr\u00e1tica por ignorantes e preconceituosos, que acusam at\u00e9 a Ana Maria Machado de n\u00e3o sei o qu\u00ea, o que poderemos esperar?<\/p>\n<p>As editoras de obras gerais tamb\u00e9m sofrer\u00e3o, pois, mesmo que n\u00e3o seja reinstitu\u00edda a censura oficial de livros, a f\u00faria retr\u00f3grada certamente intimidar\u00e1 autores e editores. Os exemplos da ditadura civil-militar instaurada em 1964 est\u00e3o ainda presentes. Obras como a do Deon\u00edsio da Silva sobre as tristes fa\u00e7anhas da censura esperar\u00e3o quantos anos para ser revistas?<\/p>\n<p>Um dos grandes problemas das pol\u00edticas p\u00fablicas \u2013 em todas as \u00e1reas, n\u00e3o somente na educa\u00e7\u00e3o \u2013 \u00e9 a falta de continuidade, avalia\u00e7\u00e3o e aperfei\u00e7oamento. Desde o come\u00e7o da d\u00e9cada de 90 do s\u00e9culo passado esse processo de avalia\u00e7\u00e3o e aperfei\u00e7oamento felizmente vem acontecendo com a educa\u00e7\u00e3o em nosso pa\u00eds. E corre o risco de ser jogado fora se o autoritarismo vencer.<\/p>\n<p>Pol\u00edticas p\u00fablicas que tiveram continuidade e aperfei\u00e7oamento em administra\u00e7\u00f5es de v\u00e1rios partidos, desde o governo Itamar Franco, ser\u00e3o desprezadas em favor de uma ideia retr\u00f3grada do que seja a educa\u00e7\u00e3o e o papel dos professores e dos livros escolares.<\/p>\n<p>Isso \u00e9, efetivamente, a abertura de uma nova forma de suic\u00eddio para os editores: o esmagamento da concorr\u00eancia pela melhor qualidade dos livros entregues aos jovens em favor de coisas (n\u00e3o se pode seriamente dizer que s\u00e3o livros escolares) fabricadas por oportunistas, que desrespeitam a liberdade de express\u00e3o, o confronto de ideias e a forma\u00e7\u00e3o dos alunos como seres pensantes e n\u00e3o como rob\u00f4s de pensamento \u00fanico.<\/p>\n<p>No entanto existem editores que apoiam isso, a pretexto de detestarem o PT.<\/p>\n<p>Quem me conhece sabe que sempre votei no PT, ainda que tamb\u00e9m manifestasse com frequ\u00eancia minhas cr\u00edticas a coisas que aconteciam. Mas tamb\u00e9m sabe que, enquanto profissional e quando trabalhava na CBL sempre estive muito confort\u00e1vel defendendo a posi\u00e7\u00e3o dos editores e livreiros junto ao MEC, MinC e outras institui\u00e7\u00f5es estaduais, federais e municipais seja l\u00e1 de que partido fosse o governo.<\/p>\n<p>E fazia isso por uma raz\u00e3o muito simples: nunca, durante o per\u00edodo em que l\u00e1 trabalhei ou militei como associado, a CBL defendeu medidas autorit\u00e1rias ou antidemocr\u00e1ticas. Ainda que nenhum dos presidentes junto aos quais colaborei fosse petista e nem mesmo simp\u00e1tico ao PT.<\/p>\n<p>Agora, com imensa tristeza, vejo editores defendendo o candidato que diz que vai fazer precisamente o contr\u00e1rio do que interessa aos editores corretos, e jogar fora anos e batalha pela democratiza\u00e7\u00e3o e amplia\u00e7\u00e3o do acesso ao livro e \u00e0 leitura por toda a popula\u00e7\u00e3o.<\/p>\n<p>Uma puls\u00e3o de morte como essa, sinceramente, nunca vi. Mais al\u00e9m de ser uma nova forma de suic\u00eddio, torna esses editores e livreiros c\u00famplices da intoler\u00e2ncia e do desrespeito aos demais.<\/p>\n<p>\u00c9 triste e lament\u00e1vel.<\/p>\n","protected":false},"excerpt":{"rendered":"<p>A velha piada de que os editores se suicidam pulando do alto das pontas de estoque, tamb\u00e9m conhecido como \u201cestoque regulador\u201d, como gozava o ent\u00e3o presidente da CBL, Altair Brasil, ficou ultrapassada. Ficou substitu\u00edda pelo salto pr\u00f3-censura que alguns est\u00e3o se preparando para dar, votando no candidato que defende a censura, o expurgo da variedade &hellip; <a href=\"http:\/\/oxisdoproblema.com.br\/?p=3143\" onclick=\"return TrackClick('http%3A%2F%2Foxisdoproblema.com.br%2F%3Fp%3D3143','Continue+lendo+SUIC%C3%8DDIO+DE+EDITORES%3F+%26rarr%3B')\" class=\"more-link\">Continue lendo <span class=\"screen-reader-text\">SUIC\u00cdDIO DE EDITORES?<\/span> <span class=\"meta-nav\">&rarr;<\/span><\/a><\/p>\n","protected":false},"author":1,"featured_media":0,"comment_status":"open","ping_status":"open","sticky":false,"template":"","format":"standard","meta":[],"categories":[3],"tags":[112,800,801],"_links":{"self":[{"href":"http:\/\/oxisdoproblema.com.br\/index.php?rest_route=\/wp\/v2\/posts\/3143"}],"collection":[{"href":"http:\/\/oxisdoproblema.com.br\/index.php?rest_route=\/wp\/v2\/posts"}],"about":[{"href":"http:\/\/oxisdoproblema.com.br\/index.php?rest_route=\/wp\/v2\/types\/post"}],"author":[{"embeddable":true,"href":"http:\/\/oxisdoproblema.com.br\/index.php?rest_route=\/wp\/v2\/users\/1"}],"replies":[{"embeddable":true,"href":"http:\/\/oxisdoproblema.com.br\/index.php?rest_route=%2Fwp%2Fv2%2Fcomments&post=3143"}],"version-history":[{"count":1,"href":"http:\/\/oxisdoproblema.com.br\/index.php?rest_route=\/wp\/v2\/posts\/3143\/revisions"}],"predecessor-version":[{"id":3144,"href":"http:\/\/oxisdoproblema.com.br\/index.php?rest_route=\/wp\/v2\/posts\/3143\/revisions\/3144"}],"wp:attachment":[{"href":"http:\/\/oxisdoproblema.com.br\/index.php?rest_route=%2Fwp%2Fv2%2Fmedia&parent=3143"}],"wp:term":[{"taxonomy":"category","embeddable":true,"href":"http:\/\/oxisdoproblema.com.br\/index.php?rest_route=%2Fwp%2Fv2%2Fcategories&post=3143"},{"taxonomy":"post_tag","embeddable":true,"href":"http:\/\/oxisdoproblema.com.br\/index.php?rest_route=%2Fwp%2Fv2%2Ftags&post=3143"}],"curies":[{"name":"wp","href":"https:\/\/api.w.org\/{rel}","templated":true}]}}