{"id":3058,"date":"2017-09-14T09:46:27","date_gmt":"2017-09-14T12:46:27","guid":{"rendered":"http:\/\/oxisdoproblema.com.br\/?p=3058"},"modified":"2017-09-14T09:46:27","modified_gmt":"2017-09-14T12:46:27","slug":"e-fui-para-o-flicristina","status":"publish","type":"post","link":"http:\/\/oxisdoproblema.com.br\/?p=3058","title":{"rendered":"E FUI PARA O FLICRISTINA"},"content":{"rendered":"<p><img decoding=\"async\" loading=\"lazy\" class=\"aligncenter size-full wp-image-3059\" src=\"http:\/\/oxisdoproblema.com.br\/wp-content\/uploads\/2017\/09\/flicristina.png\" alt=\"\" width=\"520\" height=\"370\" srcset=\"http:\/\/oxisdoproblema.com.br\/wp-content\/uploads\/2017\/09\/flicristina.png 520w, http:\/\/oxisdoproblema.com.br\/wp-content\/uploads\/2017\/09\/flicristina-300x213.png 300w\" sizes=\"(max-width: 520px) 100vw, 520px\" \/><\/p>\n<p>Como anunciei semana passada, fui participar do II FLICRISTINA, o Festival Liter\u00e1rio da pequena cidade do Sul de Minas, a convite dos irm\u00e3os Ninil e Ray Gon\u00e7alves, seus animadores e organizadores.<\/p>\n<p>Cristina \u00e9 uma dessas pequenas cidades do sul de Minas, produtora de caf\u00e9s de qualidade e leite, com pouco mais de 10.000 habitantes (metade na zona urbana e metade nas zonas rurais). Est\u00e1 perto de Itajub\u00e1, Santa Rita do Sapuca\u00ed e Piranguinho, conhecida pelos doces. \u00c9 alcan\u00e7ada pela Fern\u00e3o Dias e depois por estradas menores. No caminho, desde grandes distritos industriais em Pouso Alegre e Santa Rita do Sapuca\u00ed, passando pelas fazendas que alternam rebanhos de gado nelore e fazendas de caf\u00e9. Buc\u00f3licas como s\u00f3i acontecer pela regi\u00e3o, com est\u00e1tuas de S. Sebasti\u00e3o ao lado do sinal da loja ma\u00e7\u00f4nica na entrada de Pedralva, e localidades com nomes que s\u00f3 se v\u00ea&#8230; em Minas Gerais, como esse Bairro Desprop\u00f3sito.<\/p>\n<figure id=\"attachment_3060\" aria-describedby=\"caption-attachment-3060\" style=\"width: 181px\" class=\"wp-caption alignleft\"><img decoding=\"async\" loading=\"lazy\" class=\"wp-image-3060 \" src=\"http:\/\/oxisdoproblema.com.br\/wp-content\/uploads\/2017\/09\/pedralva-223x300.jpg\" alt=\"\" width=\"181\" height=\"243\" srcset=\"http:\/\/oxisdoproblema.com.br\/wp-content\/uploads\/2017\/09\/pedralva-223x300.jpg 223w, http:\/\/oxisdoproblema.com.br\/wp-content\/uploads\/2017\/09\/pedralva.jpg 714w\" sizes=\"(max-width: 181px) 100vw, 181px\" \/><figcaption id=\"caption-attachment-3060\" class=\"wp-caption-text\">S\u00e3o Sebasti\u00e3o ao lado do s\u00edmbolo ma\u00e7\u00f4nico em Pedralva, a caminho de Cristina.<\/figcaption><\/figure>\n<figure id=\"attachment_3061\" aria-describedby=\"caption-attachment-3061\" style=\"width: 236px\" class=\"wp-caption alignleft\"><img decoding=\"async\" loading=\"lazy\" class=\" wp-image-3061\" src=\"http:\/\/oxisdoproblema.com.br\/wp-content\/uploads\/2017\/09\/desprop\u00f3sito-300x223.jpg\" alt=\"\" width=\"236\" height=\"176\" srcset=\"http:\/\/oxisdoproblema.com.br\/wp-content\/uploads\/2017\/09\/desprop\u00f3sito-300x223.jpg 300w, http:\/\/oxisdoproblema.com.br\/wp-content\/uploads\/2017\/09\/desprop\u00f3sito-768x572.jpg 768w, http:\/\/oxisdoproblema.com.br\/wp-content\/uploads\/2017\/09\/desprop\u00f3sito-1024x762.jpg 1024w, http:\/\/oxisdoproblema.com.br\/wp-content\/uploads\/2017\/09\/desprop\u00f3sito.jpg 1440w\" sizes=\"(max-width: 236px) 100vw, 236px\" \/><figcaption id=\"caption-attachment-3061\" class=\"wp-caption-text\">desprop\u00f3sito, bairro rural de Cristina.<\/figcaption><\/figure>\n<p>A FLICRISTINA, em sua segunda edi\u00e7\u00e3o, estava organizad\u00edssima. Na pra\u00e7a central da cidade, uma tenda abrigando o espa\u00e7o para as mesas e palestras (tamb\u00e9m foi usado o plen\u00e1rio da C\u00e2mara Municipal e um dos col\u00e9gios p\u00fablicos da rede municipal para oficinas), um palco para os espet\u00e1culos musicais, \u00e1rea de alimenta\u00e7\u00e3o (destaque para um foodtruck de alunos da Engenharia de Itajub\u00e1, bem estocada de cervejas e outros l\u00edquidos cal\u00f3ricos e inebriantes, e tamb\u00e9m para a barraca da APAE local, com \u00f3timo caf\u00e9 coado e um livrinho de receitas j\u00f3ia). Mais adiante, outra tenda abrigava a FLICRISTININHA, com atividades para crian\u00e7as durante todos os dias. Os professores e professoras da rede foram convocados e levaram os alunos para atividades mesmo no feriado e na sexta-feira \u201cenforcada\u201d. Havia tamb\u00e9m uma mini-feira de livros, sobre a qual comentarei mais adiante.<\/p>\n<p>Os convidados foram hospedados em pousadas da regi\u00e3o e faziam as refei\u00e7\u00f5es em um restaurante perto da pra\u00e7a.<\/p>\n<p>Isso foi poss\u00edvel gra\u00e7as ao apoio da Prefeitura, em especial da Secretaria de Educa\u00e7\u00e3o, que reservou recursos para cobrir a maioria dos gastos. Nenhuma grande empresa, banco ou coisa parecida se disp\u00f4s a colocar alguns caramingu\u00e1s no evento. Do com\u00e9rcio local, um cafeicultor, Sr. Sebasti\u00e3o Afonso da Silva, produtor de um caf\u00e9 bicampe\u00e3o mundial de qualidade de gr\u00e3os. A Valcan, empresa local que comercializa produtos de prote\u00e7\u00e3o individual, foi outra \u00a0que ajudou o Festival.<\/p>\n<figure id=\"attachment_3062\" aria-describedby=\"caption-attachment-3062\" style=\"width: 171px\" class=\"wp-caption alignleft\"><img decoding=\"async\" loading=\"lazy\" class=\"size-full wp-image-3062\" src=\"http:\/\/oxisdoproblema.com.br\/wp-content\/uploads\/2017\/09\/cafeicultor.jpg\" alt=\"\" width=\"171\" height=\"94\" \/><figcaption id=\"caption-attachment-3062\" class=\"wp-caption-text\">Um cafeicultor premiado ajudou a fazer o Festival.<\/figcaption><\/figure>\n<figure id=\"attachment_3063\" aria-describedby=\"caption-attachment-3063\" style=\"width: 177px\" class=\"wp-caption alignleft\"><img decoding=\"async\" loading=\"lazy\" class=\"size-full wp-image-3063\" src=\"http:\/\/oxisdoproblema.com.br\/wp-content\/uploads\/2017\/09\/vlcan.jpg\" alt=\"\" width=\"177\" height=\"91\" \/><figcaption id=\"caption-attachment-3063\" class=\"wp-caption-text\">O apoio para a Flicristina foi totalmente local.<\/figcaption><\/figure>\n<p>\u00c9 importante destacar que, dessa maneira, a FLICRISTINA foi realizada por esfor\u00e7o pr\u00f3prio, mostrando a capacidade de organiza\u00e7\u00e3o e mobiliza\u00e7\u00e3o do Ninil e da Ray, que mobilizaram os recursos locais de uma pequena cidade para fazer um evento cultural importante para a comunidade e para toda a regi\u00e3o. \u00c9 um exemplo.<\/p>\n<p>Quando cheguei em Cristina e dei meu primeiro passeio pelo centro da cidade, notei uma aus\u00eancia quase completa de negros circulando. Depois perguntou a Ninil se n\u00e3o houve minera\u00e7\u00e3o ou grande lavouras na regi\u00e3o. Ele respondeu que havia um bairro habitado principalmente por negros na periferia da cidade. Ninil j\u00e1 fazia um trabalho de aproxima\u00e7\u00e3o, explicando a eles que o Festival era para todos. Disse que tem como miss\u00e3o atrair, cada vez mais, essa popula\u00e7\u00e3o a participar da FLICRISTINA. E mostrou um detalhe do Pavilh\u00e3o tecido e preparado para o desfile de abertura. Ali, mais ou menos no meio, nos dois lados, um detalhe. \u201cOs negros s\u00e3o conhecidos como p\u00e9s de chinelo, e para mostrar que a FLICRISTINA \u00e9 deles, colocamos os dois chinelinhos no Pavilh\u00e3o\u201d.<\/p>\n<figure id=\"attachment_3064\" aria-describedby=\"caption-attachment-3064\" style=\"width: 540px\" class=\"wp-caption aligncenter\"><img decoding=\"async\" loading=\"lazy\" class=\"size-full wp-image-3064\" src=\"http:\/\/oxisdoproblema.com.br\/wp-content\/uploads\/2017\/09\/flicristina-1.jpg\" alt=\"\" width=\"540\" height=\"960\" srcset=\"http:\/\/oxisdoproblema.com.br\/wp-content\/uploads\/2017\/09\/flicristina-1.jpg 540w, http:\/\/oxisdoproblema.com.br\/wp-content\/uploads\/2017\/09\/flicristina-1-169x300.jpg 169w\" sizes=\"(max-width: 540px) 100vw, 540px\" \/><figcaption id=\"caption-attachment-3064\" class=\"wp-caption-text\">O Pavilh\u00e3o da FLICRISTINA. Notem os chinelinhos.<\/figcaption><\/figure>\n<p><strong>A FEIRA DE LIVROS<\/strong><\/p>\n<p>A feirinha era modest\u00edssima. Uma livraria de Itajub\u00e1 e algumas barracas da infatig\u00e1vel infantaria do mercado editorial: os vendedores de porta-a-porta. Nenhuma rede, nenhuma das editoras do segmento trade.<\/p>\n<p>O que eu questiono?<\/p>\n<p>Existem centenas de feiras e festivais liter\u00e1rios acontecendo durante o ano, em boa parte dos Estados. \u00c0 exce\u00e7\u00e3o das badaladas, a oferta de livros nesses eventos \u00e9 exclusivamente feita pelos vendedores de porta-a-porta. N\u00e3o preciso que me repitam a litania que s\u00e3o eventos muito pequenos e que n\u00e3o compensa deslocar equipes de venda, montar estandes, etc. etc. etc. J\u00e1 ouvi esse bl\u00e1-bl\u00e1-bl\u00e1 centena de vezes.<\/p>\n<p><a onclick=\"javascript:pageTracker._trackPageview('\/outgoing\/www.facebook.com\/felipe.lindoso\/videos\/10210222265222200\/');\"  href=\"https:\/\/www.facebook.com\/felipe.lindoso\/videos\/10210222265222200\/\" onclick=\"return TrackClick('https%3A%2F%2Fwww.facebook.com%2Ffelipe.lindoso%2Fvideos%2F10210222265222200%2F','Fiz+um+filmete+da+feira%2C+aqui.')\" target=\"_blank\" rel=\"noopener\">Fiz um filmete da feira, aqui.<\/a><\/p>\n<p>Existem centenas de feiras e festivais liter\u00e1rios acontecendo durante o ano, em boa parte dos Estados. \u00c0 exce\u00e7\u00e3o das badaladas, a oferta de livros nesses eventos \u00e9 exclusivamente feita pelos vendedores de porta-a-porta. N\u00e3o preciso que me repitam a litania que s\u00e3o eventos muito pequenos e que n\u00e3o compensa deslocar equipes de venda, montar estandes, etc. etc. etc. J\u00e1 ouvi esse bl\u00e1-bl\u00e1-bl\u00e1 centena de vezes.<\/p>\n<p>Depois reclamam.<\/p>\n<p>Vimos recentemente a Livraria da Editora da UNESP dar por encerrada a iniciativa (premiada!) do Caminh\u00e3o Livraria. Nem vou especular se outras raz\u00f5es, al\u00e9m da litania habitual, pesaram na decis\u00e3o da editora, que pertence a uma Funda\u00e7\u00e3o Universit\u00e1ria, a encerrar essa importante inciativa.<\/p>\n<p>O fato \u00e9 que o caminh\u00e3o, j\u00e1 adaptado, deve estar estacionado em algum dep\u00f3sito entre S. Paulo e algum extremo do estado onde haja um campus da UNESP. Mas pergunto: por que raz\u00e3o entidades como a CBL, a ANL ou mesmo a LIBRE n\u00e3o se ORGANIZAM para colocar esse caminh\u00e3o rodando pelas feiras do interior, de S. Paulo e do resto do Brasil? \u00c9 falta de vis\u00e3o, incapacidade organizativa ou pura e simplesmente pregui\u00e7a de pensar e inovar?<\/p>\n<p>Quem quiser responder ou pensar a respeito que responda. Eu sou apenas uma pessoa que faz perguntas. E pergunto porque, em outra era, a CBL j\u00e1 promoveu, junto com a Imprensa Oficial, o Circuito Paulista de Feiras Liter\u00e1rias. Mudaram as duas administra\u00e7\u00f5es e o projeto naufragou. Mas as grandes bienais (onde a presen\u00e7a da ponta de estoque \u00e9 cada vez mais significativa) continuam nos calend\u00e1rios.<\/p>\n<p>Depois, todos reclamam do mito de que o brasileiro l\u00ea pouco e o resto do lamento. E meu coment\u00e1rio ser\u00e1 sempre: quem n\u00e3o tem imagina\u00e7\u00e3o e compet\u00eancia para desenvolver mercados fora dos grandes centros que sente na margem de um Rio Piedra qualquer e chore as pitangas.<\/p>\n<p>livraria mais pr\u00f3ximas est\u00e1 em S\u00e3o Louren\u00e7o, mais de meia hora de carro de Cristina.<\/p>\n<p><strong>A BIBLIOTECA<\/strong><\/p>\n<p>Cristina tem uma biblioteca municipal, que homenageia um ilustre filho da terra, D. Marcos Barbosa, monge beneditino, escritor, poeta e tradutor (O Pequeno Pr\u00edncipe, O Menino do Dedo Verde, e obras de Paul Claudel e Fran\u00e7ois Mauriac). A biblioteca, entretanto, n\u00e3o faz jus ao homenageado.<\/p>\n<p>Estava fechada havia muito tempo, servindo inclusive de dep\u00f3sito de materiais (o que n\u00e3o deixa de ser uma promo\u00e7\u00e3o utilit\u00e1ria diante do fato de muitas serem simples dep\u00f3sito de livros&#8230;). Foi reaberta e recondicionada por ocasi\u00e3o da I FLICRISTINA. A Secretaria de Educa\u00e7\u00e3o do munic\u00edpio comprou recentemente obras de Carlos Drummond de Andrade, que este ano foi o patrono do festival. No entanto, o acervo \u00e9 pobre e defasado. Apesar de ter alguns computadores enviados pelo MinC h\u00e1 anos, n\u00e3o tem o acervo informatizado, e as condi\u00e7\u00f5es de uso s\u00e3o prec\u00e1rias. Minha interven\u00e7\u00e3o na FLICRISTINA abordou esse assunto, com o Secret\u00e1rio de Educa\u00e7\u00e3o presente.<\/p>\n<p>Esperamos que D. Marcos Barbosa mexa os pauzinhos junto ao Esp\u00edrito Santo para a gra\u00e7a de colocar a biblioteca com seu nome \u00e0 altura de sua miss\u00e3o e do homenageado. Sim, porque diante da trag\u00e9dia que s\u00e3o as bibliotecas p\u00fablicas brasileiras, at\u00e9 um ateu convicto e militante como eu pede ajuda a qualquer santo dispon\u00edvel.<\/p>\n<p>Mexa-se, D. Marcos Barbosa, que sua cidade precisa.<\/p>\n<p>Enquanto isso, note-se que a determina\u00e7\u00e3o do Ninil e da Ray pelo menos fez reviver a pequena e insuficiente biblioteca municipal.<\/p>\n<p><strong>UMA EXPERI\u00caNCIA DE PROMO\u00c7\u00c3O DA LEITURA<\/strong><\/p>\n<figure id=\"attachment_3065\" aria-describedby=\"caption-attachment-3065\" style=\"width: 300px\" class=\"wp-caption aligncenter\"><img decoding=\"async\" loading=\"lazy\" class=\"size-medium wp-image-3065\" src=\"http:\/\/oxisdoproblema.com.br\/wp-content\/uploads\/2017\/09\/camisetas-escolares-300x225.jpg\" alt=\"\" width=\"300\" height=\"225\" srcset=\"http:\/\/oxisdoproblema.com.br\/wp-content\/uploads\/2017\/09\/camisetas-escolares-300x225.jpg 300w, http:\/\/oxisdoproblema.com.br\/wp-content\/uploads\/2017\/09\/camisetas-escolares-768x576.jpg 768w, http:\/\/oxisdoproblema.com.br\/wp-content\/uploads\/2017\/09\/camisetas-escolares-1024x768.jpg 1024w\" sizes=\"(max-width: 300px) 100vw, 300px\" \/><figcaption id=\"caption-attachment-3065\" class=\"wp-caption-text\">Alunos de escola p\u00fablica de Cristina e a professora. A camiseta foi feita especialmente para o festival.<\/figcaption><\/figure>\n<p>Contrastando com a in\u00e9rcia da biblioteca municipal, encontrei no sistema de educa\u00e7\u00e3o de Cristina experi\u00eancias muito interessantes de promo\u00e7\u00e3o da leitura entre as crian\u00e7as.<\/p>\n<p>Quando ia para a E.M. Carneiro de Rezende, onde eram feitas as oficinas programadas pelo Festival, encontrei a Coordenadora da \u00e1rea de Educa\u00e7\u00e3o Infantil, prof. Luciana dos Santos, que me informou o rumo, e aproveitou para me dar um exemplar do que \u00e9 o resultado do programa Diciolhares, desenvolvido pela coordena\u00e7\u00e3o, com ajuda de todas as professoras da rede. \u00c9 uma esp\u00e9cie de dicion\u00e1rio anal\u00f3gico inspirada no que faz o autor colombiano Javier Naranjo, publicado no Brasil como \u201cCasa das Estrelas\u201d, pela Foz. As crian\u00e7as, mobilizadas, ainda n\u00e3o alfabetizadas, falam para as professoras sua defini\u00e7\u00e3o das palavras. Vejam amostras.<\/p>\n<p><img decoding=\"async\" loading=\"lazy\" class=\"alignleft wp-image-3066 \" src=\"http:\/\/oxisdoproblema.com.br\/wp-content\/uploads\/2017\/09\/dicoolhares-1-300x208.jpg\" alt=\"\" width=\"364\" height=\"253\" srcset=\"http:\/\/oxisdoproblema.com.br\/wp-content\/uploads\/2017\/09\/dicoolhares-1-300x208.jpg 300w, http:\/\/oxisdoproblema.com.br\/wp-content\/uploads\/2017\/09\/dicoolhares-1-768x533.jpg 768w, http:\/\/oxisdoproblema.com.br\/wp-content\/uploads\/2017\/09\/dicoolhares-1-1024x711.jpg 1024w, http:\/\/oxisdoproblema.com.br\/wp-content\/uploads\/2017\/09\/dicoolhares-1.jpg 1629w\" sizes=\"(max-width: 364px) 100vw, 364px\" \/><\/p>\n<p><img decoding=\"async\" loading=\"lazy\" class=\"alignleft wp-image-3067\" src=\"http:\/\/oxisdoproblema.com.br\/wp-content\/uploads\/2017\/09\/diciolhares-2-300x217.jpg\" alt=\"\" width=\"357\" height=\"259\" srcset=\"http:\/\/oxisdoproblema.com.br\/wp-content\/uploads\/2017\/09\/diciolhares-2-300x217.jpg 300w, http:\/\/oxisdoproblema.com.br\/wp-content\/uploads\/2017\/09\/diciolhares-2-768x555.jpg 768w, http:\/\/oxisdoproblema.com.br\/wp-content\/uploads\/2017\/09\/diciolhares-2-1024x740.jpg 1024w, http:\/\/oxisdoproblema.com.br\/wp-content\/uploads\/2017\/09\/diciolhares-2.jpg 1473w\" sizes=\"(max-width: 357px) 100vw, 357px\" \/><\/p>\n<p>Segui at\u00e9 a E.M. Carneiro de Rezende, procurei a diretora, Elizabeth Cardoso e, com ela, pedi para ver a biblioteca escolar e a encarregada.<\/p>\n<p>A professora Beatriz Barbosa, da biblioteca, nos recebeu em uma sala ampla, iluminada&#8230; e com poucos livros.<\/p>\n<p>\u201cAno passado, uma enchente excepcional inundou a sala e destruiu todos os livros que t\u00ednhamos aqui\u201d, explicou. Depois acrescentou que a escola vem fazendo, por iniciativa da diretora, festas para conseguir dinheiro e comprar novos livros. \u201cPedir doa\u00e7\u00f5es s\u00f3 faz que as pessoas tragam o lixo de casa para a biblioteca\u201d. Concordo, desde sempre.<\/p>\n<p>A hist\u00f3ria da atua\u00e7\u00e3o da profa. Beatriz come\u00e7a do modo mais comum a quem se v\u00ea encarregada da biblioteca. Depois de uma enfermidade grave, n\u00e3o podia mais exercer a reg\u00eancia de classes. Aposentou-se da Secretaria Estadual de Educa\u00e7\u00e3o (onde havia trabalhado tamb\u00e9m, h\u00e1 anos, no programa Cantinho da leitura) e, na Carneiro de Rezende, come\u00e7ou ajudando na administra\u00e7\u00e3o da escola. Depois foi designada para a biblioteca.<\/p>\n<p>No primeiro ano ficou no papel tradicional, esperando que os alunos a procurassem para ajuda nas pesquisas e no uso da biblioteca. \u201cMas a Beatriz n\u00e3o \u00e9 de ficar parada e logo mudou isso\u201d, informou a diretora.<\/p>\n<p>De fato, a professora Beatriz passou a organizar um programa din\u00e2mico de incentivo \u00e0 leitura no hor\u00e1rio em que cada turma devia ir \u00e0 biblioteca. Sim, na Carneiro Rezende agora tem \u201caula de biblioteca\u201d, substituindo a passividade anterior. Come\u00e7a com leituras sobre a dengue e outras epidemias. \u201cEra um problema muito grave na regi\u00e3o. Agora est\u00e1 melhor, mas conseguimos material de leitura, e os alunos s\u00e3o excelentes multiplicadores\u201d. Depois s\u00e3o organizados ciclos de leitura fora da escola. \u201cCaf\u00e9 com Letras\u201d faz leituras na casa dos alunos cujas fam\u00edlias se disp\u00f5em a receb\u00ea-los para um lanche. \u201cGosto muito de trabalhar com conta\u00e7\u00e3o de hist\u00f3rias, mas n\u00e3o sei contar. As m\u00e3es sim, contam casos da fam\u00edlia, leem com os meninos, \u00e9 muito produtivo\u201d. H\u00e1 programas de \u201cLeitura na Cachoeira\u201d, j\u00e1 que Cristina tem uma bela queda d\u2019\u00e1gua praticamente dentro da cidade. \u201cA ideia \u00e9 mostrar para as crian\u00e7as que leitura n\u00e3o \u00e9 coisa apenas de dentro da escola, pode e deve ser feita em qualquer lugar\u201d.<\/p>\n<p>Na FLICRISTINA do ano passado, durante uma das atividades na pra\u00e7a, uma crian\u00e7a circulou ressabiada e foi abordada por ela. N\u00e3o estava matriculada, mas passou a integrar as atividades da biblioteca.<\/p>\n<p>Perguntei se essas a\u00e7\u00f5es eram estendidas \u00e0s outras unidades do munic\u00edpio. Tanto Beatriz como a Beth informaram que a rede municipal \u00e9 bem extensa (Cristina \u00e9 o munic\u00edpio de maior extens\u00e3o da regi\u00e3o), com escolas rurais e urbanas. Mas essas atividades, quando existem, s\u00e3o de iniciativas de cada escola.<\/p>\n<p>Como a FLICRISTINA tratou da obra do Drummond, todo o col\u00e9gio fez atividades relacionadas com a obra do itabirano. Desenhos, colagens, montagens, at\u00e9 guaches recortados e transformados em quebra-cabe\u00e7as. Eles se divertiram muito reinterpretando os poemas. Achei particularmente divertido o desenho de uma garota por conta do \u201cTinha uma pedra no meio do caminho\u201d. A garotinha se retratou&#8230; dando uma topada na bendita pedra.<\/p>\n<figure id=\"attachment_3068\" aria-describedby=\"caption-attachment-3068\" style=\"width: 192px\" class=\"wp-caption alignleft\"><img decoding=\"async\" loading=\"lazy\" class=\"wp-image-3068 \" src=\"http:\/\/oxisdoproblema.com.br\/wp-content\/uploads\/2017\/09\/20170908_112559-e1505359379758-225x300.jpg\" alt=\"\" width=\"192\" height=\"256\" srcset=\"http:\/\/oxisdoproblema.com.br\/wp-content\/uploads\/2017\/09\/20170908_112559-e1505359379758-225x300.jpg 225w, http:\/\/oxisdoproblema.com.br\/wp-content\/uploads\/2017\/09\/20170908_112559-e1505359379758-768x1024.jpg 768w\" sizes=\"(max-width: 192px) 100vw, 192px\" \/><figcaption id=\"caption-attachment-3068\" class=\"wp-caption-text\">A aluna n\u00e3o apenas encontrou a pedra no meio do caminho. Deu uma topada no verso dummondiano<\/figcaption><\/figure>\n<figure id=\"attachment_3069\" aria-describedby=\"caption-attachment-3069\" style=\"width: 203px\" class=\"wp-caption alignleft\"><img decoding=\"async\" loading=\"lazy\" class=\" wp-image-3069\" src=\"http:\/\/oxisdoproblema.com.br\/wp-content\/uploads\/2017\/09\/20170908_112800-e1505359451840-225x300.jpg\" alt=\"\" width=\"203\" height=\"271\" srcset=\"http:\/\/oxisdoproblema.com.br\/wp-content\/uploads\/2017\/09\/20170908_112800-e1505359451840-225x300.jpg 225w, http:\/\/oxisdoproblema.com.br\/wp-content\/uploads\/2017\/09\/20170908_112800-e1505359451840-768x1024.jpg 768w\" sizes=\"(max-width: 203px) 100vw, 203px\" \/><figcaption id=\"caption-attachment-3069\" class=\"wp-caption-text\">Drummond entre os canteiros de flores da escola.<\/figcaption><\/figure>\n<p>Na minha palestra, fui direto. Experi\u00eancias como essas podem e devem ser generalizadas pelas escolas do sistema. Na infinidade de propostas de incentivo \u00e0 leitura que existem por a\u00ed, cada uma dela tem defensores ferrenhos. Como n\u00e3o sou especialista nisso, sempre digo que a pedra de toque \u00e9 avaliar as experi\u00eancias bem-sucedidas e generaliz\u00e1-las.<\/p>\n<p>O Secret\u00e1rio de Educa\u00e7\u00e3o estava l\u00e1.<\/p>\n<p>Quem sabe D. Marcos Barbosa d\u00e1 uma cutucada nele para avan\u00e7ar mais ainda nas boas coisas que faz?<\/p>\n<p><strong>FLICRISTINA<\/strong><\/p>\n<p>Em resumo, foram dois dias de uma experi\u00eancia muito gratificante. Nem vou falar aqui das mesas que assisti, dos espet\u00e1culos musicais apresentados. Aprendi coisas, conheci excelentes pessoas e revi amigos. N\u00e3o h\u00e1 mais espa\u00e7o.<\/p>\n<p>O importante a destacar \u00e9 que experi\u00eancias como a de CRISTINA est\u00e3o se multiplicando. Todas as semanas ficamos sabendo de alguma iniciativa. Desde 2013, quando Galeno Amorin, na BN, abriu um edital cadastrando feiras de livros e festivais como essas para concorrer a uma modesta contribui\u00e7\u00e3o com fundos do FNC, e mostrou que j\u00e1 havia centenas de atividades semelhantes espalhadas pelo Brasil, podemos especular que algumas dessas devem ter se encerrado. Mas muitas outras v\u00eam surgindo e as substituindo.<\/p>\n<p>\u00c9 uma esperan\u00e7a.<\/p>\n<p>&nbsp;<\/p>\n<p>&nbsp;<\/p>\n","protected":false},"excerpt":{"rendered":"<p>Como anunciei semana passada, fui participar do II FLICRISTINA, o Festival Liter\u00e1rio da pequena cidade do Sul de Minas, a convite dos irm\u00e3os Ninil e Ray Gon\u00e7alves, seus animadores e organizadores. Cristina \u00e9 uma dessas pequenas cidades do sul de Minas, produtora de caf\u00e9s de qualidade e leite, com pouco mais de 10.000 habitantes (metade &hellip; <a href=\"http:\/\/oxisdoproblema.com.br\/?p=3058\" onclick=\"return TrackClick('http%3A%2F%2Foxisdoproblema.com.br%2F%3Fp%3D3058','Continue+lendo+E+FUI+PARA+O+FLICRISTINA+%26rarr%3B')\" class=\"more-link\">Continue lendo <span class=\"screen-reader-text\">E FUI PARA O FLICRISTINA<\/span> <span class=\"meta-nav\">&rarr;<\/span><\/a><\/p>\n","protected":false},"author":1,"featured_media":0,"comment_status":"open","ping_status":"open","sticky":false,"template":"","format":"standard","meta":[],"categories":[178],"tags":[790,791,24,787],"_links":{"self":[{"href":"http:\/\/oxisdoproblema.com.br\/index.php?rest_route=\/wp\/v2\/posts\/3058"}],"collection":[{"href":"http:\/\/oxisdoproblema.com.br\/index.php?rest_route=\/wp\/v2\/posts"}],"about":[{"href":"http:\/\/oxisdoproblema.com.br\/index.php?rest_route=\/wp\/v2\/types\/post"}],"author":[{"embeddable":true,"href":"http:\/\/oxisdoproblema.com.br\/index.php?rest_route=\/wp\/v2\/users\/1"}],"replies":[{"embeddable":true,"href":"http:\/\/oxisdoproblema.com.br\/index.php?rest_route=%2Fwp%2Fv2%2Fcomments&post=3058"}],"version-history":[{"count":2,"href":"http:\/\/oxisdoproblema.com.br\/index.php?rest_route=\/wp\/v2\/posts\/3058\/revisions"}],"predecessor-version":[{"id":3071,"href":"http:\/\/oxisdoproblema.com.br\/index.php?rest_route=\/wp\/v2\/posts\/3058\/revisions\/3071"}],"wp:attachment":[{"href":"http:\/\/oxisdoproblema.com.br\/index.php?rest_route=%2Fwp%2Fv2%2Fmedia&parent=3058"}],"wp:term":[{"taxonomy":"category","embeddable":true,"href":"http:\/\/oxisdoproblema.com.br\/index.php?rest_route=%2Fwp%2Fv2%2Fcategories&post=3058"},{"taxonomy":"post_tag","embeddable":true,"href":"http:\/\/oxisdoproblema.com.br\/index.php?rest_route=%2Fwp%2Fv2%2Ftags&post=3058"}],"curies":[{"name":"wp","href":"https:\/\/api.w.org\/{rel}","templated":true}]}}