{"id":3054,"date":"2017-09-06T10:12:28","date_gmt":"2017-09-06T13:12:28","guid":{"rendered":"http:\/\/oxisdoproblema.com.br\/?p=3054"},"modified":"2017-09-06T10:12:28","modified_gmt":"2017-09-06T13:12:28","slug":"flicristina-festival-de-literatura-no-sul-de-minas","status":"publish","type":"post","link":"http:\/\/oxisdoproblema.com.br\/?p=3054","title":{"rendered":"FLICRISTINA, FESTIVAL DE LITERATURA NO SUL DE MINAS"},"content":{"rendered":"<figure id=\"attachment_3055\" aria-describedby=\"caption-attachment-3055\" style=\"width: 540px\" class=\"wp-caption alignleft\"><img decoding=\"async\" loading=\"lazy\" class=\"size-full wp-image-3055\" src=\"http:\/\/oxisdoproblema.com.br\/wp-content\/uploads\/2017\/09\/flicristina.jpg\" alt=\"\" width=\"540\" height=\"960\" srcset=\"http:\/\/oxisdoproblema.com.br\/wp-content\/uploads\/2017\/09\/flicristina.jpg 540w, http:\/\/oxisdoproblema.com.br\/wp-content\/uploads\/2017\/09\/flicristina-169x300.jpg 169w\" sizes=\"(max-width: 540px) 100vw, 540px\" \/><figcaption id=\"caption-attachment-3055\" class=\"wp-caption-text\">O Estandarte da FLICRISTINA<\/figcaption><\/figure>\n<p>Na gest\u00e3o do Galeno Amorim na Biblioteca Nacional, foi feito um levantamento de quantas feiras e festivais liter\u00e1rios existiam no pa\u00eds, de modo a dimensionar o programa de apoio a essas iniciativas, com recursos do Fundo Nacional de Cultura. Galeno deixou a presid\u00eancia da BN em 2013, mas at\u00e9 2014 foi lan\u00e7ado o edital convocando inscri\u00e7\u00f5es para o problema.<\/p>\n<p>Tudo isso, desde ent\u00e3o, foi desaparecendo, e se esvai na fuma\u00e7a do tempo.<\/p>\n<p>Infelizmente perdi a tabela com os dados levantados. Mas lembro que estavam na casa das centenas, espalhados por todo o Brasil, com o maior n\u00famero delas no Rio Grande do Sul.<br \/>\nFelizmente, entretanto, apesar desse descaso para com essas important\u00edssimas atividades de apoio ao livro e \u00e0 leitura, as pequenas feiras e festivais continuam florescendo no que \u00e9 o Brasil (enquanto o Banan\u00e3o assume tantos outros aspectos desse antigo pa\u00eds). N\u00e3o apenas as grandes manifesta\u00e7\u00f5es, como a FLIP, mas tamb\u00e9m as pequenas e m\u00e9dias. Infelizmente, algumas terminaram, como o Festival da Mantiqueira, exterminado pela pr\u00f3pria entidade que o criou, a Secretaria de Estado da Cultura de S. Paulo.<\/p>\n<p>A FLICRISTINA \u00e9 uma dessas que nasceu e continua depois da extin\u00e7\u00e3o desse programa. Come\u00e7a na noite desta quarta-feira e prossegue at\u00e9 domingo.<\/p>\n<p>Sexta-feira \u00e0 tarde estarei l\u00e1, conversando com o p\u00fablico sobre Leitura e Mercado Editorial. \u00c9 um tema recorrente no que escrevo: a import\u00e2ncia dos autores do mercado editorial (editores, distribuidores, vendedores do porta-a-porta e livreiros) na difus\u00e3o do h\u00e1bito da leitura em nosso pa\u00eds. A programa\u00e7\u00e3o da FLICRISTINA est\u00e1 <a onclick=\"javascript:pageTracker._trackPageview('\/outgoing\/flicristina2017.wixsite.com\/flicristina2017\/ingressos');\"  href=\"https:\/\/flicristina2017.wixsite.com\/flicristina2017\/ingressos\" onclick=\"return TrackClick('https%3A%2F%2Fflicristina2017.wixsite.com%2Fflicristina2017%2Fingressos','aqui')\" target=\"_blank\" rel=\"noopener\">aqui<\/a>:<\/p>\n<p>Ninil Gon\u00e7alves, promove o Festival junto com sua irm\u00e3 Rai Gon\u00e7alves. Ninil \u00e9 fot\u00f3grafo, e eu e a maria Jos\u00e9 Silveira o conhecemos quando ele veio fotograf\u00e1-la para um projeto que desenvolve, de retratar os autores em seu ambiente de trabalho. Produziu um livro sobre<a onclick=\"javascript:pageTracker._trackPageview('\/outgoing\/www.caminhosdosuldeminas.com.br\/turismo\/Pagina.do;jsessionid=1eyjz8v09loof?idSecao=127&amp;idNoticia=3519');\"  href=\"http:\/\/www.caminhosdosuldeminas.com.br\/turismo\/Pagina.do;jsessionid=1eyjz8v09loof?idSecao=127&amp;idNoticia=3519\" onclick=\"return TrackClick('http%3A%2F%2Fwww.caminhosdosuldeminas.com.br%2Fturismo%2FPagina.do%3Bjsessionid%3D1eyjz8v09loof%3FidSecao%3D127%26amp%3BidNoticia%3D3519','Cristina')\" target=\"_blank\" rel=\"noopener\"> Cristina<\/a>, sua cidade natal.<\/p>\n<p>Sua irm\u00e3, Rai Gon\u00e7alves, tem uma cafeteria na cidade, e \u00e9 uma batalhadora pelo fortalecimento da vida cultural em Cristina. A cidade est\u00e1 no Sul de Minas, na \u00e1rea que abrange Itajub\u00e1, Delfim Moreira, Santa Rita do Sapuca\u00ed e outras. \u00c9 uma regi\u00e3o produtora de caf\u00e9s finos, alguns dos quais j\u00e1 foram classificados como entre os melhores do mundo.<\/p>\n<p>A hist\u00f3ria da iniciativa de Ninil e Rai \u00e9 contada pelo pr\u00f3prio Ninil, no texto abaixo:<\/p>\n<p>\u201cPequena Hist\u00f3ria da Flicristina<br \/>\nA Flicristina foi idealizada h\u00e1 3 anos atr\u00e1s pelos irm\u00e3os Ninil Gon\u00e7alves e Rai Gon\u00e7alves numa conversa sobre a falta de op\u00e7\u00e3o em Cristina para aqueles que gostam de literatura e precisam de um espa\u00e7o para desenvolver tais di\u00e1logos. A ideia inicial era fazer algo como um pequeno \u201ccaf\u00e9 com Letras\u201d ou Caf\u00e9 filos\u00f3fico\u201d na cafeteria que a Rai tinha acabado de abrir na pra\u00e7a Santo Antonio e num s\u00e1bado fazer alguns di\u00e1logos com professores universit\u00e1rios que conhecemos. Essa necessidade tamb\u00e9m se deu por motivos relacionados ao passado. Somos de uma fam\u00edlia de av\u00f3s e pais trabalhadores rurais e todos analfabetos. Nunca tivemos livros em casa. Rompemos com o analfabetismo e come\u00e7amos a encher a casa de livros. Hoje todos os irm\u00e3os s\u00e3o professores e essa rela\u00e7\u00e3o com a Educa\u00e7\u00e3o nos conduziu a rever essas quest\u00f5es do passado e tentar fazer algo que levasse a literatura a muitos que n\u00e3o t\u00eam contato com ela e a Educa\u00e7\u00e3o se tornou a bandeira da feira. N\u00e3o t\u00ednhamos ideia que aquele pequenino \u201ccaf\u00e9 com letras\u201d se tornaria uma feira. Talvez a forma artesanal e o projeto sem fins lucrativos tenham conquistado alguns cora\u00e7\u00f5es que nos apoiaram. Essa parceria e o trabalho coletivo \u00e9 que d\u00e1 sentido \u00e0 feira, tudo isso voltado para forma\u00e7\u00e3o de leitores e dissemina\u00e7\u00e3o da literatura como ferramenta transformadora do mundo, pelo menos ao redor de n\u00f3s, se poss\u00edvel. A Flicristina continuar\u00e1 com essa intencionalidade de ter a Educa\u00e7\u00e3o como carro-chefe da feira e tamb\u00e9m na divulga\u00e7\u00e3o de trabalhos de autores da regi\u00e3o e obviamente trazer os grandes autores para legitimar a grandiosidade transformadora da literatura. A secretaria de Educa\u00e7\u00e3o da gest\u00e3o anterior apoiou e possibilitou o crescimento da Flicristina. O mesmo aconteceu com a secretaria de Educa\u00e7\u00e3o atual, que n\u00e3o poupou esfor\u00e7os para que a feira se tornasse ainda melhor. A secretaria conseguiu reunir as professoras e todos os alunos da cidade para participarem da feira, inclusive da zona rural. Isso traz uma felicidade imensa aos organizadores porque esse \u00e9 o esp\u00edrito da feira: levar a literatura a todos. A prefeitura da cidade est\u00e1 nos apoiando de todas as formas poss\u00edveis. Essa participa\u00e7\u00e3o do poder p\u00fablico mostra o quanto a gest\u00e3o atual \u00e9 respons\u00e1vel em rela\u00e7\u00e3o \u00e0 Educa\u00e7\u00e3o e isso nos anima a ter um empenho ainda mais intenso. Realmente n\u00e3o \u00e9 f\u00e1cil organizar uma feira liter\u00e1ria, pois os problemas s\u00e3o 10 vezes maiores que as solu\u00e7\u00f5es, mas criamos isso e somos respons\u00e1veis pelo que ela tem a oferecer a todos. Estamos empenhados em fazer o melhor para todos os participantes e visitantes. Pedimos desculpas por qualquer deslize ou erro. Os organizadores agradecem de cora\u00e7\u00e3o a todos os envolvidos, direta e indiretamente na luta, que \u00e9 de todos e para todos\u201d.<\/p>\n<p>Vou para Cristina e para a FLICRISTINA.<\/p>\n<p>Aproveite o feriad\u00e3o e v\u00e1 tamb\u00e9m!<\/p>\n","protected":false},"excerpt":{"rendered":"<p>Na gest\u00e3o do Galeno Amorim na Biblioteca Nacional, foi feito um levantamento de quantas feiras e festivais liter\u00e1rios existiam no pa\u00eds, de modo a dimensionar o programa de apoio a essas iniciativas, com recursos do Fundo Nacional de Cultura. Galeno deixou a presid\u00eancia da BN em 2013, mas at\u00e9 2014 foi lan\u00e7ado o edital convocando &hellip; <a href=\"http:\/\/oxisdoproblema.com.br\/?p=3054\" onclick=\"return TrackClick('http%3A%2F%2Foxisdoproblema.com.br%2F%3Fp%3D3054','Continue+lendo+FLICRISTINA%2C+FESTIVAL+DE+LITERATURA+NO+SUL+DE+MINAS+%26rarr%3B')\" class=\"more-link\">Continue lendo <span class=\"screen-reader-text\">FLICRISTINA, FESTIVAL DE LITERATURA NO SUL DE MINAS<\/span> <span class=\"meta-nav\">&rarr;<\/span><\/a><\/p>\n","protected":false},"author":1,"featured_media":0,"comment_status":"open","ping_status":"open","sticky":false,"template":"","format":"standard","meta":[],"categories":[1],"tags":[789,788,787],"_links":{"self":[{"href":"http:\/\/oxisdoproblema.com.br\/index.php?rest_route=\/wp\/v2\/posts\/3054"}],"collection":[{"href":"http:\/\/oxisdoproblema.com.br\/index.php?rest_route=\/wp\/v2\/posts"}],"about":[{"href":"http:\/\/oxisdoproblema.com.br\/index.php?rest_route=\/wp\/v2\/types\/post"}],"author":[{"embeddable":true,"href":"http:\/\/oxisdoproblema.com.br\/index.php?rest_route=\/wp\/v2\/users\/1"}],"replies":[{"embeddable":true,"href":"http:\/\/oxisdoproblema.com.br\/index.php?rest_route=%2Fwp%2Fv2%2Fcomments&post=3054"}],"version-history":[{"count":1,"href":"http:\/\/oxisdoproblema.com.br\/index.php?rest_route=\/wp\/v2\/posts\/3054\/revisions"}],"predecessor-version":[{"id":3056,"href":"http:\/\/oxisdoproblema.com.br\/index.php?rest_route=\/wp\/v2\/posts\/3054\/revisions\/3056"}],"wp:attachment":[{"href":"http:\/\/oxisdoproblema.com.br\/index.php?rest_route=%2Fwp%2Fv2%2Fmedia&parent=3054"}],"wp:term":[{"taxonomy":"category","embeddable":true,"href":"http:\/\/oxisdoproblema.com.br\/index.php?rest_route=%2Fwp%2Fv2%2Fcategories&post=3054"},{"taxonomy":"post_tag","embeddable":true,"href":"http:\/\/oxisdoproblema.com.br\/index.php?rest_route=%2Fwp%2Fv2%2Ftags&post=3054"}],"curies":[{"name":"wp","href":"https:\/\/api.w.org\/{rel}","templated":true}]}}