{"id":2890,"date":"2016-06-15T09:36:33","date_gmt":"2016-06-15T12:36:33","guid":{"rendered":"http:\/\/oxisdoproblema.com.br\/?p=2890"},"modified":"2016-06-15T09:36:33","modified_gmt":"2016-06-15T12:36:33","slug":"les-puf-em-paris-uma-livraria-de-novo-tipo","status":"publish","type":"post","link":"http:\/\/oxisdoproblema.com.br\/?p=2890","title":{"rendered":"\u201cLES PUF\u201d EM PARIS \u2013 UMA LIVRARIA DE NOVO TIPO"},"content":{"rendered":"<p><img decoding=\"async\" loading=\"lazy\" class=\"alignnone size-full wp-image-2891\" src=\"http:\/\/oxisdoproblema.com.br\/wp-content\/uploads\/2016\/06\/14943475-la-mythique-librairie-parisienne-des-puf-rouvre-et-embauche-un-robot-libraire.jpg\" alt=\"14943475-la-mythique-librairie-parisienne-des-puf-rouvre-et-embauche-un-robot-libraire\" width=\"965\" height=\"466\" srcset=\"http:\/\/oxisdoproblema.com.br\/wp-content\/uploads\/2016\/06\/14943475-la-mythique-librairie-parisienne-des-puf-rouvre-et-embauche-un-robot-libraire.jpg 965w, http:\/\/oxisdoproblema.com.br\/wp-content\/uploads\/2016\/06\/14943475-la-mythique-librairie-parisienne-des-puf-rouvre-et-embauche-un-robot-libraire-300x145.jpg 300w, http:\/\/oxisdoproblema.com.br\/wp-content\/uploads\/2016\/06\/14943475-la-mythique-librairie-parisienne-des-puf-rouvre-et-embauche-un-robot-libraire-768x371.jpg 768w\" sizes=\"(max-width: 965px) 100vw, 965px\" \/><\/p>\n<p>A nova livraria da PUF \u2013 Presses Universitaires de France, ocupa um espa\u00e7o de menos de 80m2. N\u00e3o est\u00e1 longe do local onde existiu entre 1921 e 2006, na Place da la Sorbonne, e que era um ponto de encontro dos estudantes e da intelectualidade francesa. No entanto, a nova livraria disponibiliza aos clientes todos os 5.000 t\u00edtulos da editora (mais 2.000 t\u00edtulos anteriormente fora do cat\u00e1logo nos pr\u00f3ximos meses) e tr\u00eas milh\u00f5es de outros t\u00edtulos, que incluem os publicados pelas maiores editoras dos EUA, e um crescente n\u00famero de t\u00edtulos franceses.<\/p>\n<p><img decoding=\"async\" loading=\"lazy\" class=\"alignleft size-medium wp-image-2892\" src=\"http:\/\/oxisdoproblema.com.br\/wp-content\/uploads\/2016\/06\/puf-1-300x169.jpg\" alt=\"puf 1\" width=\"300\" height=\"169\" srcset=\"http:\/\/oxisdoproblema.com.br\/wp-content\/uploads\/2016\/06\/puf-1-300x169.jpg 300w, http:\/\/oxisdoproblema.com.br\/wp-content\/uploads\/2016\/06\/puf-1.jpg 600w\" sizes=\"(max-width: 300px) 100vw, 300px\" \/>E ainda tem um caf\u00e9, onde os clientes esperam a impress\u00e3o do livro.<\/p>\n<p>Tudo isso \u00e9 poss\u00edvel porque a livraria usa a Expresso Book Machine, que imprime e faz o acabamento de um livro a cada cinco minutos, em m\u00e9dia. Veja detalhes sobre a inaugura\u00e7\u00e3o, acontecida no \u00faltimo dia 12 de mar\u00e7o <a onclick=\"javascript:pageTracker._trackPageview('\/outgoing\/www.puf.com\/actualites\/Ouverture_de_la_premi%C3%A8re_librairie_en_Europe_du_savoir_%C3%A0_la_demande');\"  href=\"https:\/\/www.puf.com\/actualites\/Ouverture_de_la_premi%C3%A8re_librairie_en_Europe_du_savoir_%C3%A0_la_demande\" onclick=\"return TrackClick('https%3A%2F%2Fwww.puf.com%2Factualites%2FOuverture_de_la_premi%25C3%25A8re_librairie_en_Europe_du_savoir_%25C3%25A0_la_demande','aqui')\" target=\"_blank\">aqui<\/a> e <a onclick=\"javascript:pageTracker._trackPageview('\/outgoing\/bibliobs.nouvelobs.com\/actualites\/20160310.OBS6191\/la-mythique-librairie-parisienne-des-puf-re-ouvre-et-embauche-un-robot-libraire.html');\"  href=\"http:\/\/bibliobs.nouvelobs.com\/actualites\/20160310.OBS6191\/la-mythique-librairie-parisienne-des-puf-re-ouvre-et-embauche-un-robot-libraire.html\" onclick=\"return TrackClick('http%3A%2F%2Fbibliobs.nouvelobs.com%2Factualites%2F20160310.OBS6191%2Fla-mythique-librairie-parisienne-des-puf-re-ouvre-et-embauche-un-robot-libraire.html','aqui')\" target=\"_blank\">aqui<\/a>.<\/p>\n<p>Publiquei anteriormente tr\u00eas posts sobre a Expresso Book Machine. O primeiro, em <a href=\"http:\/\/oxisdoproblema.com.br\/?p=1344\" onclick=\"return TrackClick('http%3A%2F%2Foxisdoproblema.com.br%2F%3Fp%3D1344','setembro+de+2012')\" target=\"_blank\">setembro de 2012<\/a>, \u00a0contava como a m\u00e1quina foi desenvolvida a partir de uma ideia de Jason Epstein, lend\u00e1rio editor de Nova York, um dos fundadores da New York Book Review e vision\u00e1rio da ind\u00fastria editorial. A m\u00e1quina de livros \u00e9 fabricada pela <a onclick=\"javascript:pageTracker._trackPageview('\/outgoing\/ondemandbooks.com\/');\"  href=\"http:\/\/ondemandbooks.com\/\" onclick=\"return TrackClick('http%3A%2F%2Fondemandbooks.com%2F','On+Demand+Books')\" target=\"_blank\"><em>On Demand Books<\/em><\/a>.<\/p>\n<p>No meu segundo post sobre a Expresso Book Machine tratei do avan\u00e7o na solu\u00e7\u00e3o de um dos gargalos para o sucesso da m\u00e1quina, que \u00e9 a disponibiliza\u00e7\u00e3o, pelas editoras, dos arquivos para que a EBM possa produzir seus livros sob demanda em cada m\u00e1quina licenciada. Em janeiro de 2013, a Penguin USA (antes da fus\u00e3o com a Random House), anunciou que faria isso.<\/p>\n<figure id=\"attachment_2893\" aria-describedby=\"caption-attachment-2893\" style=\"width: 300px\" class=\"wp-caption alignleft\"><img decoding=\"async\" loading=\"lazy\" class=\"size-medium wp-image-2893\" src=\"http:\/\/oxisdoproblema.com.br\/wp-content\/uploads\/2016\/06\/Alexandre-Gaudefroy-gerant-nouvelle-librairie-Presses-universitaires-France-selectionne-livre-imprimer-Paris-16-mars-2016_1_730_485-300x200.jpg\" alt=\"Alexandre Gaudefroy, gerente da livraria, e os tablets que permitem a consulta dos t\u00edtulos \u00e0 venda.\" width=\"300\" height=\"200\" srcset=\"http:\/\/oxisdoproblema.com.br\/wp-content\/uploads\/2016\/06\/Alexandre-Gaudefroy-gerant-nouvelle-librairie-Presses-universitaires-France-selectionne-livre-imprimer-Paris-16-mars-2016_1_730_485-300x200.jpg 300w, http:\/\/oxisdoproblema.com.br\/wp-content\/uploads\/2016\/06\/Alexandre-Gaudefroy-gerant-nouvelle-librairie-Presses-universitaires-France-selectionne-livre-imprimer-Paris-16-mars-2016_1_730_485.jpg 728w\" sizes=\"(max-width: 300px) 100vw, 300px\" \/><figcaption id=\"caption-attachment-2893\" class=\"wp-caption-text\">Alexandre Gaudefroy, gerente da livraria, e os tablets que permitem a consulta dos t\u00edtulos \u00e0 venda.<\/figcaption><\/figure>\n<p>Em 2015, quando estive no Salon du Livre de Paris, na edi\u00e7\u00e3o em que o Brasil foi homenageado, vi pela primeira vez duas dessas m\u00e1quinas operando, e publiquei mais um <a href=\"http:\/\/oxisdoproblema.com.br\/?p=2651\" onclick=\"return TrackClick('http%3A%2F%2Foxisdoproblema.com.br%2F%3Fp%3D2651','post')\" target=\"_blank\">post<\/a> sobre o assunto. Uma no estande da <em>On Demand Books<\/em>, onde entrevistei Jason Beatty, Vice-Presidente Senior de vendas e desenvolvimento de neg\u00f3cios, e outra precisamente no estande da PUF. Na ocasi\u00e3o, fiz quest\u00e3o de levar aos dois estandes o ent\u00e3o presidente da FBN, Renato Lessa, o Presidente da CBL, Lu\u00eds Antonio Torelli e o ent\u00e3o presidente da Editora da Unesp e Secret\u00e1rio Executivo do PNLL, prof. Jos\u00e9 Castilho.<\/p>\n<p>Minha esperan\u00e7a era que algum deles (ou os tr\u00eas em conjunto), encontrassem um meio de trazer uma dessas m\u00e1quinas para a Bienal do Livro de S. Paulo, este ano. Fiquei na esperan\u00e7a, pelo visto.<\/p>\n<p>N\u00e3o seria um empreendimento f\u00e1cil. A m\u00e1quina custa caro (cerca de cem mil d\u00f3lares). Segundo Beatty, isso n\u00e3o impede que mais de trezentas j\u00e1 estejam instaladas nos EUA, v\u00e1rias das quais em livrarias independentes. Na Europa, o pa\u00eds que mais as importou \u00e9 precisamente a Fran\u00e7a.<\/p>\n<p>Na Fran\u00e7a, a Espresso Book Machine \u00e9 explorada por um cons\u00f3rcio constitu\u00eddo pelo <a onclick=\"javascript:pageTracker._trackPageview('\/outgoing\/www.com-idep.fr\/accompagnement-strategique\/ireneo');\"  href=\"http:\/\/www.com-idep.fr\/accompagnement-strategique\/ireneo\" onclick=\"return TrackClick('http%3A%2F%2Fwww.com-idep.fr%2Faccompagnement-strategique%2Fireneo','IDEP')\" onclick=\"return TrackClick('http%3A%2F%2Fwww.com-idep.fr%2Faccompagnement-strategique%2Fireneo','IREN%C3%89O')\" target=\"_blank\">IREN\u00c9O<\/a>,\u00a0 um programa de pesquisas sobre a impress\u00e3o de livros sob demanda, que faz parte do\u00a0<a onclick=\"javascript:pageTracker._trackPageview('\/outgoing\/www.com-idep.fr\/accompagnement-strategique\/ireneo');\"  href=\"http:\/\/www.com-idep.fr\/accompagnement-strategique\/ireneo\" onclick=\"return TrackClick('http%3A%2F%2Fwww.com-idep.fr%2Faccompagnement-strategique%2Fireneo','IDEP')\" onclick=\"return TrackClick('http%3A%2F%2Fwww.com-idep.fr%2Faccompagnement-strategique%2Fireneo','IREN%C3%89O')\" target=\"_blank\"> IDEP<\/a> (Institut de d\u00e9veloppement et d\u2019expertise plurim\u00e9dia) \u00a0e pela <a onclick=\"javascript:pageTracker._trackPageview('\/outgoing\/www.uniic.org\/');\"  href=\"http:\/\/www.uniic.org\/\" onclick=\"return TrackClick('http%3A%2F%2Fwww.uniic.org%2F','UNIIC')\" target=\"_blank\">UNIIC<\/a> (Union nationale des industries de l\u2019impression et de la communication), \u00a0que seria mais ou menos o equivalente da ABIGRAF brasileira. Esse cons\u00f3rcio adquiriu seis m\u00e1quinas para uso em escolas e universidades. Uma delas est\u00e1 alugada pela PUF por dois anos, o que reduz substancialmente o investimento fixo inicial. A editora, que \u00e9 essencialmente uma casa de publica\u00e7\u00f5es universit\u00e1rias (inclusive a famosa cole\u00e7\u00e3o \u201cQue sais-je?\u201d), qualificou-se assim para receber uma das m\u00e1quinas importadas.<\/p>\n<p><img decoding=\"async\" loading=\"lazy\" class=\"alignnone size-full wp-image-2894\" src=\"http:\/\/oxisdoproblema.com.br\/wp-content\/uploads\/2016\/06\/puf-3.jpg\" alt=\"puf 3\" width=\"640\" height=\"360\" srcset=\"http:\/\/oxisdoproblema.com.br\/wp-content\/uploads\/2016\/06\/puf-3.jpg 640w, http:\/\/oxisdoproblema.com.br\/wp-content\/uploads\/2016\/06\/puf-3-300x169.jpg 300w\" sizes=\"(max-width: 640px) 100vw, 640px\" \/>Essas informa\u00e7\u00f5es deixam claro que a implanta\u00e7\u00e3o desse tipo de m\u00e1quina exigiria um esfor\u00e7o combinado de entidades p\u00fablicas e privadas que estivesse voltada para o desenvolvimento da ind\u00fastria editorial e livreira. Certamente isso se enquadraria em uma pol\u00edtica de promo\u00e7\u00e3o do livro e da leitura, com os benef\u00edcios adicionais de melhorar substancialmente o lado log\u00edstico da distribui\u00e7\u00e3o de livros no Brasil.<\/p>\n<p><em>H\u00e9las\u00b8 <\/em>diriam os franceses, essa \u00e9 uma tarefa particularmente dif\u00edcil no Brasil de hoje: crise econ\u00f4mica, pol\u00edticas de \u201csalve-se quem puder\u201d tamb\u00e9m na \u00e1rea editorial, e uma cr\u00f4nica incapacidade dos segmentos de editores, livreiros e gr\u00e1ficos para pensar e atuar coordenadamente em benef\u00edcio comum, tudo se comp\u00f5e para aumentar as dificuldades.<\/p>\n<p>Certamente a Expresso Book Machine n\u00e3o \u00e9 uma solu\u00e7\u00e3o m\u00e1gica para a ind\u00fastria editorial e muito menos para as livrarias. Mas certamente \u00e9 um esfor\u00e7o em busca de construir um conjunto de solu\u00e7\u00f5es para os problemas do setor, e que interferem diretamente nos \u00edndices de leitura dos brasileiros. As dificuldades de log\u00edstica, o pre\u00e7o dos livros, a situa\u00e7\u00e3o vergonhosa dos sistemas de bibliotecas p\u00fablicas s\u00e3o componentes dos baixos \u00edndices de leitura.<\/p>\n<p>Com o abandono muito prov\u00e1vel pelos pr\u00f3ximos dois anos dos programas de aquisi\u00e7\u00e3o de livros de literatura para as escolas p\u00fablicas (e oxal\u00e1 o do livro did\u00e1ticos tamb\u00e9m n\u00e3o seja reduzido), agravando uma situa\u00e7\u00e3o que j\u00e1 se desenhava como ruim desde o ano passado, pensar na Expresso Book Machine por aqui \u00e9, como diria o Millor Fernandes, apenas um exerc\u00edcio de livre pensar. Que \u00e9 s\u00f3 pensar e como tal n\u00e3o custa nada.<\/p>\n<p>O que ainda d\u00e1 um sopro de esperan\u00e7a nesse caso \u00e9 que eu soube da livraria da PUF pela not\u00edcia publicada na edi\u00e7\u00e3o do dia 13 de junho do <a onclick=\"javascript:pageTracker._trackPageview('\/outgoing\/www.nytimes.com\/2016\/06\/13\/business\/international\/new-chapter-for-classic-paris-bookstore-books-printed-on-demand.html?emc=edit_th_20160613&amp;nl=todaysheadlines&amp;nlid=34745874&amp;_r=0');\"  href=\"http:\/\/www.nytimes.com\/2016\/06\/13\/business\/international\/new-chapter-for-classic-paris-bookstore-books-printed-on-demand.html?emc=edit_th_20160613&amp;nl=todaysheadlines&amp;nlid=34745874&amp;_r=0\" onclick=\"return TrackClick('http%3A%2F%2Fwww.nytimes.com%2F2016%2F06%2F13%2Fbusiness%2Finternational%2Fnew-chapter-for-classic-paris-bookstore-books-printed-on-demand.html%3Femc%3Dedit_th_20160613%26amp%3Bnl%3Dtodaysheadlines%26amp%3Bnlid%3D34745874%26amp%3B_r%3D0','New+York+Times')\" target=\"_blank\">New York Times<\/a>. E lembrei da \u00e9poca do Henfil nos EUA, e o bord\u00e3o que ele usava nos \u201cDi\u00e1rios de um Cucaracha\u201d no Pasquim (depois virou livro, hoje s\u00f3 em sebos, j\u00e1 que n\u00e3o temos uma Expresso Book Machine por aqui&#8230;), dizendo que uma coisa s\u00f3 ficava importante quando era publicada no jornal\u00e3o da Grande Ma\u00e7\u00e3. Como isso aconteceu, quem sabe&#8230; (apesar do NYT ser financiado pelo PT, segundo o Fi\u00faza, colunista de <em>O Globo <\/em>e da revista\u00a0<em>\u00c9poca<\/em>).<\/p>\n","protected":false},"excerpt":{"rendered":"<p>A nova livraria da PUF \u2013 Presses Universitaires de France, ocupa um espa\u00e7o de menos de 80m2. N\u00e3o est\u00e1 longe do local onde existiu entre 1921 e 2006, na Place da la Sorbonne, e que era um ponto de encontro dos estudantes e da intelectualidade francesa. No entanto, a nova livraria disponibiliza aos clientes todos &hellip; <a href=\"http:\/\/oxisdoproblema.com.br\/?p=2890\" onclick=\"return TrackClick('http%3A%2F%2Foxisdoproblema.com.br%2F%3Fp%3D2890','Continue+lendo+%E2%80%9CLES+PUF%E2%80%9D+EM+PARIS+%E2%80%93+UMA+LIVRARIA+DE+NOVO+TIPO+%26rarr%3B')\" class=\"more-link\">Continue lendo <span class=\"screen-reader-text\">\u201cLES PUF\u201d EM PARIS \u2013 UMA LIVRARIA DE NOVO TIPO<\/span> <span class=\"meta-nav\">&rarr;<\/span><\/a><\/p>\n","protected":false},"author":1,"featured_media":0,"comment_status":"open","ping_status":"open","sticky":false,"template":"","format":"standard","meta":[],"categories":[178],"tags":[722,113,724,85,723],"_links":{"self":[{"href":"http:\/\/oxisdoproblema.com.br\/index.php?rest_route=\/wp\/v2\/posts\/2890"}],"collection":[{"href":"http:\/\/oxisdoproblema.com.br\/index.php?rest_route=\/wp\/v2\/posts"}],"about":[{"href":"http:\/\/oxisdoproblema.com.br\/index.php?rest_route=\/wp\/v2\/types\/post"}],"author":[{"embeddable":true,"href":"http:\/\/oxisdoproblema.com.br\/index.php?rest_route=\/wp\/v2\/users\/1"}],"replies":[{"embeddable":true,"href":"http:\/\/oxisdoproblema.com.br\/index.php?rest_route=%2Fwp%2Fv2%2Fcomments&post=2890"}],"version-history":[{"count":2,"href":"http:\/\/oxisdoproblema.com.br\/index.php?rest_route=\/wp\/v2\/posts\/2890\/revisions"}],"predecessor-version":[{"id":2896,"href":"http:\/\/oxisdoproblema.com.br\/index.php?rest_route=\/wp\/v2\/posts\/2890\/revisions\/2896"}],"wp:attachment":[{"href":"http:\/\/oxisdoproblema.com.br\/index.php?rest_route=%2Fwp%2Fv2%2Fmedia&parent=2890"}],"wp:term":[{"taxonomy":"category","embeddable":true,"href":"http:\/\/oxisdoproblema.com.br\/index.php?rest_route=%2Fwp%2Fv2%2Fcategories&post=2890"},{"taxonomy":"post_tag","embeddable":true,"href":"http:\/\/oxisdoproblema.com.br\/index.php?rest_route=%2Fwp%2Fv2%2Ftags&post=2890"}],"curies":[{"name":"wp","href":"https:\/\/api.w.org\/{rel}","templated":true}]}}