{"id":2813,"date":"2015-11-11T09:55:04","date_gmt":"2015-11-11T12:55:04","guid":{"rendered":"http:\/\/oxisdoproblema.com.br\/?p=2813"},"modified":"2015-11-11T09:55:04","modified_gmt":"2015-11-11T12:55:04","slug":"peru-divulga-pesquisa-sobre-habitos-de-leitura","status":"publish","type":"post","link":"http:\/\/oxisdoproblema.com.br\/?p=2813","title":{"rendered":"PERU DIVULGA PESQUISA SOBRE H\u00c1BITOS DE LEITURA"},"content":{"rendered":"<p><img decoding=\"async\" loading=\"lazy\" class=\"alignleft size-medium wp-image-2814\" src=\"http:\/\/oxisdoproblema.com.br\/wp-content\/uploads\/2015\/11\/peru-encuesta-1-300x267.jpg\" alt=\"peru encuesta 1\" width=\"300\" height=\"267\" srcset=\"http:\/\/oxisdoproblema.com.br\/wp-content\/uploads\/2015\/11\/peru-encuesta-1-300x267.jpg 300w, http:\/\/oxisdoproblema.com.br\/wp-content\/uploads\/2015\/11\/peru-encuesta-1.jpg 971w\" sizes=\"(max-width: 300px) 100vw, 300px\" \/><br \/>\n<img decoding=\"async\" loading=\"lazy\" class=\"alignleft size-medium wp-image-2815\" src=\"http:\/\/oxisdoproblema.com.br\/wp-content\/uploads\/2015\/11\/peru-encuesta-2-300x270.jpg\" alt=\"peru encuesta 2\" width=\"300\" height=\"270\" srcset=\"http:\/\/oxisdoproblema.com.br\/wp-content\/uploads\/2015\/11\/peru-encuesta-2-300x270.jpg 300w, http:\/\/oxisdoproblema.com.br\/wp-content\/uploads\/2015\/11\/peru-encuesta-2.jpg 939w\" sizes=\"(max-width: 300px) 100vw, 300px\" \/><br \/>\n<img decoding=\"async\" loading=\"lazy\" class=\"alignleft size-medium wp-image-2816\" src=\"http:\/\/oxisdoproblema.com.br\/wp-content\/uploads\/2015\/11\/peru-encuesta-3-300x161.jpg\" alt=\"peru encuesta 3\" width=\"300\" height=\"161\" srcset=\"http:\/\/oxisdoproblema.com.br\/wp-content\/uploads\/2015\/11\/peru-encuesta-3-300x161.jpg 300w, http:\/\/oxisdoproblema.com.br\/wp-content\/uploads\/2015\/11\/peru-encuesta-3.jpg 943w\" sizes=\"(max-width: 300px) 100vw, 300px\" \/><br \/>\n<img decoding=\"async\" loading=\"lazy\" class=\"alignleft size-medium wp-image-2817\" src=\"http:\/\/oxisdoproblema.com.br\/wp-content\/uploads\/2015\/11\/peru-encuesta-4-300x220.jpg\" alt=\"peru encuesta 4\" width=\"300\" height=\"220\" srcset=\"http:\/\/oxisdoproblema.com.br\/wp-content\/uploads\/2015\/11\/peru-encuesta-4-300x220.jpg 300w, http:\/\/oxisdoproblema.com.br\/wp-content\/uploads\/2015\/11\/peru-encuesta-4.jpg 942w\" sizes=\"(max-width: 300px) 100vw, 300px\" \/> O jornal lime\u00f1o La Rep\u00fablica divulgou, em sua edi\u00e7\u00e3o de domingo, 7 de novembro, uma<a onclick=\"javascript:pageTracker._trackPageview('\/outgoing\/larepublica.pe\/impresa\/sociedad\/716531-encuesta-nacional-sobre-habitos-de-lectura-de-los-peruanos');\"  href=\"http:\/\/larepublica.pe\/impresa\/sociedad\/716531-encuesta-nacional-sobre-habitos-de-lectura-de-los-peruanos\" onclick=\"return TrackClick('http%3A%2F%2Flarepublica.pe%2Fimpresa%2Fsociedad%2F716531-encuesta-nacional-sobre-habitos-de-lectura-de-los-peruanos','Encuesta+nacional+sobre+h%C3%A1bitos+de+lectura+de+los+peruanos')\" target=\"_blank\"> <strong>Encuesta nacional sobre h\u00e1bitos de lectura de los peruanos<\/strong> <\/a>\u00a0. A pesquisa foi feita pelo <strong><a onclick=\"javascript:pageTracker._trackPageview('\/outgoing\/iop.pucp.edu.pe\/index.php?option=com_content&amp;view=frontpage&amp;Itemid=1');\"  href=\"http:\/\/iop.pucp.edu.pe\/index.php?option=com_content&amp;view=frontpage&amp;Itemid=1\" onclick=\"return TrackClick('http%3A%2F%2Fiop.pucp.edu.pe%2Findex.php%3Foption%3Dcom_content%26amp%3Bview%3Dfrontpage%26amp%3BItemid%3D1','Instituto+de+Opini%C3%B3n+P%C3%BAblica+da+Pontif%C3%ADcia+Universidad+Cat%C3%B3lica+del+Per%C3%BA')\" target=\"_blank\">Instituto de Opini\u00f3n P\u00fablica da Pontif\u00edcia Universidad Cat\u00f3lica del Per\u00fa<\/a><\/strong> que disponibiliza o acesso aos dados de suas pesquisas mediante registo. Assim, a partir da not\u00edcia de jornal, fui buscar a \u00edntegra do trabalho.<\/p>\n<p>N\u00e3o conhecia outros estudos do g\u00eanero no Peru. Pelo que consegui apurar, esta seria pelo menos a segunda. No site do IOP-PUCPE essa pesquisa divulgada agora ainda n\u00e3o est\u00e1 com os dados integrais na biblioteca da institui\u00e7\u00e3o. Aparece ali apenas uma pesquisa feita no \u00e2mbito de Lima Metropolitana, em 2007.<\/p>\n<p>\u00c9 importante destacar, desde logo, que a simples exist\u00eancia dessas pesquisas \u00e9 indicativa do crescimento do interesse pelo assunto nos pa\u00edses da Am\u00e9rica Latina. Na medida em que possam adotar uma metodologia mais uniforme, teremos instrumentos de compara\u00e7\u00e3o da situa\u00e7\u00e3o nos v\u00e1rios pa\u00edses. Isso seria muito \u00fatil para verificar a efic\u00e1cia de pol\u00edticas p\u00fablicas na \u00e1rea, j\u00e1 que a aus\u00eancia ou presen\u00e7a delas em cada pa\u00eds teria indicadores de efici\u00eancia.<\/p>\n<p>A pesquisa peruana tamb\u00e9m foi feita com as t\u00e9cnicas tradicionais de amostragem estratificada. S\u00f3 que, no caso peruano, deixou-se de lado uma vari\u00e1vel crucial para seu objeto: a estratifica\u00e7\u00e3o por escolaridade. Levaram-se em considera\u00e7\u00e3o as estratifica\u00e7\u00f5es por idade (come\u00e7ando aos dezoito anos) e os n\u00edveis socioecon\u00f4micos (as famosas \u201cclasses\u201d A, B, C, D e E).<\/p>\n<p>Como vivi e estudei no Peru, conhe\u00e7o tamb\u00e9m os imensos contrastes entre as tr\u00eas grandes \u00e1reas ecol\u00f3gicas do pa\u00eds, a costa, a serra (Andes) e a Amaz\u00f4nia. S\u00e3o muito mais significativas e profundas que as encontradas no Brasil. Os resultados divulgados no La Rep\u00fablica dividem os grupos apenas em tr\u00eas componentes: Lima\/Callao (Callao \u00e9 a cidade porto vizinha de Lima, com a qual constitui a maior regi\u00e3o metropolitana do pa\u00eds), Interior Urbano e Interior Rural. \u00c9 muito pouco para abarcar a diversidade do pa\u00eds, mas essa observa\u00e7\u00e3o deve ficar em aberto at\u00e9 a divulga\u00e7\u00e3o mais completa do estudo.<\/p>\n<p>A pesquisa tamb\u00e9m \u00e9 bem menos completa do que a que fazemos no Brasil.<\/p>\n<p><img decoding=\"async\" loading=\"lazy\" class=\"alignnone size-large wp-image-2522\" src=\"http:\/\/oxisdoproblema.com.br\/wp-content\/uploads\/2014\/12\/banner-e-books-1024x372.jpg\" alt=\"banner e-books\" width=\"474\" height=\"172\" srcset=\"http:\/\/oxisdoproblema.com.br\/wp-content\/uploads\/2014\/12\/banner-e-books-1024x372.jpg 1024w, http:\/\/oxisdoproblema.com.br\/wp-content\/uploads\/2014\/12\/banner-e-books-300x109.jpg 300w, http:\/\/oxisdoproblema.com.br\/wp-content\/uploads\/2014\/12\/banner-e-books.jpg 1262w\" sizes=\"(max-width: 474px) 100vw, 474px\" \/><\/p>\n<p><!--more--><\/p>\n<p>Alguns pontos complicados:<\/p>\n<p>&#8211; N\u00e3o define o que \u00e9 leitor, ainda que os dados sobre livros lidos pelos pesquisados se restrinja \u00e0queles que leram pelo menos um livro nos \u00faltimos tr\u00eas meses. Ser\u00e1 essa a defini\u00e7\u00e3o de leitor?<\/p>\n<p>&#8211; O corte de idade \u00e9 aos dezoito anos e mais. Ao analisar apenas a popula\u00e7\u00e3o acima de dezoito anos, a pesquisa da PUCPE-IOP perde a medida da leitura de pelo menos uma faixa significativa de leitores, entre os 14 e os 18 anos. Esses leitores ainda est\u00e3o na escola, mas j\u00e1 disp\u00f5em de um grau de autonomia para escolher o que querem ler.<\/p>\n<p>O \u201cRetrato da Leitura no Brasil\u201d amplia o universo, considerando toda a popula\u00e7\u00e3o acima de cinco anos e tamb\u00e9m especifica, no universo, os alfabetizados e os analfabetos, o que tamb\u00e9m est\u00e1 ausente na pesquisa peruana.<\/p>\n<p>&#8211; Al\u00e9m da n\u00e3o considera\u00e7\u00e3o da escolaridade em geral como crit\u00e9rio de an\u00e1lise, a pesquisa peruana n\u00e3o avalia o poss\u00edvel impacto de pol\u00edticas de distribui\u00e7\u00e3o de livros nas escolas. No Brasil, com todas as cr\u00edticas que eventualmente s\u00e3o feitas \u2013 e o cancelamento das aquisi\u00e7\u00f5es de livros de literatura este ano \u2013 o PNLD, que j\u00e1 tem uma experi\u00eancia acumulada de d\u00e9cadas, \u00e9 sem d\u00favida um fator de diferencia\u00e7\u00e3o dos \u00edndices de leitura. N\u00e3o tenho conhecimento de programa semelhante, com essa abrang\u00eancia, no Peru. Algo semelhante, que conhe\u00e7o, s\u00f3 no M\u00e9xico.<\/p>\n<p>&#8211; A pesquisa peruana d\u00e1 bastante \u00eanfase \u00e0 quest\u00e3o do livro digital. Em alguns quadros \u00e9 poss\u00edvel comparar com a situa\u00e7\u00e3o brasileira. Por exemplo, a percentagem da popula\u00e7\u00e3o brasileira acima de cinco anos de idade que j\u00e1 ouviu falar em livros digitais \u00e9 de 30%. No Peru, esse \u00edndice est\u00e1 um pouco mais baixo, alcan\u00e7ando 27,9% do universo pesquisado (que, lembremos, \u00e9 percentualmente menor que o brasileiro).<\/p>\n<p>&#8211; Um \u00edndice crucial est\u00e1 ausente da pesquisa peruana: qual o \u00edndice de livros lidos no \u00faltimo ano. A pesquisa peruana se define como a busca dos \u201ch\u00e1bitos de leitura\u201d, enquanto a brasileira (e as demais que seguem o padr\u00e3o do CERLALC) t\u00eam uma abordagem diferente, pois procuram, al\u00e9m de detetar g\u00e9neros, elementos que facilitam a leitura e impedem, o \u00edndice de leitura. Esse \u00edndice est\u00e1 desagregado tanto por n\u00edvel socioecon\u00f4mico quanto por idade e, principalmente, por grau de instru\u00e7\u00e3o.<\/p>\n<p>Contudo, como j\u00e1 assinalei, o simples fato da pesquisa ter sido feita revela o aumento do interesse pelo tema.<\/p>\n<p>Os relat\u00f3rios de atividade do CERLALC n\u00e3o mostram nenhuma a\u00e7\u00e3o no sentido de apoiar pesquisas no pa\u00eds andino. \u00c9 not\u00e1vel que nenhuma entidade vinculada ao livro tenha \u2013 pelas informa\u00e7\u00f5es dispon\u00edveis \u2013 procurado participar, contribuir ou colaborar com a pesquisa feita pela universidade cat\u00f3lica de Lima.<\/p>\n","protected":false},"excerpt":{"rendered":"<p>O jornal lime\u00f1o La Rep\u00fablica divulgou, em sua edi\u00e7\u00e3o de domingo, 7 de novembro, uma Encuesta nacional sobre h\u00e1bitos de lectura de los peruanos \u00a0. A pesquisa foi feita pelo Instituto de Opini\u00f3n P\u00fablica da Pontif\u00edcia Universidad Cat\u00f3lica del Per\u00fa que disponibiliza o acesso aos dados de suas pesquisas mediante registo. Assim, a partir da &hellip; <a href=\"http:\/\/oxisdoproblema.com.br\/?p=2813\" onclick=\"return TrackClick('http%3A%2F%2Foxisdoproblema.com.br%2F%3Fp%3D2813','Continue+lendo+PERU+DIVULGA+PESQUISA+SOBRE+H%C3%81BITOS+DE+LEITURA+%26rarr%3B')\" class=\"more-link\">Continue lendo <span class=\"screen-reader-text\">PERU DIVULGA PESQUISA SOBRE H\u00c1BITOS DE LEITURA<\/span> <span class=\"meta-nav\">&rarr;<\/span><\/a><\/p>\n","protected":false},"author":1,"featured_media":0,"comment_status":"open","ping_status":"open","sticky":false,"template":"","format":"standard","meta":[],"categories":[178],"tags":[315,705,704],"_links":{"self":[{"href":"http:\/\/oxisdoproblema.com.br\/index.php?rest_route=\/wp\/v2\/posts\/2813"}],"collection":[{"href":"http:\/\/oxisdoproblema.com.br\/index.php?rest_route=\/wp\/v2\/posts"}],"about":[{"href":"http:\/\/oxisdoproblema.com.br\/index.php?rest_route=\/wp\/v2\/types\/post"}],"author":[{"embeddable":true,"href":"http:\/\/oxisdoproblema.com.br\/index.php?rest_route=\/wp\/v2\/users\/1"}],"replies":[{"embeddable":true,"href":"http:\/\/oxisdoproblema.com.br\/index.php?rest_route=%2Fwp%2Fv2%2Fcomments&post=2813"}],"version-history":[{"count":1,"href":"http:\/\/oxisdoproblema.com.br\/index.php?rest_route=\/wp\/v2\/posts\/2813\/revisions"}],"predecessor-version":[{"id":2818,"href":"http:\/\/oxisdoproblema.com.br\/index.php?rest_route=\/wp\/v2\/posts\/2813\/revisions\/2818"}],"wp:attachment":[{"href":"http:\/\/oxisdoproblema.com.br\/index.php?rest_route=%2Fwp%2Fv2%2Fmedia&parent=2813"}],"wp:term":[{"taxonomy":"category","embeddable":true,"href":"http:\/\/oxisdoproblema.com.br\/index.php?rest_route=%2Fwp%2Fv2%2Fcategories&post=2813"},{"taxonomy":"post_tag","embeddable":true,"href":"http:\/\/oxisdoproblema.com.br\/index.php?rest_route=%2Fwp%2Fv2%2Ftags&post=2813"}],"curies":[{"name":"wp","href":"https:\/\/api.w.org\/{rel}","templated":true}]}}