{"id":2798,"date":"2015-10-07T09:48:30","date_gmt":"2015-10-07T12:48:30","guid":{"rendered":"http:\/\/oxisdoproblema.com.br\/?p=2798"},"modified":"2015-10-07T09:48:30","modified_gmt":"2015-10-07T12:48:30","slug":"sao-luis-mais-uma-feira-e-palestra-e-os-problemas-recorrentes","status":"publish","type":"post","link":"http:\/\/oxisdoproblema.com.br\/?p=2798","title":{"rendered":"S\u00e3o Luis, mais uma feira e palestra. E os problemas recorrentes"},"content":{"rendered":"<p><img decoding=\"async\" loading=\"lazy\" class=\"alignnone size-full wp-image-2324\" src=\"http:\/\/oxisdoproblema.com.br\/wp-content\/uploads\/2014\/05\/Capturar1.jpg\" alt=\"Capturar\" width=\"999\" height=\"148\" srcset=\"http:\/\/oxisdoproblema.com.br\/wp-content\/uploads\/2014\/05\/Capturar1.jpg 999w, http:\/\/oxisdoproblema.com.br\/wp-content\/uploads\/2014\/05\/Capturar1-300x44.jpg 300w\" sizes=\"(max-width: 999px) 100vw, 999px\" \/><\/p>\n<p>Estou em S. Luis, capital do Maranh\u00e3o e Patrim\u00f4nio Cultural da Humanidade por seu centro hist\u00f3rico. Vim convidado pela professora Mary Ferreira, da Biblioteconomia da UFMA, para conversar com as bibliotec\u00e1rias na abertura do Simp\u00f3sio que organizam em paralelo \u00e0 FELIS \u2013 Feira de Livro de S. Luis.<\/p>\n<p>Conversei, \u00e9 claro, sobre os temas que venho tratando aqui e alhures h\u00e1 anos: bibliotecas p\u00fablicas, acesso ao livro, programas de leitura. Enfim, pol\u00edticas p\u00fablicas. Apesar da greve da UFMA \u2013 os professores universit\u00e1rios devem realmente repensar suas formas de luta pois essas greves s\u00f3 prejudicam os alunos \u2013 havia um razo\u00e1vel n\u00famero de alunos do curso, al\u00e9m das bibliotec\u00e1rias j\u00e1 na ativa.<\/p>\n<p>Para minha supresa, uma professora \u2013 n\u00e3o bibliotec\u00e1ria, mas que cuida da biblioteca que existe em uma escola de ensino b\u00e1sico da cidade \u2013 levou uma turma de estudantes. Adolescentes e pr\u00e9-adolescentes que prestaram aten\u00e7\u00e3o na conversa (ou pelo menos fingiram bem, n\u00e3o vi ningu\u00e9m cabeceando), e alguns depois at\u00e9 fizeram perguntas.<\/p>\n<p>N\u00e3o vou repetir aqui os temas sobre os quais falei, que s\u00e3o, como disse, constantemente tratados neste espa\u00e7o. \u201cO Livro e a Leitura na Constru\u00e7\u00e3o de uma Cidade Livre\u201d- t\u00edtulo da palestra &#8211; foi campo aberto para compartilhar minhas reflex\u00f5es.<\/p>\n<p>No final, a profa. Mary Ferreira resolveu fazer uma gincana entre os meninos para distribuir as sacolas dispon\u00edveis, com perguntas sobre autores maranhenses (vivos e mortos, mas sem ex-presidentes&#8230;) e os mais conhecidos no repert\u00f3rio dos livros sempre enviados aos col\u00e9gios.<\/p>\n<p>Para minha surpresa (a manh\u00e3 foi cheia de surpresas&#8230;), responderam perguntas sobre Artur Azevedo (maranhense), Josu\u00e9 Montello, e sobre o indefect\u00edvel poeta do \u201cPoema Sujo\u201d. Mas nenhum deles se lembrou de um t\u00edtulo do Machado de Assis. Realmente fiquei surpreso. Sempre pensei que nosso Bruxo, de tanto ser enviado para as bibliotecas escolares, suscitaria pelo menos uma lembran\u00e7a. Ledo engano. Parece que, finalmente, os professores est\u00e3o usando mais t\u00edtulos de autores locais e, certamente, desses outros livros que a meninada anda devorando. Um citou o nome da autora do Harry Potter \u2013 corretamente \u2013 e outro do autor da s\u00e9rie dos Bananas. Foi uma surpresa divertida.<\/p>\n<p>O simp\u00f3sio sobre bibliotecas acontece paralelo \u00e0 Feira. Nessa, como sempre \u2013 a come\u00e7ar pelas Bienais \u2013 os estandes com saldos dominam, acaparando a aten\u00e7\u00e3o dos frequentadores. J\u00e1 discuti isso em outros lugares e n\u00e3o vou voltar aqui. Algumas editoras \u2013 certamente apoiando-se em seus representantes locais \u2013 tinham estandes pr\u00f3prios: L&amp;PM, Cia. Das Letras, Moderna, Vozes. E l\u00e1 estava o Bel\u00e9, diretor da Express\u00e3o Popular, editora que \u00e9 um bra\u00e7o do MST e tem editado livros de pensamento de esquerda, inclusive resgatando e publicando a pre\u00e7os populares alguns dos cl\u00e1ssicos. A Express\u00e3o Popular foi quem publicou a primeira edi\u00e7\u00e3o do \u201cK\u201d, o premiado romance do Kucinsky.<\/p>\n<p>Bel\u00e9 cumpria ali a \u00faltima etapa de uma maratona de feiras: Palmas, Recife e S\u00e3o Luis. Queixando-se, naturalmente, dos sald\u00f5es e das livrarias evang\u00e9licas vendendo saldos de B\u00edblias.<\/p>\n<p>Quero deixar claro, desde logo, que sou altamente favor\u00e1vel a essas feiras regionais e locais. Sempre representam uma oportunidade de contato entre autores e leitores. \u00c9 tamb\u00e9m pretexto e mote para atividades como o simp\u00f3sio organizado pelas bibliotec\u00e1rias, que se transforma tamb\u00e9m em um foro de reinvindica\u00e7\u00f5es em torno das bibliotecas e programa de leitura, cumprimento da lei que obriga a exist\u00eancia de bibliotecas escolares e a\u00e7\u00f5es similares.<\/p>\n<p><img decoding=\"async\" loading=\"lazy\" class=\"alignnone size-full wp-image-2280\" src=\"http:\/\/oxisdoproblema.com.br\/wp-content\/uploads\/2014\/03\/an\u00fancio-fantasma-Digital4.jpg\" alt=\"an\u00fancio fantasma Digital\" width=\"597\" height=\"174\" srcset=\"http:\/\/oxisdoproblema.com.br\/wp-content\/uploads\/2014\/03\/an\u00fancio-fantasma-Digital4.jpg 597w, http:\/\/oxisdoproblema.com.br\/wp-content\/uploads\/2014\/03\/an\u00fancio-fantasma-Digital4-300x87.jpg 300w\" sizes=\"(max-width: 597px) 100vw, 597px\" \/><\/p>\n<p><!--more--><\/p>\n<p>Mas as quest\u00f5es levantadas pelo Bel\u00e9 s\u00e3o recorrentes \u00c9 um problema nas feiras de livros, de todos os portes. S\u00f3 n\u00e3o existe nos festivais, como a FLIP e semelhantes. E \u00e9 de dif\u00edcil solu\u00e7\u00e3o.<\/p>\n<p>Por um lado, temos editoras que se dedicam \u00e0s obras gerais e literatura para adultos. Por outro, toda a variedade que busca atender ao p\u00fablico jovem, assim como os que t\u00eam dificuldades de leitura (os livros de colorir, por exemplo). Para os primeiros, as visita\u00e7\u00f5es escolares, que levam as crian\u00e7as at\u00e9 as feiras. E, finalmente, os sald\u00f5es, que \u00e0s vezes se confundem com o segmento anterior. E crescendo cada vez mais, as editoras e livrarias evang\u00e9licas, cada seita disputando seu p\u00fablico espec\u00edfico. Dito seja, que as s\u00e9rias, como a Mundo Crist\u00e3o e a Thomas Nelson, s\u00f3 aparecem atrav\u00e9s das livrarias locais,e em oferta t\u00e3o escassa quanto \u00e0 das obras gerais,<\/p>\n<p>Bel\u00e9 sugeria que, pelo menos, houvesse uma distribui\u00e7\u00e3o na ordem das barracas de modo a evitar as confus\u00f5es. \u201cTudo bem que eles (os evang\u00e9licos fundamentalistas, as igrejas dos malafaias da vida) estejam presentes. Mas colocar uma delas ao lado da Express\u00e3o Popular e de outras editoras, s\u00f3 causa confus\u00e3o e pode dar origem a tumultos, com a falta de civilidade que anda por a\u00ed\u201d.<\/p>\n<p>O problema, pela minha experi\u00eancia em feiras, \u00e9 que as editoras de obras gerais depois certamente iriam reclamar que o p\u00fablico s\u00f3 circula entre os saldos e as religiosas. \u00c9 um eterno impasse.<\/p>\n<p>Uma parte da solu\u00e7\u00e3o pode estar em uma sele\u00e7\u00e3o mais din\u00e2mica dos autores convidados para a feira. Esses podem ser mais facilmente separados, e talvez uma distribui\u00e7\u00e3o de espa\u00e7os para que se encontrem com seu p\u00fablico &#8211; sem afastar ningu\u00e9m, \u00e9 claro &#8211; poderia criar um direcionamento mais seletivo do p\u00fablico.<\/p>\n<p>A solu\u00e7\u00e3o mais original que vi \u00e9 a da Feira de Guadalajara. S\u00e3o dois espa\u00e7os, com o reservado exclusivamente para a visita\u00e7\u00e3o escolar separado do espa\u00e7o das obras gerais. As editoras podem escolher ter estandes em um ou nos dois espa\u00e7os. Mas \u00e9 bom notar que o espa\u00e7o das escolas tem uma programa\u00e7\u00e3o de atividades muito bem feita, \u00e9 um audit\u00f3rio para as estrelas desse segmento. A feira fica realmente muito mais tranquila e agrad\u00e1vel para todos os p\u00fablicos. Uma distribui\u00e7\u00e3o de espa\u00e7os como essa talvez n\u00e3o seja vi\u00e1vel na imensa maioria das feiras. A solu\u00e7\u00e3o, portanto, n\u00e3o \u00e9 f\u00e1cil.<\/p>\n<p>N\u00e3o \u00e9, tamb\u00e9m, alguma coisa que milagrosamente v\u00e1 surgir da cabe\u00e7a de algum s\u00e1bio. S\u00f3 seria poss\u00edvel chegar a alguma \u2013 ou v\u00e1rias \u2013 solu\u00e7\u00f5es criativas, se houvesse uma disposi\u00e7\u00e3o das entidades do livro de organizar uma discuss\u00e3o ampla, envolvendo os organizadores de feiras de porte variado, editoras e livrarias, de modo que as dificuldades ficassem mais claras e solu\u00e7\u00f5es mais criativas surgissem.<\/p>\n<p>Inclusive para as Bienais que, apesar do ufanismo \u2013 sempre contrastante com a falta de entusiasmo com os resultados que muitos expositores, principalmente os menores e m\u00e9dios, expressam \u00e0 boca pequena. As cr\u00edticas existem, todos n\u00f3s sabemos. Bancar a avestruz e fingir o contr\u00e1rio s\u00f3 levar\u00e1 a mais impasses e problemas.<\/p>\n<p>Isso sem falar no abandono das discuss\u00f5es sobre a rela\u00e7\u00e3o das feiras com as livrarias, assunto que jaz em sil\u00eancio desde que o cheque-livro foi sepultado pela CBL, h\u00e1 anos.<\/p>\n<p>Afinal, esse tipo de iniciativa bem poderia ser algo que, se as entidades de livros fossem realmente \u00fateis no fortalecimento do mercado interno, deveriam fazer.<\/p>\n<p>&nbsp;<\/p>\n","protected":false},"excerpt":{"rendered":"<p>Estou em S. Luis, capital do Maranh\u00e3o e Patrim\u00f4nio Cultural da Humanidade por seu centro hist\u00f3rico. Vim convidado pela professora Mary Ferreira, da Biblioteconomia da UFMA, para conversar com as bibliotec\u00e1rias na abertura do Simp\u00f3sio que organizam em paralelo \u00e0 FELIS \u2013 Feira de Livro de S. Luis. Conversei, \u00e9 claro, sobre os temas que &hellip; <a href=\"http:\/\/oxisdoproblema.com.br\/?p=2798\" onclick=\"return TrackClick('http%3A%2F%2Foxisdoproblema.com.br%2F%3Fp%3D2798','Continue+lendo+S%C3%A3o+Luis%2C+mais+uma+feira+e+palestra.+E+os+problemas+recorrentes+%26rarr%3B')\" class=\"more-link\">Continue lendo <span class=\"screen-reader-text\">S\u00e3o Luis, mais uma feira e palestra. E os problemas recorrentes<\/span> <span class=\"meta-nav\">&rarr;<\/span><\/a><\/p>\n","protected":false},"author":1,"featured_media":0,"comment_status":"open","ping_status":"open","sticky":false,"template":"","format":"standard","meta":[],"categories":[178],"tags":[696,149,695,698,697],"_links":{"self":[{"href":"http:\/\/oxisdoproblema.com.br\/index.php?rest_route=\/wp\/v2\/posts\/2798"}],"collection":[{"href":"http:\/\/oxisdoproblema.com.br\/index.php?rest_route=\/wp\/v2\/posts"}],"about":[{"href":"http:\/\/oxisdoproblema.com.br\/index.php?rest_route=\/wp\/v2\/types\/post"}],"author":[{"embeddable":true,"href":"http:\/\/oxisdoproblema.com.br\/index.php?rest_route=\/wp\/v2\/users\/1"}],"replies":[{"embeddable":true,"href":"http:\/\/oxisdoproblema.com.br\/index.php?rest_route=%2Fwp%2Fv2%2Fcomments&post=2798"}],"version-history":[{"count":2,"href":"http:\/\/oxisdoproblema.com.br\/index.php?rest_route=\/wp\/v2\/posts\/2798\/revisions"}],"predecessor-version":[{"id":2800,"href":"http:\/\/oxisdoproblema.com.br\/index.php?rest_route=\/wp\/v2\/posts\/2798\/revisions\/2800"}],"wp:attachment":[{"href":"http:\/\/oxisdoproblema.com.br\/index.php?rest_route=%2Fwp%2Fv2%2Fmedia&parent=2798"}],"wp:term":[{"taxonomy":"category","embeddable":true,"href":"http:\/\/oxisdoproblema.com.br\/index.php?rest_route=%2Fwp%2Fv2%2Fcategories&post=2798"},{"taxonomy":"post_tag","embeddable":true,"href":"http:\/\/oxisdoproblema.com.br\/index.php?rest_route=%2Fwp%2Fv2%2Ftags&post=2798"}],"curies":[{"name":"wp","href":"https:\/\/api.w.org\/{rel}","templated":true}]}}