{"id":2764,"date":"2015-08-12T10:40:03","date_gmt":"2015-08-12T13:40:03","guid":{"rendered":"http:\/\/oxisdoproblema.com.br\/?p=2764"},"modified":"2015-08-12T10:40:03","modified_gmt":"2015-08-12T13:40:03","slug":"machado-de-assis-magazine-prazo-de-inscricoes-termina-dia-17","status":"publish","type":"post","link":"http:\/\/oxisdoproblema.com.br\/?p=2764","title":{"rendered":"MACHADO DE ASSIS MAGAZINE \u2013 PRAZO DE INSCRI\u00c7\u00d5ES TERMINA DIA 17"},"content":{"rendered":"<p><img decoding=\"async\" loading=\"lazy\" class=\"alignnone  wp-image-2768\" src=\"http:\/\/oxisdoproblema.com.br\/wp-content\/uploads\/2015\/08\/Capturar.jpg\" alt=\"Capturar\" width=\"241\" height=\"237\" srcset=\"http:\/\/oxisdoproblema.com.br\/wp-content\/uploads\/2015\/08\/Capturar.jpg 616w, http:\/\/oxisdoproblema.com.br\/wp-content\/uploads\/2015\/08\/Capturar-300x296.jpg 300w\" sizes=\"(max-width: 241px) 100vw, 241px\" \/> A <a onclick=\"javascript:pageTracker._trackPageview('\/outgoing\/www.machadodeassismagazine.bn.br\/new\/index.php');\"  href=\"http:\/\/www.machadodeassismagazine.bn.br\/new\/index.php\" onclick=\"return TrackClick('http%3A%2F%2Fwww.machadodeassismagazine.bn.br%2Fnew%2Findex.php','Machado+de+Assis+Magazine+%E2%80%93+Literatura+Brasileira+em+Tradu%C3%A7%C3%A3o')\" target=\"_blank\">Machado de Assis Magazine \u2013 Literatura Brasileira em Tradu\u00e7\u00e3o<\/a> \u00a0encerrar\u00e1 as inscri\u00e7\u00f5es para seu s\u00e9timo n\u00famero na pr\u00f3xima segunda-feira, dia 17. A convocat\u00f3ria e a rela\u00e7\u00e3o dos documentos necess\u00e1rios para a inscri\u00e7\u00e3o de trechos est\u00e3o dispon\u00edveis para download na p\u00e1gina inicial do site da Machado de Assis Magazine.<\/p>\n<p>A revista, que \u00e9 uma coedi\u00e7\u00e3o entre a Biblioteca Nacional e o Ita\u00fa Cultural, publica excertos de tradu\u00e7\u00f5es de autores brasileiros para difus\u00e3o internacional, e o pr\u00f3ximo n\u00famero ser\u00e1 lan\u00e7ado por ocasi\u00e3o da <a onclick=\"javascript:pageTracker._trackPageview('\/outgoing\/www.fil.com.mx\/info\/info_fil.asp');\"  href=\"http:\/\/www.fil.com.mx\/info\/info_fil.asp\" onclick=\"return TrackClick('http%3A%2F%2Fwww.fil.com.mx%2Finfo%2Finfo_fil.asp','FIL+%E2%80%93Guadalajara')\" target=\"_blank\">FIL \u2013Guadalajara<\/a>, \u00a0que acontecer\u00e1 entre os dias 28 de novembro e 6 de dezembro naquela cidade mexicana. Esta ser\u00e1 a primeira vez que a Machado de Assis Magazine ser\u00e1 lan\u00e7ada em uma feira de livros fora da Europa, j\u00e1 que os dois \u00faltimos n\u00fameros foram difundidos respectivamente nas feiras de Frankfurt e de Paris.<\/p>\n<p>A escolha dos t\u00edtulos \u00e9 feita por uma Comiss\u00e3o Editorial constitu\u00edda por representantes da FBN e do Ita\u00fa Cultural, mas a maioria de seus membros \u00e9 de cr\u00edticos liter\u00e1rios e professores de literatura brasileira, v\u00e1rios tamb\u00e9m com experi\u00eancia no mundo editorial, que selecionam com total liberdade.<\/p>\n<p>A Machado de Assis Magazine vem tendo um papel significativo na difus\u00e3o da literatura brasileira no exterior. Suas edi\u00e7\u00f5es online se transformam em um banco de dados de refer\u00eancia de autores dispon\u00edveis para a tradu\u00e7\u00e3o, de consulta permanente. Os n\u00fameros mostram isso. Desde seu primeiro n\u00famero, em 2012, j\u00e1 tivemos 1.628.213 hits no site da revista, e foram feitos 59.499 downloads, seja do conte\u00fado completo da revista, seja de autores individuais. Ana Maria Machado e Jo\u00e3o Paulo Cuenca est\u00e3o entre os dez autores com trechos mais solicitados para download, com os outros oito referentes a n\u00fameros completos da MAM.<\/p>\n<p><img decoding=\"async\" loading=\"lazy\" class=\"alignnone size-full wp-image-2765\" src=\"http:\/\/oxisdoproblema.com.br\/wp-content\/uploads\/2015\/08\/invitado.jpg\" alt=\"invitado\" width=\"635\" height=\"115\" srcset=\"http:\/\/oxisdoproblema.com.br\/wp-content\/uploads\/2015\/08\/invitado.jpg 635w, http:\/\/oxisdoproblema.com.br\/wp-content\/uploads\/2015\/08\/invitado-300x54.jpg 300w\" sizes=\"(max-width: 635px) 100vw, 635px\" \/><br \/>\nEste ano o pa\u00eds homenageado pela FIL ser\u00e1 a Gr\u00e3-Bretanha, o que garante a presen\u00e7a de grande n\u00famero de editores e jornalistas daquele pa\u00eds. A Feira Internacional do Livro de Guadalajara \u00e9 a mais importante feira profissional da Am\u00e9rica Latina, al\u00e9m de ser um belo festival cultural, com a presen\u00e7a de grande quantidade de autores, apresenta\u00e7\u00f5es musicais e exposi\u00e7\u00f5es de arte.<\/p>\n<p>A FIL Guadalajara completa este ano seu 29\u00ba. anivers\u00e1rio, e o Brasil j\u00e1 foi Pa\u00eds Convidado de Honra em 2001. Este ano a Biblioteca Nacional prev\u00ea o envio de aproximadamente dez autores, que participar\u00e3o de atividades no estande brasileiro e em outros eventos organizados pela Feira. Dois autores brasileiros j\u00e1 ganharam o Pr\u00eamio FIL de Literatura em L\u00ednguas Romances: N\u00e9lida Pi\u00f1\u00f3n, em 1995, e Rubem Fonseca, em 2003.<\/p>\n<figure id=\"attachment_2766\" aria-describedby=\"caption-attachment-2766\" style=\"width: 298px\" class=\"wp-caption alignleft\"><img decoding=\"async\" loading=\"lazy\" class=\"size-medium wp-image-2766\" src=\"http:\/\/oxisdoproblema.com.br\/wp-content\/uploads\/2015\/08\/marcelino-e-nazarian-fil-298x300.jpg\" alt=\"Marcelino e Nazarian estiveram na FIL em 2014\" width=\"298\" height=\"300\" srcset=\"http:\/\/oxisdoproblema.com.br\/wp-content\/uploads\/2015\/08\/marcelino-e-nazarian-fil-298x300.jpg 298w, http:\/\/oxisdoproblema.com.br\/wp-content\/uploads\/2015\/08\/marcelino-e-nazarian-fil-150x150.jpg 150w, http:\/\/oxisdoproblema.com.br\/wp-content\/uploads\/2015\/08\/marcelino-e-nazarian-fil.jpg 364w\" sizes=\"(max-width: 298px) 100vw, 298px\" \/><figcaption id=\"caption-attachment-2766\" class=\"wp-caption-text\">Marcelino e Nazarian estiveram na FIL em 2014<\/figcaption><\/figure>\n<p>J\u00e1 fui v\u00e1rias vezes a Guadalajara, desde antes de 2011, quando participei da organiza\u00e7\u00e3o da participa\u00e7\u00e3o brasileira na feira. Acredito que o modelo adotado em sua organiza\u00e7\u00e3o seja um dos mais originais dentre todos os que conhe\u00e7o.<\/p>\n<p>Destaque-se que a FIL \u00e9 organizada pela Universidad de Guadalajara, uma das mais antigas das Am\u00e9ricas, que tomou a iniciativa de sua cria\u00e7\u00e3o. Essa caracter\u00edstica garante uma intensa programa\u00e7\u00e3o cultural e profissional. Os dois primeiros dias s\u00e3o reservados aos profissionais da ind\u00fastria editorial, com v\u00e1rios semin\u00e1rios e encontros destinados a esse p\u00fablico, al\u00e9m do funcionamento de um Centro de Neg\u00f3cios muito ativo.<\/p>\n<p>Um dos investimentos que a FIL vem fazendo h\u00e1 muitos anos \u00e9 o de financiar parte dos gastos de estadia de bibliotec\u00e1rios provenientes principalmente dos Estados Unidos. Como o espanhol \u00e9 o segundo idioma falado nesse pa\u00eds, grande parte das bibliotecas mantem oferta de livros de fic\u00e7\u00e3o e n\u00e3o fic\u00e7\u00e3o, al\u00e9m de obras t\u00e9cnico-cient\u00edficas, para atender o p\u00fablico que, vivendo nos EUA, n\u00e3o deseja perder o contado com seu idioma original.<\/p>\n<p>Outro fator interessante da organiza\u00e7\u00e3o da FIL \u00e9 a separa\u00e7\u00e3o f\u00edsica da \u00e1rea para crian\u00e7as e jovens. Os jovens que visitam a feira com seus colegas n\u00e3o apenas recebem uma intensa programa\u00e7\u00e3o cultural destinada a eles, como isso \u00e9 feito em uma \u00e1rea pr\u00f3pria. Com isso, a FIL evita a balb\u00fardia que vemos por aqui nas \u00e1reas destinadas ao p\u00fablico adulto e profissional, fazendo com que o evento tenha uma extraordin\u00e1ria rentabilidade para editores, bibliotec\u00e1rios e profissionais que comparecem, principalmente nos primeiros dias. \u00c9 um modelo interessante que poderia ser melhor observado e adaptado para as nossas condi\u00e7\u00f5es.<\/p>\n<p>Com essa organiza\u00e7\u00e3o, a FIL Guadalajara conseguiu se caracterizar efetivamente como um evento que consegue combinar as atividades profissionais e de neg\u00f3cios com a grande presen\u00e7a de p\u00fablico adulto e infantil.<\/p>\n<p>Acreditamos que este s\u00e9timo n\u00famero da Machado de Assis Magazine \u2013 Revista Brasileira de Tradu\u00e7\u00e3o ter\u00e1 um impacto significativo para a difus\u00e3o de nossos autores, n\u00e3o apenas junto ao mercado editorial latino-americano, como tamb\u00e9m junto aos editores da Gr\u00e3-Bretanha.<\/p>\n<p>As inscri\u00e7\u00f5es podem ser feitas tanto pelos autores, como tamb\u00e9m pelos editores e tradutores, desde que obede\u00e7am aos requisitos especificados na Convocat\u00f3ria.<\/p>\n<p>Habilitem-se, pois.<\/p>\n","protected":false},"excerpt":{"rendered":"<p>A Machado de Assis Magazine \u2013 Literatura Brasileira em Tradu\u00e7\u00e3o \u00a0encerrar\u00e1 as inscri\u00e7\u00f5es para seu s\u00e9timo n\u00famero na pr\u00f3xima segunda-feira, dia 17. A convocat\u00f3ria e a rela\u00e7\u00e3o dos documentos necess\u00e1rios para a inscri\u00e7\u00e3o de trechos est\u00e3o dispon\u00edveis para download na p\u00e1gina inicial do site da Machado de Assis Magazine. A revista, que \u00e9 uma coedi\u00e7\u00e3o &hellip; <a href=\"http:\/\/oxisdoproblema.com.br\/?p=2764\" onclick=\"return TrackClick('http%3A%2F%2Foxisdoproblema.com.br%2F%3Fp%3D2764','Continue+lendo+MACHADO+DE+ASSIS+MAGAZINE+%E2%80%93+PRAZO+DE+INSCRI%C3%87%C3%95ES+TERMINA+DIA+17+%26rarr%3B')\" class=\"more-link\">Continue lendo <span class=\"screen-reader-text\">MACHADO DE ASSIS MAGAZINE \u2013 PRAZO DE INSCRI\u00c7\u00d5ES TERMINA DIA 17<\/span> <span class=\"meta-nav\">&rarr;<\/span><\/a><\/p>\n","protected":false},"author":1,"featured_media":0,"comment_status":"open","ping_status":"open","sticky":false,"template":"","format":"standard","meta":[],"categories":[1],"tags":[],"_links":{"self":[{"href":"http:\/\/oxisdoproblema.com.br\/index.php?rest_route=\/wp\/v2\/posts\/2764"}],"collection":[{"href":"http:\/\/oxisdoproblema.com.br\/index.php?rest_route=\/wp\/v2\/posts"}],"about":[{"href":"http:\/\/oxisdoproblema.com.br\/index.php?rest_route=\/wp\/v2\/types\/post"}],"author":[{"embeddable":true,"href":"http:\/\/oxisdoproblema.com.br\/index.php?rest_route=\/wp\/v2\/users\/1"}],"replies":[{"embeddable":true,"href":"http:\/\/oxisdoproblema.com.br\/index.php?rest_route=%2Fwp%2Fv2%2Fcomments&post=2764"}],"version-history":[{"count":1,"href":"http:\/\/oxisdoproblema.com.br\/index.php?rest_route=\/wp\/v2\/posts\/2764\/revisions"}],"predecessor-version":[{"id":2767,"href":"http:\/\/oxisdoproblema.com.br\/index.php?rest_route=\/wp\/v2\/posts\/2764\/revisions\/2767"}],"wp:attachment":[{"href":"http:\/\/oxisdoproblema.com.br\/index.php?rest_route=%2Fwp%2Fv2%2Fmedia&parent=2764"}],"wp:term":[{"taxonomy":"category","embeddable":true,"href":"http:\/\/oxisdoproblema.com.br\/index.php?rest_route=%2Fwp%2Fv2%2Fcategories&post=2764"},{"taxonomy":"post_tag","embeddable":true,"href":"http:\/\/oxisdoproblema.com.br\/index.php?rest_route=%2Fwp%2Fv2%2Ftags&post=2764"}],"curies":[{"name":"wp","href":"https:\/\/api.w.org\/{rel}","templated":true}]}}