{"id":2677,"date":"2015-04-14T16:22:08","date_gmt":"2015-04-14T19:22:08","guid":{"rendered":"http:\/\/oxisdoproblema.com.br\/?p=2677"},"modified":"2015-04-14T16:22:08","modified_gmt":"2015-04-14T19:22:08","slug":"marco-zero-apropriacoes-sem-reconhecimento","status":"publish","type":"post","link":"http:\/\/oxisdoproblema.com.br\/?p=2677","title":{"rendered":"MARCO ZERO \u2013 APROPRIA\u00c7\u00d5ES SEM RECONHECIMENTO"},"content":{"rendered":"<p>Perder o controle da Marco Zero, editora que fundamos \u2013 Maria Jos\u00e9 Silveira, M\u00e1rcio Souza e eu \u2013 \u00e9 um trauma de dif\u00edcil recupera\u00e7\u00e3o. Fomos obrigados a sair da sociedade pelos s\u00f3cios majorit\u00e1rios que conseguimos no meio do caminho e que, depois de sairmos, enterraram a editora. Hoje, o selo s\u00f3 existe para publicar alguns t\u00edtulos de aluguel e alguns dos livros de cozinha que hav\u00edamos lan\u00e7ado.<\/p>\n<p>\u00c9 da vida. Paci\u00eancia.<\/p>\n<p>Mas quando algu\u00e9m passa informa\u00e7\u00f5es erradas sobre t\u00edtulos que publicamos, a\u00ed eu fervo.<\/p>\n<p>No PublishNews de hoje havia uma nota sobre o lan\u00e7amento de um novo romance do Peter Schneider, \u201cBerlim, agora \u2013 a cidade depois do muro\u201d, dizendo que seu primeiro romance, \u201cOs Saltadores do Muro\u201d, nunca havia sido publicado em portugu\u00eas.<\/p>\n<p>Bem, mandei um e-mail para o PN, alertando para o equ\u00edvoco, e o editor retirou essa \u00faltima observa\u00e7\u00e3o<\/p>\n<p>Mas, no site da Rocco, a editora, \u00e9 o que est\u00e1:<\/p>\n<p><img decoding=\"async\" loading=\"lazy\" class=\"alignnone  wp-image-2678\" src=\"http:\/\/oxisdoproblema.com.br\/wp-content\/uploads\/2015\/04\/schneider-300x185.jpg\" alt=\"schneider\" width=\"455\" height=\"280\" srcset=\"http:\/\/oxisdoproblema.com.br\/wp-content\/uploads\/2015\/04\/schneider-300x185.jpg 300w, http:\/\/oxisdoproblema.com.br\/wp-content\/uploads\/2015\/04\/schneider.jpg 770w\" sizes=\"(max-width: 455px) 100vw, 455px\" \/><\/p>\n<p>Dupla desinforma\u00e7\u00e3o. O t\u00edtulo original do romance, em alem\u00e3o \u00e9 <em>Der Mauerspringer.<\/em> Se \u00e9 para colocar informa\u00e7\u00f5es sobre o t\u00edtulo original, \u00e9 sempre bom ir al\u00e9m da edi\u00e7\u00e3o em ingl\u00eas da Wikipedia&#8230; Dizer que o original do romance \u00e9 \u201cThe Wall Jumper\u201d n\u00e3o \u00e9 legal.<\/p>\n<p>Mas o pior \u00e9 que \u201cOs Saltadores do Muro\u201d j\u00e1 foi publicado aqui no Brasil, pela Marco Zero, ainda nos anos 1980. S\u00f3 para informa\u00e7\u00e3o:<\/p>\n<p><img decoding=\"async\" loading=\"lazy\" class=\"alignnone size-full wp-image-2679\" src=\"http:\/\/oxisdoproblema.com.br\/wp-content\/uploads\/2015\/04\/saltadores-do-muro058-2015_01_15-01_29_24-UTC.jpg\" alt=\"saltadores do muro058 (2015_01_15 01_29_24 UTC)\" width=\"243\" height=\"371\" srcset=\"http:\/\/oxisdoproblema.com.br\/wp-content\/uploads\/2015\/04\/saltadores-do-muro058-2015_01_15-01_29_24-UTC.jpg 243w, http:\/\/oxisdoproblema.com.br\/wp-content\/uploads\/2015\/04\/saltadores-do-muro058-2015_01_15-01_29_24-UTC-196x300.jpg 196w\" sizes=\"(max-width: 243px) 100vw, 243px\" \/><\/p>\n<p>At\u00e9 na Estante Virtual existem exemplares \u00e0 venda:<\/p>\n<p><img decoding=\"async\" loading=\"lazy\" class=\"alignnone  wp-image-2680\" src=\"http:\/\/oxisdoproblema.com.br\/wp-content\/uploads\/2015\/04\/estante-saltadores-300x139.jpg\" alt=\"estante saltadores\" width=\"429\" height=\"199\" srcset=\"http:\/\/oxisdoproblema.com.br\/wp-content\/uploads\/2015\/04\/estante-saltadores-300x139.jpg 300w, http:\/\/oxisdoproblema.com.br\/wp-content\/uploads\/2015\/04\/estante-saltadores.jpg 795w\" sizes=\"(max-width: 429px) 100vw, 429px\" \/><\/p>\n<p>Para os que desejarem saber mais um pouco sobre a editora, j\u00e1 publiquei dois posts aqui no O Xis do Problema: <a href=\"http:\/\/oxisdoproblema.com.br\/?p=2157\" onclick=\"return TrackClick('http%3A%2F%2Foxisdoproblema.com.br%2F%3Fp%3D2157','Marco+Zero+-+Ladeira+da+Mem%C3%B3ria')\" target=\"_blank\">Marco Zero &#8211; Ladeira da Mem\u00f3ria<\/a> \u00a0e <a href=\"http:\/\/oxisdoproblema.com.br\/?p=2178\" onclick=\"return TrackClick('http%3A%2F%2Foxisdoproblema.com.br%2F%3Fp%3D2178','Marco+Zero+%E2%80%93+Ladeira+da+Mem%C3%B3ria+II')\" target=\"_blank\">Marco Zero \u2013 Ladeira da Mem\u00f3ria II<\/a>.<\/p>\n","protected":false},"excerpt":{"rendered":"<p>Perder o controle da Marco Zero, editora que fundamos \u2013 Maria Jos\u00e9 Silveira, M\u00e1rcio Souza e eu \u2013 \u00e9 um trauma de dif\u00edcil recupera\u00e7\u00e3o. Fomos obrigados a sair da sociedade pelos s\u00f3cios majorit\u00e1rios que conseguimos no meio do caminho e que, depois de sairmos, enterraram a editora. Hoje, o selo s\u00f3 existe para publicar alguns &hellip; <a href=\"http:\/\/oxisdoproblema.com.br\/?p=2677\" onclick=\"return TrackClick('http%3A%2F%2Foxisdoproblema.com.br%2F%3Fp%3D2677','Continue+lendo+MARCO+ZERO+%E2%80%93+APROPRIA%C3%87%C3%95ES+SEM+RECONHECIMENTO+%26rarr%3B')\" class=\"more-link\">Continue lendo <span class=\"screen-reader-text\">MARCO ZERO \u2013 APROPRIA\u00c7\u00d5ES SEM RECONHECIMENTO<\/span> <span class=\"meta-nav\">&rarr;<\/span><\/a><\/p>\n","protected":false},"author":1,"featured_media":0,"comment_status":"open","ping_status":"open","sticky":false,"template":"","format":"standard","meta":[],"categories":[1],"tags":[128,661,660],"_links":{"self":[{"href":"http:\/\/oxisdoproblema.com.br\/index.php?rest_route=\/wp\/v2\/posts\/2677"}],"collection":[{"href":"http:\/\/oxisdoproblema.com.br\/index.php?rest_route=\/wp\/v2\/posts"}],"about":[{"href":"http:\/\/oxisdoproblema.com.br\/index.php?rest_route=\/wp\/v2\/types\/post"}],"author":[{"embeddable":true,"href":"http:\/\/oxisdoproblema.com.br\/index.php?rest_route=\/wp\/v2\/users\/1"}],"replies":[{"embeddable":true,"href":"http:\/\/oxisdoproblema.com.br\/index.php?rest_route=%2Fwp%2Fv2%2Fcomments&post=2677"}],"version-history":[{"count":1,"href":"http:\/\/oxisdoproblema.com.br\/index.php?rest_route=\/wp\/v2\/posts\/2677\/revisions"}],"predecessor-version":[{"id":2681,"href":"http:\/\/oxisdoproblema.com.br\/index.php?rest_route=\/wp\/v2\/posts\/2677\/revisions\/2681"}],"wp:attachment":[{"href":"http:\/\/oxisdoproblema.com.br\/index.php?rest_route=%2Fwp%2Fv2%2Fmedia&parent=2677"}],"wp:term":[{"taxonomy":"category","embeddable":true,"href":"http:\/\/oxisdoproblema.com.br\/index.php?rest_route=%2Fwp%2Fv2%2Fcategories&post=2677"},{"taxonomy":"post_tag","embeddable":true,"href":"http:\/\/oxisdoproblema.com.br\/index.php?rest_route=%2Fwp%2Fv2%2Ftags&post=2677"}],"curies":[{"name":"wp","href":"https:\/\/api.w.org\/{rel}","templated":true}]}}