{"id":2651,"date":"2015-04-01T12:09:21","date_gmt":"2015-04-01T15:09:21","guid":{"rendered":"http:\/\/oxisdoproblema.com.br\/?p=2651"},"modified":"2015-04-01T13:34:41","modified_gmt":"2015-04-01T16:34:41","slug":"salon-du-livre-igual-aos-outros-mas-diferente","status":"publish","type":"post","link":"http:\/\/oxisdoproblema.com.br\/?p=2651","title":{"rendered":"SALON DU LIVRE \u2013 IGUAL AOS OUTROS, MAS DIFERENTE"},"content":{"rendered":"<p><img decoding=\"async\" loading=\"lazy\" class=\"alignnone size-full wp-image-2667\" src=\"http:\/\/oxisdoproblema.com.br\/wp-content\/uploads\/2015\/03\/Capturar1.jpg\" alt=\"Capturar\" width=\"874\" height=\"488\" srcset=\"http:\/\/oxisdoproblema.com.br\/wp-content\/uploads\/2015\/03\/Capturar1.jpg 874w, http:\/\/oxisdoproblema.com.br\/wp-content\/uploads\/2015\/03\/Capturar1-300x168.jpg 300w\" sizes=\"(max-width: 874px) 100vw, 874px\" \/><\/p>\n<p>O Salon du Livre de Paris, que este ano homenageou o Brasil e serviu de palco para apresenta\u00e7\u00e3o de dezenas de autores brasileiros, mesas redondas, apresenta\u00e7\u00f5es v\u00e1rias \u2013 e permitiu que v\u00e1rios autores viajassem para outras cidades, como extens\u00e3o da programa\u00e7\u00e3o \u2013 \u00e9 uma feira que, sob muitos aspectos, \u00e9 bem parecida com nossas bienais. Mas com algumas diferen\u00e7as marcantes.<\/p>\n<p>Estive ali para participar de dois eventos. O primeiro foi uma mesa redonda para apresenta\u00e7\u00e3o do programa <a onclick=\"javascript:pageTracker._trackPageview('\/outgoing\/conexoesitaucultural.org.br\/');\"  href=\"http:\/\/conexoesitaucultural.org.br\/\" onclick=\"return TrackClick('http%3A%2F%2Fconexoesitaucultural.org.br%2F','Conex%C3%B5es+Ita%C3%BA+Cultural+%E2%80%93+Mapeamento+Internacional+da+Literatura+Brasileira')\" target=\"_blank\">Conex\u00f5es Ita\u00fa Cultural \u2013 Mapeamento Internacional da Literatura Brasileira<\/a>, \u00a0do qual sou um dos curadores, juntamente com o Professor Jo\u00e3o Cezar de Castro Rocha, que tamb\u00e9m estava presente em Paris. A segunda atividade foi a mesa redonda de apresenta\u00e7\u00e3o do n\u00famero 6 da <a onclick=\"javascript:pageTracker._trackPageview('\/outgoing\/www.machadodeassismagazine.bn.br\/new\/editions.php?edicao=Edi%C3%A7%C3%A3o%2006');\"  href=\"http:\/\/www.machadodeassismagazine.bn.br\/new\/editions.php?edicao=Edi%C3%A7%C3%A3o%2006\" onclick=\"return TrackClick('http%3A%2F%2Fwww.machadodeassismagazine.bn.br%2Fnew%2Feditions.php%3Fedicao%3DEdi%25C3%25A7%25C3%25A3o%252006','Machado+de+Assis+Magazine')\" target=\"_blank\">Machado de Assis Magazine<\/a>, \u00a0\u00a0publica\u00e7\u00e3o co-editada pela Biblioteca Nacional e o Ita\u00fa Cultura, da qual sou o editor.<\/p>\n<p>Foram duas mesas interessantes. Na primeira, al\u00e9m do Prof. Jo\u00e3o Cezar e de mim, contamos com a presen\u00e7a do Professor Pierre Rivas, da Universit\u00e9 Paris X \u2013 Nanterre. A surpresa foi verificar a sala \u2013 dentro do estande brasileiro \u2013 completamente lotada. Eram quase oitenta pessoas, entre brasileiros que moram na Fran\u00e7a e franceses estudiosos ou interessados na cultura brasileira, inclusive v\u00e1rios dos mapeados do programa, como Rita Olivieri- Godet, Saulo Neiva, Fran\u00e7ois Weigel e Michel Riaudet, al\u00e9m de outros que se prontificaram a responder ao question\u00e1rio online do programa. Francamente, em eventos no Brasil, a presen\u00e7a nesses tipos de apresenta\u00e7\u00e3o \u00e9 geralmente bem menor.<\/p>\n<p>Apresentamos aspectos gerais do programa, e das atividades do Ita\u00fa Cultural na promo\u00e7\u00e3o da literatura e da cultura brasileira no exterior, al\u00e9m de dados j\u00e1 extra\u00eddos de informa\u00e7\u00f5es do banco de dados online.<\/p>\n<p>Na segunda mesa, depois da abertura oficial feita pelo Ministro Juca Ferreira, apresentamos o n\u00famero 6 da Machado de Assis Magazine. Al\u00e9m de textos em ingl\u00eas e espanhol, esse n\u00famero apresentou excertos de autores brasileiros tamb\u00e9m em franc\u00eas. A mesa contou com a presen\u00e7a do Presidente da FBN, Renato Lessa, de Jefferson Assump\u00e7\u00e3o, Diretor da \u00e1rea de Livros, Leitura, Literatura e Bibliotecas do MinC, e do escritor Fernando Morais, que j\u00e1 teve excerto publicado em um n\u00famero anterior da Machado de Assis Magazine.<\/p>\n<p>Depois de participar das duas mesas, ainda na sexta-feira e no s\u00e1bado, percorri o Salon para observar as presen\u00e7as e suas caracter\u00edsticas.<\/p>\n<p><!--more--><\/p>\n<p>Uma primeira observa\u00e7\u00e3o foi a de que os alunos de escolas p\u00fablicas (presentes na sexta-feira), n\u00e3o eram t\u00e3o numerosos como nas bienais e feiras brasileiras. E, mais importante, visitavam o Salon preparados pelos professores. N\u00e3o se viam meninos correndo desorganizados pelos corredores. As turmas se dirigiam para estandes que, suponho, hajam sido previamente escolhidos pelos professores, para aut\u00f3grafos ou palestras de escritores definidos. Uma diferen\u00e7a important\u00edssima.<\/p>\n<p>Uma segunda observa\u00e7\u00e3o foi a de que os autores presentes nos estandes \u2013 em sua esmagadora maioria \u2013 efetivamente recebiam leitores de seus livros para oferecer aut\u00f3grafos. No estande brasileiro, onde se revezaram os autores presentes, certamente havia um n\u00famero maior de leitores na expectativa de aut\u00f3grafos dos mais conhecidos. Mas todos tiveram leitores.<\/p>\n<p>N\u00e3o notei estandes com saldos e pre\u00e7os de ocasi\u00e3o. Os livros de lan\u00e7amento mais antigo tinham descontos, sim. Mas nada da profus\u00e3o de pontas de estoque que temos visto por aqui.<\/p>\n<p>J\u00e1 no dia da abertura do Salon havia notado a presen\u00e7a de um estande com uma Expreso Book Machine em exibi\u00e7\u00e3o. J\u00e1 escrevi dois posts mencionando essa m\u00e1quina de fabrica\u00e7\u00e3o de livros, <a href=\"http:\/\/oxisdoproblema.com.br\/?p=1344\" onclick=\"return TrackClick('http%3A%2F%2Foxisdoproblema.com.br%2F%3Fp%3D1344','aqui%2C')\" target=\"_blank\">aqui,<\/a> \u00a0e <a href=\"http:\/\/oxisdoproblema.com.br\/?p=1552\" onclick=\"return TrackClick('http%3A%2F%2Foxisdoproblema.com.br%2F%3Fp%3D1552','aqui.')\" target=\"_blank\">aqui.<\/a><\/p>\n<p>A Espresso Book Machine \u00e9 uma combina\u00e7\u00e3o de impressora reprogr\u00e1fica com m\u00e1quina de acabamento, acoplada a um programa e um acervo online, e produz um livro completo em quest\u00e3o de minutos. Os formatos podem variar de 11,43 cm x 12,70 cm at\u00e9 20,95 cm X 26,03 cm, pr\u00f3ximo ao formato A4, que \u00e9 o tamanho do papel da bandeja de alimenta\u00e7\u00e3o.<\/p>\n<p>Conversei com Jason Beatty, Vice-Presidente Senior de vendas e desenvolvimento de neg\u00f3cios da <a onclick=\"javascript:pageTracker._trackPageview('\/outgoing\/ondemandbooks.com\/');\"  href=\"http:\/\/ondemandbooks.com\/\" onclick=\"return TrackClick('http%3A%2F%2Fondemandbooks.com%2F','On+Demand+Books')\" target=\"_blank\">On Demand Books<\/a>, \u00a0que fabrica as m\u00e1quinas. Ele me disse que j\u00e1 existem quase trezentas m\u00e1quinas instaladas. A maioria nos EUA, mas tamb\u00e9m na Europa. A Fran\u00e7a \u00e9 um dos pa\u00edses que tem mais equipamentos desses instalados. E o estande da PUF \u2013 Presses Universitaires de France, no Salon du Livre, tamb\u00e9m tinha um dos aparelhos.<\/p>\n<p>Segundo Beatty, j\u00e1 existe uma quantidade significativa de editoras que disponibilizaram os arquivos digitais para uso pela Espresso Book Machine. Instalada em livrarias, como a independente <a onclick=\"javascript:pageTracker._trackPageview('\/outgoing\/mcnallyjackson.com\/print-on-demand\/in-copyright');\"  href=\"http:\/\/mcnallyjackson.com\/print-on-demand\/in-copyright\" onclick=\"return TrackClick('http%3A%2F%2Fmcnallyjackson.com%2Fprint-on-demand%2Fin-copyright','McNally+Jackson')\" target=\"_blank\">McNally Jackson<\/a>, em Nova York \u00a0a Espresso \u00e9 usada tamb\u00e9m por autores de auto-edi\u00e7\u00e3o, que levam os arquivos em pen-drive, imprimem seus exemplares e os deixam arquivado na mem\u00f3ria, para venda a poss\u00edveis outros interessados.<\/p>\n<p><img decoding=\"async\" loading=\"lazy\" class=\"alignleft  wp-image-2652\" src=\"http:\/\/oxisdoproblema.com.br\/wp-content\/uploads\/2015\/03\/expresso-book-machine331-Small-176x300.jpg\" alt=\"expresso book machine331 (Small)\" width=\"112\" height=\"191\" srcset=\"http:\/\/oxisdoproblema.com.br\/wp-content\/uploads\/2015\/03\/expresso-book-machine331-Small-176x300.jpg 176w, http:\/\/oxisdoproblema.com.br\/wp-content\/uploads\/2015\/03\/expresso-book-machine331-Small.jpg 480w\" sizes=\"(max-width: 112px) 100vw, 112px\" \/>Aqui, o livro que imprimiram para mim, na hora. O miolo tamb\u00e9m \u00e9 a cores.<\/p>\n<p>No site deles existem v\u00eddeos profissionais sobre o esquema de funcionamento, mas fiz tr\u00eas filmetes no celular mostrando o funcionamento da m\u00e1quina, e uma breve entrevista com um dos engenheiros que a desenvolveu.<\/p>\n<p><iframe loading=\"lazy\" width=\"474\" height=\"267\" src=\"https:\/\/www.youtube.com\/embed\/ERmpbausfIw?feature=oembed\" frameborder=\"0\" allow=\"autoplay; encrypted-media\" allowfullscreen><\/iframe><\/p>\n<p><iframe loading=\"lazy\" width=\"474\" height=\"267\" src=\"https:\/\/www.youtube.com\/embed\/dHuAiimzDLg?feature=oembed\" frameborder=\"0\" allow=\"autoplay; encrypted-media\" allowfullscreen><\/iframe><\/p>\n<p><iframe loading=\"lazy\" width=\"474\" height=\"267\" src=\"https:\/\/www.youtube.com\/embed\/RrMBa7a9Bv0?feature=oembed\" frameborder=\"0\" allow=\"autoplay; encrypted-media\" allowfullscreen><\/iframe><\/p>\n<p>&nbsp;<\/p>\n<p><img decoding=\"async\" loading=\"lazy\" class=\"alignleft size-thumbnail wp-image-2655\" src=\"http:\/\/oxisdoproblema.com.br\/wp-content\/uploads\/2015\/03\/WP_20150321_13_17_05_Pro-Small-150x150.jpg\" alt=\"WP_20150321_13_17_05_Pro (Small)\" width=\"150\" height=\"150\" \/>Aqui, a m\u00e1quina instalada no estande da PUF.<\/p>\n<p>Levei o presidente da CBL, Torelli at\u00e9 o estande, para conhecer a m\u00e1quina e ver a possibilidade de traz\u00ea-la para a Bienal de S. Paulo no pr\u00f3ximo ano. Ele e o prof. Castilho, secret\u00e1rio executivo do PNLL e diretor da Editora da UNESP conversaram com Jason Beatty.<\/p>\n<p>Quais as dificuldades? A primeira, obviamente, \u00e9 aumentar o n\u00famero de t\u00edtulos dispon\u00edveis. Aos poucos, nos EUA e na Europa, as grandes editoras disponibilizam os arquivos. O sistema encripta os arquivos e comunica online \u00e0s editoras cada exemplar impresso, para que seja faturado \u00e0 livraria. Aqui, com o conservadorismo das nossas editoras, n\u00e3o sei qual seria o ritmo de ado\u00e7\u00e3o.<\/p>\n<p>Mas outro grande fator impeditivo \u00e9 o pre\u00e7o. O modelo que estava exibido em Paris era acoplado a impressoras de \u00faltima gera\u00e7\u00e3o. O n\u00facleo de acabamento pode ser acoplado a uma grande quantidade de modelos de todos os fabricantes: Xerox. Canon, HP, Kyocera, etc. S\u00f3 que, no formato que vi, o custo, nos EUA, era de US$ 100.000 (cem mil d\u00f3lares). Aqui, com os impostos, n\u00e3o sei quando custaria. Evidentemente o uso da Espresso Book Machine exige um plano de neg\u00f3cios que torne essa importa\u00e7\u00e3o vi\u00e1vel.<\/p>\n<p>No terreno das curiosidades, notei dois estandes.<\/p>\n<p><img decoding=\"async\" loading=\"lazy\" class=\"alignleft size-medium wp-image-2657\" src=\"http:\/\/oxisdoproblema.com.br\/wp-content\/uploads\/2015\/03\/WP_20150321_11_04_12_Pro-Small1-e1427836087604-169x300.jpg\" alt=\"WP_20150321_11_04_12_Pro (Small)\" width=\"169\" height=\"300\" srcset=\"http:\/\/oxisdoproblema.com.br\/wp-content\/uploads\/2015\/03\/WP_20150321_11_04_12_Pro-Small1-e1427836087604-169x300.jpg 169w, http:\/\/oxisdoproblema.com.br\/wp-content\/uploads\/2015\/03\/WP_20150321_11_04_12_Pro-Small1-e1427836087604.jpg 480w\" sizes=\"(max-width: 169px) 100vw, 169px\" \/><\/p>\n<p>&nbsp;<\/p>\n<p>O primeiro, um estande que promovia o <a onclick=\"javascript:pageTracker._trackPageview('\/outgoing\/www.b-sensory.com\/');\"  href=\"http:\/\/www.b-sensory.com\/\" onclick=\"return TrackClick('http%3A%2F%2Fwww.b-sensory.com%2F','B-Sensory')\" target=\"_blank\">B-Sensory<\/a>. \u00a0\u00c9 um programa de \u201cleitura\u201d de livros eletr\u00f4nicos especialmente desenhado para leitoras. O programa \u00e9 acompanhado de um \u201cbrinquedinho\u201d, gentilmente denominado \u201cLittle Bird\u201d. O \u201cpassarinho\u201d \u00e9 um vibrador, a ser devidamente colocado no orif\u00edcio conveniente, e que dispara nos trechos selecionados pelo programa, com dez velocidades selecion\u00e1veis. Pelo tato sobre o texto, ou mesmo com um \u201csopro\u201d da leitora, ou de seu parceiro, que pode participar do empreendimento cultural. A B-Sensory procura editoras parceiras para implantar seu programa em t\u00edtulos de livros eletr\u00f4nicos, que pode-se dizer que s\u00e3o efetivamente \u201cenhanced\u201d. A restri\u00e7\u00e3o a leitoras provavelmente \u00e9 resultado de alguma motiva\u00e7\u00e3o feminista. <em>Qui sais-je?<\/em><\/p>\n<p>No outro extremo do uso de artif\u00edcios eletr\u00f4nicos, a Edition des Femmes mostrava v\u00e1rios exemplares de sua \u201c<a onclick=\"javascript:pageTracker._trackPageview('\/outgoing\/www.desfemmes.fr\/livres-audiodvd\/la-bibliotheque-des-voix\/');\"  href=\"http:\/\/www.desfemmes.fr\/livres-audiodvd\/la-bibliotheque-des-voix\/\" onclick=\"return TrackClick('http%3A%2F%2Fwww.desfemmes.fr%2Flivres-audiodvd%2Fla-bibliotheque-des-voix%2F','Biblioth%C3%A8que+des+Voix')\" target=\"_blank\">Biblioth\u00e8que des Voix<\/a>\u201d,\u00a0\u00a0audiolivros em CD lidos por algumas atrizes e autores mais conhecidas na Fran\u00e7a.<\/p>\n<p>Aqui, fotos do livro e CD de Clarice Lispector lido pela bela Fanny Ardant. Evidentemente, \u00e9 coisa fina, escutar as autoras brasileiras na voz de uma das mais expressivas e belas atrizes francesas.<\/p>\n<p>&nbsp;<\/p>\n<p><img decoding=\"async\" loading=\"lazy\" class=\"alignleft size-medium wp-image-2659\" src=\"http:\/\/oxisdoproblema.com.br\/wp-content\/uploads\/2015\/03\/WP_20150321_12_11_44_Pro-Small-e1427836273841-169x300.jpg\" alt=\"WP_20150321_12_11_44_Pro (Small)\" width=\"169\" height=\"300\" srcset=\"http:\/\/oxisdoproblema.com.br\/wp-content\/uploads\/2015\/03\/WP_20150321_12_11_44_Pro-Small-e1427836273841-169x300.jpg 169w, http:\/\/oxisdoproblema.com.br\/wp-content\/uploads\/2015\/03\/WP_20150321_12_11_44_Pro-Small-e1427836273841.jpg 480w\" sizes=\"(max-width: 169px) 100vw, 169px\" \/><\/p>\n","protected":false},"excerpt":{"rendered":"<p>O Salon du Livre de Paris, que este ano homenageou o Brasil e serviu de palco para apresenta\u00e7\u00e3o de dezenas de autores brasileiros, mesas redondas, apresenta\u00e7\u00f5es v\u00e1rias \u2013 e permitiu que v\u00e1rios autores viajassem para outras cidades, como extens\u00e3o da programa\u00e7\u00e3o \u2013 \u00e9 uma feira que, sob muitos aspectos, \u00e9 bem parecida com nossas bienais. &hellip; <a href=\"http:\/\/oxisdoproblema.com.br\/?p=2651\" onclick=\"return TrackClick('http%3A%2F%2Foxisdoproblema.com.br%2F%3Fp%3D2651','Continue+lendo+SALON+DU+LIVRE+%E2%80%93+IGUAL+AOS+OUTROS%2C+MAS+DIFERENTE+%26rarr%3B')\" class=\"more-link\">Continue lendo <span class=\"screen-reader-text\">SALON DU LIVRE \u2013 IGUAL AOS OUTROS, MAS DIFERENTE<\/span> <span class=\"meta-nav\">&rarr;<\/span><\/a><\/p>\n","protected":false},"author":1,"featured_media":0,"comment_status":"open","ping_status":"open","sticky":false,"template":"","format":"standard","meta":[],"categories":[1],"tags":[659,20,390,405,658],"_links":{"self":[{"href":"http:\/\/oxisdoproblema.com.br\/index.php?rest_route=\/wp\/v2\/posts\/2651"}],"collection":[{"href":"http:\/\/oxisdoproblema.com.br\/index.php?rest_route=\/wp\/v2\/posts"}],"about":[{"href":"http:\/\/oxisdoproblema.com.br\/index.php?rest_route=\/wp\/v2\/types\/post"}],"author":[{"embeddable":true,"href":"http:\/\/oxisdoproblema.com.br\/index.php?rest_route=\/wp\/v2\/users\/1"}],"replies":[{"embeddable":true,"href":"http:\/\/oxisdoproblema.com.br\/index.php?rest_route=%2Fwp%2Fv2%2Fcomments&post=2651"}],"version-history":[{"count":6,"href":"http:\/\/oxisdoproblema.com.br\/index.php?rest_route=\/wp\/v2\/posts\/2651\/revisions"}],"predecessor-version":[{"id":2668,"href":"http:\/\/oxisdoproblema.com.br\/index.php?rest_route=\/wp\/v2\/posts\/2651\/revisions\/2668"}],"wp:attachment":[{"href":"http:\/\/oxisdoproblema.com.br\/index.php?rest_route=%2Fwp%2Fv2%2Fmedia&parent=2651"}],"wp:term":[{"taxonomy":"category","embeddable":true,"href":"http:\/\/oxisdoproblema.com.br\/index.php?rest_route=%2Fwp%2Fv2%2Fcategories&post=2651"},{"taxonomy":"post_tag","embeddable":true,"href":"http:\/\/oxisdoproblema.com.br\/index.php?rest_route=%2Fwp%2Fv2%2Ftags&post=2651"}],"curies":[{"name":"wp","href":"https:\/\/api.w.org\/{rel}","templated":true}]}}