{"id":2632,"date":"2015-03-14T20:32:29","date_gmt":"2015-03-14T23:32:29","guid":{"rendered":"http:\/\/oxisdoproblema.com.br\/?p=2632"},"modified":"2015-03-14T20:36:41","modified_gmt":"2015-03-14T23:36:41","slug":"a-fundacao-biblioteca-nacional-anuncia-selecao-de-autores-para-o-numero-6-da-machado-de-assis-magazine-a-ser-lancada-em-paris","status":"publish","type":"post","link":"http:\/\/oxisdoproblema.com.br\/?p=2632","title":{"rendered":"A Funda\u00e7\u00e3o Biblioteca Nacional anuncia sele\u00e7\u00e3o de autores para o n\u00famero 6 da Machado de Assis Magazine a ser lan\u00e7ada em Paris."},"content":{"rendered":"<p>O conselho editorial acaba de selecionar os trechos de livros dos 22 autores que comp\u00f5em o sexto n\u00famero desta publica\u00e7\u00e3o, realizada em coedi\u00e7\u00e3o com o Ita\u00fa Cultural, a ser apresentada ao p\u00fablico na abertura do 35\u00ba Sal\u00e3o do Livro de Paris, onde o Brasil \u00e9 o pa\u00eds homenageado.<\/p>\n<p><img decoding=\"async\" loading=\"lazy\" class=\"alignleft size-full wp-image-2633\" src=\"http:\/\/oxisdoproblema.com.br\/wp-content\/uploads\/2015\/03\/machado-6-capa.jpg\" alt=\"machado 6 capa\" width=\"706\" height=\"930\" srcset=\"http:\/\/oxisdoproblema.com.br\/wp-content\/uploads\/2015\/03\/machado-6-capa.jpg 706w, http:\/\/oxisdoproblema.com.br\/wp-content\/uploads\/2015\/03\/machado-6-capa-228x300.jpg 228w\" sizes=\"(max-width: 706px) 100vw, 706px\" \/> Na sexta-feira 20 de mar\u00e7o, das 12h \u00e0s 13h, a Machado de Assis Magazine \u2013 Literatura Brasileira em Tradu\u00e7\u00e3o n\u00ba 6 ser\u00e1 apresentada no estande do Brasil no 35\u00ba Sal\u00e3o do Livro de Paris, com uma mesa formada pelo presidente da Funda\u00e7\u00e3o Biblioteca Nacional, Renato Lessa; o diretor de Livro, Leitura, Literatura e Bibliotecas (DLLLB) do Minist\u00e9rio da Cultura, Jefferson Assump\u00e7\u00e3o, e o escritor Fernando Morais, com media\u00e7\u00e3o do editor da revista, Felipe Lindoso.<br \/>\nEis a lista dos 22 textos de autores selecionados para o n\u00famero 6 da Machado de Assis Magazine:<\/p>\n<p>&nbsp;<\/p>\n<table width=\"567\">\n<tbody>\n<tr>\n<td width=\"141\">Alexandre Staut<\/td>\n<td width=\"123\"><em>\u00a0<\/em><em>Jazz Band na Sala da Gente<\/em><\/p>\n<p><em>\u00a0<\/em><\/td>\n<td width=\"151\"><em>\u00a0<\/em><em>Une bande de Jazz dans Notre Salon<\/em><\/td>\n<td width=\"76\">Romance<\/td>\n<td width=\"76\">Franc\u00eas<\/td>\n<\/tr>\n<tr>\n<td width=\"141\">Antonio Vieira<\/td>\n<td width=\"123\"><em>\u00a0<\/em><em>Serm\u00e3o da Quinta Quarta-Feira de Quaresma<\/em><\/td>\n<td width=\"151\"><em>\u00a0<\/em><em>Sermon du Cinqui\u00e8me Mercredi de Quar\u00eame<\/em><\/td>\n<td width=\"76\">Cl\u00e1ssico<\/td>\n<td width=\"76\">Franc\u00eas<\/td>\n<\/tr>\n<tr>\n<td width=\"141\">Bernardo Ajzenberg<\/td>\n<td width=\"123\"><em>\u00a0<\/em><em>Minha Vida sem Banho<\/em><\/p>\n<p><em>\u00a0<\/em><\/td>\n<td width=\"151\"><em>\u00a0<\/em><em>MaViesansDouche<\/em><\/td>\n<td width=\"76\">Romance<\/td>\n<td width=\"76\">Franc\u00eas<\/td>\n<\/tr>\n<tr>\n<td width=\"141\">Carlos Henrique Schroeder<\/td>\n<td width=\"123\"><em>\u00a0<\/em><em>As Fantasias Eletivas<\/em><\/p>\n<p><em>\u00a0<\/em><\/td>\n<td width=\"151\"><em>\u00a0<\/em><em>Lasfantas\u00edasElectivas<\/em><\/td>\n<td width=\"76\">Romance<\/td>\n<td width=\"76\">Espanhol<\/td>\n<\/tr>\n<tr>\n<td width=\"141\">Christiane Tassis<\/p>\n<p>&nbsp;<\/td>\n<td width=\"123\"><em>\u00a0<\/em><em>Sobre a Neblina<\/em><\/td>\n<td width=\"151\"><em>\u00a0<\/em><em>Throughthe Fog<\/em><\/td>\n<td width=\"76\">Romance<\/td>\n<td width=\"76\">Ingl\u00eas<\/td>\n<\/tr>\n<tr>\n<td width=\"141\">Eliana Cardoso<\/p>\n<p>&nbsp;<\/td>\n<td width=\"123\"><em>\u00a0<\/em><em>Bonecas Russas<\/em><\/p>\n<p><em>\u00a0<\/em><\/td>\n<td width=\"151\"><em>\u00a0<\/em><em>Poup\u00e9esRusses<\/em><\/td>\n<td width=\"76\">Romance<\/td>\n<td width=\"76\">Franc\u00eas<\/td>\n<\/tr>\n<tr>\n<td width=\"141\">Estev\u00e3o Azevedo<\/td>\n<td width=\"123\"><em>\u00a0<\/em><em>Tempo de Espalhar Pedras<\/em><\/p>\n<p><em>\u00a0<\/em><\/td>\n<td width=\"151\"><em>\u00a0<\/em><em>Time To Cast Away Stones<\/em><\/td>\n<td width=\"76\">Romance<\/td>\n<td width=\"76\">Ingl\u00eas<\/td>\n<\/tr>\n<tr>\n<td width=\"141\">Eugenia Zerbini<\/p>\n<p>&nbsp;<\/td>\n<td width=\"123\"><em>\u00a0<\/em><em>As Netas da Ema<\/em><\/p>\n<p><em>\u00a0<\/em><\/td>\n<td width=\"151\"><em>\u00a0<\/em><em>LesPetites-filles d\u2019Emma<\/em><\/p>\n<p><em>\u00a0<\/em><\/td>\n<td width=\"76\">Romance<\/td>\n<td width=\"76\">Franc\u00eas<\/td>\n<\/tr>\n<tr>\n<td width=\"141\">Fl\u00e1vio Cafiero<\/p>\n<p>&nbsp;<\/td>\n<td width=\"123\"><em>\u00a0<\/em><em>Dez Cent\u00edmetros Acima do Ch\u00e3o<\/em><\/p>\n<p><em>\u00a0<\/em><\/td>\n<td width=\"151\"><em>\u00a0<\/em><em>Ten Centimeters Above the Ground<\/em><\/td>\n<td width=\"76\">Conto<\/td>\n<td width=\"76\">Ingl\u00eas<\/td>\n<\/tr>\n<tr>\n<td width=\"141\">Helena Gomes<\/p>\n<p>&nbsp;<\/td>\n<td width=\"123\"><em>\u00a0<\/em><em>Assassinato na Biblioteca<\/em><\/p>\n<p><em>\u00a0<\/em><\/td>\n<td width=\"151\"><em>\u00a0<\/em><em>Murder in the Library<\/em><\/td>\n<td width=\"76\">Infanto-juvenil<\/td>\n<td width=\"76\">Ingl\u00eas<\/td>\n<\/tr>\n<tr>\n<td width=\"141\">Henriqueta Lisboa<\/p>\n<p>&nbsp;<\/td>\n<td width=\"123\"><em>\u00a0<\/em><em>O Menino Poeta<\/em><\/td>\n<td width=\"151\"><em>\u00a0<\/em><em>The Poet Boy<\/em><\/td>\n<td width=\"76\">Poesia<\/td>\n<td width=\"76\">Ingl\u00eas<\/td>\n<\/tr>\n<tr>\n<td width=\"141\">Jo\u00e3o Alphonsus<\/p>\n<p>&nbsp;<\/td>\n<td width=\"123\"><em>\u00a0<\/em><em>Foguetes ao Longe<\/em><\/p>\n<p><em>\u00a0<\/em><\/td>\n<td width=\"151\"><em>\u00a0<\/em><em>Skyrockets in the<\/em><\/p>\n<p><em>Distance<\/em><\/td>\n<td width=\"76\">Conto<\/td>\n<td width=\"76\">Ingl\u00eas<\/td>\n<\/tr>\n<tr>\n<td width=\"141\">Jo\u00e3o Anzanello Carrascoza<\/p>\n<p>&nbsp;<\/td>\n<td width=\"123\"><em>\u00a0<\/em><em>Aos 7 e aos 40<\/em><\/p>\n<p><em>\u00a0<\/em><\/td>\n<td width=\"151\"><em>\u00a0<\/em><em>A los 7 y a los 40<\/em><\/td>\n<td width=\"76\">Romance<\/td>\n<td width=\"76\">Espanhol<\/td>\n<\/tr>\n<tr>\n<td width=\"141\">Jos\u00e9 Roberto Torero e Marcus Aurelius Pimenta<\/p>\n<p>&nbsp;<\/td>\n<td width=\"123\"><em>\u00a0<\/em><em>Chapeuzinhos Coloridos<\/em><\/td>\n<td width=\"151\"><em>\u00a0<\/em><em>Little Ridinghoods<\/em><\/td>\n<td width=\"76\">Infanto-juvenil<\/td>\n<td width=\"76\">Ingl\u00eas<\/td>\n<\/tr>\n<tr>\n<td width=\"141\">Luciana Hidalgo<\/td>\n<td width=\"123\"><em>\u00a0<\/em><em>O Passeador<\/em><\/p>\n<p><em>\u00a0<\/em><\/td>\n<td width=\"151\">Extrait d\u2019<em>O passeador<\/em><\/td>\n<td width=\"76\">Romance<\/td>\n<td width=\"76\">Franc\u00eas<\/td>\n<\/tr>\n<tr>\n<td width=\"141\">M\u00e9rcia Maria Leit\u00e3o e Neide Duarte<\/p>\n<p>&nbsp;<\/td>\n<td width=\"123\"><em>\u00a0<\/em><em>Formas e Cores da \u00c1frica<\/em><\/p>\n<p><em>\u00a0<\/em><\/td>\n<td width=\"151\"><em>\u00a0<\/em><em>Formes et Couleurs de l\u2019Afrique<\/em><\/td>\n<td width=\"76\">Infanto-juvenil<\/td>\n<td width=\"76\">Franc\u00eas<\/td>\n<\/tr>\n<tr>\n<td width=\"141\">Miguel Sanches Neto<\/p>\n<p>&nbsp;<\/td>\n<td width=\"123\"><em>\u00a0<\/em><em>A M\u00e1quina de Madeira<\/em><\/p>\n<p><em>\u00a0<\/em><\/td>\n<td width=\"151\"><em>\u00a0<\/em><em>The WoodenMachine<\/em><\/td>\n<td width=\"76\">Romance<\/td>\n<td width=\"76\">Ingl\u00eas<\/td>\n<\/tr>\n<tr>\n<td width=\"141\">Noemi Jaffe<\/td>\n<td width=\"123\"><em>\u00a0<\/em><em>O que os Cegos Est\u00e3o Sonhando?<\/em><\/p>\n<p><em>\u00a0<\/em><\/td>\n<td width=\"151\"><em>\u00a0<\/em><em>What are the Blind Dreaming of?<\/em><\/td>\n<td width=\"76\">Romance<\/td>\n<td width=\"76\">Ingl\u00eas<\/td>\n<\/tr>\n<tr>\n<td width=\"141\">Rodrigo Garcia Lopes<\/p>\n<p>&nbsp;<\/td>\n<td width=\"123\"><em>\u00a0<\/em><em>O Trovador<\/em><\/td>\n<td width=\"151\"><em>\u00a0<\/em><em>The Troubadour<\/em><\/td>\n<td width=\"76\">Romance<\/td>\n<td width=\"76\">Ingl\u00eas<\/td>\n<\/tr>\n<tr>\n<td width=\"141\">S\u00e9rgio Tavares<\/td>\n<td width=\"123\"><em>\u00a0<\/em><em>Queda da Pr\u00f3pria Altura<\/em><\/td>\n<td width=\"151\">Conto:<em> Se Desvanecen los Barcos<\/em><\/td>\n<td width=\"76\">Conto<\/td>\n<td width=\"76\">Espanhol<\/td>\n<\/tr>\n<tr>\n<td width=\"141\">Silviano Santiago<\/td>\n<td width=\"123\"><em>\u00a0<\/em><em>Mil Rosas Roubadas<\/em><\/td>\n<td width=\"151\"><em>\u00a0<\/em><em>Prospector<\/em><\/td>\n<td width=\"76\">Romance<\/td>\n<td width=\"76\">Ingl\u00eas<\/td>\n<\/tr>\n<tr>\n<td width=\"141\">Veronica Stigger<\/td>\n<td width=\"123\"><em>\u00a0<\/em><em>Opisanie\u015bwiata<\/em><\/td>\n<td width=\"151\"><em>\u00a0<\/em><em>Opisanie\u015bwiata<\/em><\/td>\n<td width=\"76\">Romance<\/td>\n<td width=\"76\">Ingl\u00eas<\/td>\n<\/tr>\n<\/tbody>\n<\/table>\n<p>A revista estar\u00e1 online no dia 20 de mar\u00e7o, no site www.machadodeassismagazine.bn.br onde poder\u00e1 ser feito o download dos arquivos e da revista completa.<\/p>\n","protected":false},"excerpt":{"rendered":"<p>O conselho editorial acaba de selecionar os trechos de livros dos 22 autores que comp\u00f5em o sexto n\u00famero desta publica\u00e7\u00e3o, realizada em coedi\u00e7\u00e3o com o Ita\u00fa Cultural, a ser apresentada ao p\u00fablico na abertura do 35\u00ba Sal\u00e3o do Livro de Paris, onde o Brasil \u00e9 o pa\u00eds homenageado. Na sexta-feira 20 de mar\u00e7o, das 12h &hellip; <a href=\"http:\/\/oxisdoproblema.com.br\/?p=2632\" onclick=\"return TrackClick('http%3A%2F%2Foxisdoproblema.com.br%2F%3Fp%3D2632','Continue+lendo+A+Funda%C3%A7%C3%A3o+Biblioteca+Nacional+anuncia+sele%C3%A7%C3%A3o+de+autores+para+o+n%C3%BAmero+6+da+Machado+de+Assis+Magazine+a+ser+lan%C3%A7ada+em+Paris.+%26rarr%3B')\" class=\"more-link\">Continue lendo <span class=\"screen-reader-text\">A Funda\u00e7\u00e3o Biblioteca Nacional anuncia sele\u00e7\u00e3o de autores para o n\u00famero 6 da Machado de Assis Magazine a ser lan\u00e7ada em Paris.<\/span> <span class=\"meta-nav\">&rarr;<\/span><\/a><\/p>\n","protected":false},"author":1,"featured_media":0,"comment_status":"open","ping_status":"open","sticky":false,"template":"","format":"standard","meta":[],"categories":[1],"tags":[655,656],"_links":{"self":[{"href":"http:\/\/oxisdoproblema.com.br\/index.php?rest_route=\/wp\/v2\/posts\/2632"}],"collection":[{"href":"http:\/\/oxisdoproblema.com.br\/index.php?rest_route=\/wp\/v2\/posts"}],"about":[{"href":"http:\/\/oxisdoproblema.com.br\/index.php?rest_route=\/wp\/v2\/types\/post"}],"author":[{"embeddable":true,"href":"http:\/\/oxisdoproblema.com.br\/index.php?rest_route=\/wp\/v2\/users\/1"}],"replies":[{"embeddable":true,"href":"http:\/\/oxisdoproblema.com.br\/index.php?rest_route=%2Fwp%2Fv2%2Fcomments&post=2632"}],"version-history":[{"count":3,"href":"http:\/\/oxisdoproblema.com.br\/index.php?rest_route=\/wp\/v2\/posts\/2632\/revisions"}],"predecessor-version":[{"id":2636,"href":"http:\/\/oxisdoproblema.com.br\/index.php?rest_route=\/wp\/v2\/posts\/2632\/revisions\/2636"}],"wp:attachment":[{"href":"http:\/\/oxisdoproblema.com.br\/index.php?rest_route=%2Fwp%2Fv2%2Fmedia&parent=2632"}],"wp:term":[{"taxonomy":"category","embeddable":true,"href":"http:\/\/oxisdoproblema.com.br\/index.php?rest_route=%2Fwp%2Fv2%2Fcategories&post=2632"},{"taxonomy":"post_tag","embeddable":true,"href":"http:\/\/oxisdoproblema.com.br\/index.php?rest_route=%2Fwp%2Fv2%2Ftags&post=2632"}],"curies":[{"name":"wp","href":"https:\/\/api.w.org\/{rel}","templated":true}]}}