{"id":2621,"date":"2015-03-11T10:07:02","date_gmt":"2015-03-11T13:07:02","guid":{"rendered":"http:\/\/oxisdoproblema.com.br\/?p=2621"},"modified":"2015-03-11T18:13:52","modified_gmt":"2015-03-11T21:13:52","slug":"distribuicao-e-descobertabilidade-de-livros-a-tragedia-virou-farsa","status":"publish","type":"post","link":"http:\/\/oxisdoproblema.com.br\/?p=2621","title":{"rendered":"DISTRIBUI\u00c7\u00c3O E \u201cDESCOBERTABILIDADE\u201d* DE LIVROS \u2013 A TRAG\u00c9DIA VIROU FARSA"},"content":{"rendered":"<p><img decoding=\"async\" loading=\"lazy\" class=\"alignnone size-full wp-image-2626\" src=\"http:\/\/oxisdoproblema.com.br\/wp-content\/uploads\/2015\/03\/Capturar21.jpg\" alt=\"Capturar2\" width=\"858\" height=\"482\" srcset=\"http:\/\/oxisdoproblema.com.br\/wp-content\/uploads\/2015\/03\/Capturar21.jpg 858w, http:\/\/oxisdoproblema.com.br\/wp-content\/uploads\/2015\/03\/Capturar21-300x169.jpg 300w\" sizes=\"(max-width: 858px) 100vw, 858px\" \/><\/p>\n<p>A Professora Rita Olivieri-Godet ensina na Universit\u00e9 de Rennes 2, na Fran\u00e7a. \u00c9 mapeada no projeto <a href=\"www.conexoesitaucultural.org.br\" target=\"_blank\">Conex\u00f5es Ita\u00fa Cultural \u2013 Mapeamento Internacional da Literatura Brasileira<\/a>, \u00a0e a conheci pessoalmente no F\u00f3rum das Letras, em Ouro Preto. Ela esteve h\u00e1 poucas semanas no Brasil, lan\u00e7ando seu livro \u201cViva o Povo Brasileiro: a fic\u00e7\u00e3o de uma na\u00e7\u00e3o plural\u201d.<\/p>\n<p>Pois bem, no \u00faltimo dia 8 de mar\u00e7o, recebi o seguinte e-mail da professora Rita Olivieri-Godet:<\/p>\n<p><em>\u201cEstou lhe escrevendo porque fiquei sabendo que voc\u00ea vir\u00e1 para o Salon du livre agora em mar\u00e7o.<br \/>\nQuando estive no Brasil recentemente, eu procurei mas n\u00e3o consegui comprar o romance de Maria Jos\u00e9 Silveira,\u00a0\u201cGuerra no cora\u00e7\u00e3o do cerrado\u201d. Como venho trabalhando sobre a representa\u00e7\u00e3o dos \u00edndios na literatura contempor\u00e2nea este romance me interessa muito. Encomendei na Livraria Cultura de Salvador e at\u00e9 agora nada, embora eles tenham garantido que v\u00e3o me enviar e eu j\u00e1 tenha pago a encomenda e o envio inclusive.<\/em><\/p>\n<p>Ent\u00e3o, se houver alguma possibilidade de voc\u00ea me trazer um exemplar eu o comprarei e quando o meu chegar colocarei na biblioteca da Universit\u00e9 Rennes 2. Se n\u00e3o for poss\u00edvel, continuo aguardando (im)pacientemente o exemplar que encomendei na Cultura, n\u00e3o tem problema, n\u00e3o se sinta obrigado, estou apenas tentando ver se recebo o livro o mais cedo poss\u00edvel\u201d.<\/p>\n<p>O livro, lan\u00e7ado pela Record em 2006, recebeu excelentes resenhas, e seguiu seu destino.<\/p>\n<p><img decoding=\"async\" loading=\"lazy\" class=\"alignnone size-full wp-image-2629\" src=\"http:\/\/oxisdoproblema.com.br\/wp-content\/uploads\/2015\/03\/propaganda-Guerra.jpg\" alt=\"propaganda Guerra\" width=\"1150\" height=\"321\" srcset=\"http:\/\/oxisdoproblema.com.br\/wp-content\/uploads\/2015\/03\/propaganda-Guerra.jpg 1150w, http:\/\/oxisdoproblema.com.br\/wp-content\/uploads\/2015\/03\/propaganda-Guerra-300x84.jpg 300w, http:\/\/oxisdoproblema.com.br\/wp-content\/uploads\/2015\/03\/propaganda-Guerra-1024x286.jpg 1024w\" sizes=\"(max-width: 1150px) 100vw, 1150px\" \/><\/p>\n<p><!--more--><\/p>\n<p>Como todos os livros lan\u00e7ados h\u00e1 quase dez anos \u2013 e que n\u00e3o est\u00e3o na lista dos bestsellers ou adotados \u2013 j\u00e1 sumiu h\u00e1 muito das livrarias. At\u00e9 a\u00ed, \u00e9 o normal. Entretanto, espera-se que os sites de com\u00e9rcio eletr\u00f4nico das principais livrarias possam entregar um livro da Editora Record \u2013 o maior grupo editorial <em>trade<\/em> do pa\u00eds \u2013 sem maiores problemas. Ledo engano. Pedido no dia 9 de mar\u00e7o, pelo site da Livraria Cultura, o livro tem a previs\u00e3o de entrega, em S. Paulo, no dia<strong> 24 de abril<\/strong>. Como esse blog quer ser s\u00e9rio, nem uso a express\u00e3o que me ocorreu na hora em li isso. Fico com um eufemismo: Lascou-se! Para que n\u00e3o digam que se trata de fic\u00e7\u00e3o da minha parte, eis o resumo do site da Livraria Cultura.<\/p>\n<p><img decoding=\"async\" loading=\"lazy\" class=\"alignleft size-medium wp-image-2623\" src=\"http:\/\/oxisdoproblema.com.br\/wp-content\/uploads\/2015\/03\/cultura-entrega-300x134.jpg\" alt=\"cultura entrega\" width=\"300\" height=\"134\" srcset=\"http:\/\/oxisdoproblema.com.br\/wp-content\/uploads\/2015\/03\/cultura-entrega-300x134.jpg 300w, http:\/\/oxisdoproblema.com.br\/wp-content\/uploads\/2015\/03\/cultura-entrega.jpg 346w\" sizes=\"(max-width: 300px) 100vw, 300px\" \/><\/p>\n<p>A Record tem, como sabemos, dep\u00f3sito em S. Paulo. Mesmo que n\u00e3o tivesse, certamente n\u00e3o levaria quase um m\u00eas e meio para trazer um livro do Rio de Janeiro para c\u00e1. Nem vi o prazo dado pela Livraria Cultura para entregas internacionais. Poupei-me do aborrecimento adicional. A professora Rita Godet j\u00e1 est\u00e1 sofrendo isso.<\/p>\n<p>Ou seja, em S. Paulo, maior mercado de tudo neste pa\u00eds, o cliente tem que ter uma paci\u00eancia b\u00edblica para receber um livro editado h\u00e1 meros nove anos, presente no cat\u00e1logo da editora. Imagine se o pedido \u00e9 feito por algum pobre e desesperado leitor que more no interior do Piau\u00ed?<\/p>\n<p>A trag\u00e9dia se repete, e j\u00e1 virou farsa faz tempo. A distribui\u00e7\u00e3o de livros no Brasil \u00e9 uma droga pesada, de deixar de bode at\u00e9 os mais fortes.<\/p>\n<p>A Amazon pode melhorar essa situa\u00e7\u00e3o. A Livraria Cultura que se cuide, pois a multinacional entrega em <strong>dois<\/strong> dias, em S. Paulo, depois de completado o pedido. Com desconto. O pre\u00e7o de capa de R$ 49,00, oferecido na Cultura, sai na Amazon a R$ 29,90, e com a possibilidade de frete gr\u00e1tis se outros livros forem acrescentados. Mesmo a Saraiva (que s\u00f3 d\u00e1 desconto no cart\u00e3o da loja), entrega em quatro dias \u00fateis, com frete de R$ 1,90.<\/p>\n<p><img decoding=\"async\" loading=\"lazy\" class=\"alignleft size-medium wp-image-2624\" src=\"http:\/\/oxisdoproblema.com.br\/wp-content\/uploads\/2015\/03\/amazon-entrega-300x120.jpg\" alt=\"amazon entrega\" width=\"300\" height=\"120\" srcset=\"http:\/\/oxisdoproblema.com.br\/wp-content\/uploads\/2015\/03\/amazon-entrega-300x120.jpg 300w, http:\/\/oxisdoproblema.com.br\/wp-content\/uploads\/2015\/03\/amazon-entrega.jpg 527w\" sizes=\"(max-width: 300px) 100vw, 300px\" \/><\/p>\n<p>Parei por a\u00ed a pesquisa.<\/p>\n<p>Mas a trag\u00e9dia n\u00e3o para nisso. Como diz em seu e-mail, a professora Rita Olivieri-Godet est\u00e1 pesquisando a representa\u00e7\u00e3o dos \u00edndios na literatura contempor\u00e2nea. Bem, ela sabia que o romance da Maria Jos\u00e9 Silveira trata desse assunto. \u00c9 a hist\u00f3ria de uma \u00edndia Cayap\u00f3-Panar\u00e1, que viveu em Goi\u00e1s no final do s\u00e9culo XVIII e no come\u00e7o do S\u00e9culo XIX, e que teve um papel importante, no final das contas, na dizima\u00e7\u00e3o do seu pr\u00f3prio povo, ao servir de \u201cponte\u201d para convenc\u00ea-los a se aldear, quando morreram de doen\u00e7as e fome. Doen\u00e7as muitas vezes deliberadamente provocadas pelos brancos.<\/p>\n<p>Certamente a professora j\u00e1 disp\u00f5e de uma lista de outros romances que abordam o assunto, conseguida por indica\u00e7\u00f5es de colegas e alunos. Por que, se fosse contar com os mecanismos de busca do site das livrarias, estava no mato sem cachorro, perdida e n\u00e3o poderia nem se aldear. Lascava-se pela segunda vez.<\/p>\n<p>Nesse caso, n\u00e3o escapa ningu\u00e9m, nem o site da Amazon brasileira que, ao contr\u00e1rio dos EUA, n\u00e3o demonstra ter um mecanismo de busca decente.<\/p>\n<p>Antes de tentar explicar isso, mostro alguns exemplos dos equ\u00edvocos verificados rapidamente nos sites da Cultura, da Saraiva e da pr\u00f3pria Amazon, quando se faz uma pesquisa sobre \u201crepresenta\u00e7\u00e3o dos \u00edndios na literatura\u201d.<\/p>\n<p>No site da Livraria Cultura, por exemplo, alguns livros do pr\u00f3prio Darcy Ribeiro \u2013 que refer\u00eancia mais conhecida poderia haver? \u2013 aparecem como esgotados ou nem s\u00e3o citados. <em>Ma\u00edra<\/em>, o grande romance sobre os impasses da acultura\u00e7\u00e3o, s\u00f3 aparece ali na edi\u00e7\u00e3o francesa. \u00a0Edi\u00e7\u00e3o brasileira est\u00e1 no cat\u00e1logo da Record, dispon\u00edvel em edi\u00e7\u00e3o especial, e no da Global, em edi\u00e7\u00e3o normal. <em>Uir\u00e1 sai \u00e0 procura de Deus<\/em>, nenhuma refer\u00eancia. E da\u00ed em diante. O Daniel Munduruku, autor de quase vinte t\u00edtulos, s\u00f3 tem um de seus livros na Livraria Cultura. Ainda bem que o Daniel, esperto, montou uma lojinha no seu site, vendendo os t\u00edtulos de todas as editoras que o publicam.<\/p>\n<p>Em compensa\u00e7\u00e3o, aparecem no site da Cultura t\u00edtulos que me deixam absolutamente abismado. O que ser\u00e1 que \u201cMestres da Humanidade\u201d, do fil\u00f3sofo alem\u00e3o Karl Jaspers tem a ver como esse tema? Ou \u201cSerial Killers Made in Brasil\u201d, \u201cAs Origens da Cabala\u201d e, incr\u00edvel, \u201cO Dono do Mar\u201d, do Sarney? S\u00f3 posso atribuir essa presen\u00e7a na pesquisa \u00e0 minha mais profunda ignor\u00e2ncia do tema. Quando vi as mem\u00f3rias da Luiza Brunet lembrei que ela menciona uma ascend\u00eancia ind\u00edgena. Mas, em uma pesquisa sobre \u201crepresenta\u00e7\u00e3o dos \u00edndios na literatura\u201d? E um livro intitulado \u201cJihad\u201d? Ser\u00e1 que os fundamentalistas isl\u00e2micos andaram recrutando guerreiros Caraj\u00e1s para lutar ao lado do EI? E vai por a\u00ed, e quem quiser que repita a pesquisa.<\/p>\n<p>O samba do crioulo doido continua. O mesmo elemento de pesquisa no site da Saraiva apresenta o \u201cVade Mecum Saraiva\u201d (e duas vezes), e o box com a \u201cTrilogia dos 50 Tons de Cinza\u201d. Juro! N\u00e3o li o livro nem vi o filme, mas desconfio que n\u00e3o aparece nenhum \u00edndio brasileiro nas sess\u00f5es sadomasoquistas para senhoras nessa \u201cobra\u201d. Ser\u00e1 que o programa acha que o sujeito que procura livros sobre \u00edndios e literatura vai se entusiasmar e abrir a carteira quando encontra uma sacanagenzinha pelo caminho? Quando se reduz a pesquisa para \u201c\u00cdndios\u201d&#8230; aparece um monte de livros sobre a \u00cdndia. T\u00e1 bom, \u00edndia \u00e9 feminino de \u00edndio e o programa mal ajambrado nem desconfia disso. Mas incluir o \u201cBhagavad Gita\u201d, como faz o site da Amazon, j\u00e1 me pareceu demais.<\/p>\n<p>Riam, amigos, pois \u00e9 melhor que chorar. Mas a verdade \u00e9 que os mecanismos de buscas dos sites das livrarias brasileiras imp\u00f5em, inevitavelmente, o apelo \u00e0 galhofa. Vai ver que esse \u00e9 o objetivo final: compensar a incompet\u00eancia com a piada.<\/p>\n<p>De onde vem essa mix\u00f3rdia?<\/p>\n<p>Em parte, certamente, da p\u00e9ssima organiza\u00e7\u00e3o dos sites. Mas o pior \u00e9 que as editoras brasileiras simplesmente mal sabem o que s\u00e3o metadados, n\u00e3o t\u00eam ideia de como incluir tags significativos do conte\u00fado de seus livros.<\/p>\n<p>Bom, o resultado muito concreto disso \u00e9, certamente, perda de vendas. Como disse uma vez Richard Stark, que \u00e9 diretor de \u201cProduct Data\u201d da Barnes &amp; Noble e coordenador dessa \u00e1rea do BISG \u2013 Book Industry Study Group, em uma palestra dada na Feira de Guadalajara h\u00e1 tr\u00eas anos, quando afirmou, com base em pesquisa da Nielsen nas livrarias da Gr\u00e3-Bretanha, <a href=\"http:\/\/oxisdoproblema.com.br\/?p=1021\" onclick=\"return TrackClick('http%3A%2F%2Foxisdoproblema.com.br%2F%3Fp%3D1021','que')\">que<\/a> \u201c<em>&#8211; Livros sem dados b\u00e1sicos completos e sem qualquer imagem venderam em m\u00e9dia 385 c\u00f3pias em 2011; <\/em><em>&#8211; Livros que acrescentaram uma imagem da capa viram suas vendar subir para uma m\u00e9dia de 1.416 (268% a mais); &#8211; Livros com os dados b\u00e1sicos completos mas sem imagem tiveram vendas m\u00e9dias de 437 c\u00f3pias; &#8211; Livros com todos os dados necess\u00e1rios e imagens alcan\u00e7aram uma venda m\u00e9dia de 2.205 c\u00f3pias<\/em>\u201d. \u00a0O quanto aumentariam as vendas aqui, diante dessa situa\u00e7\u00e3o pat\u00e9tica dos mecanismos de busca?<\/p>\n<p>Como nossa ind\u00fastria editorial est\u00e1 simplesmente acostumada a esperar que o leitor ache e compre seus livros, sem outras a\u00e7\u00f5es de marketing que os descontos nos best-sellers por ocasi\u00e3o dos lan\u00e7amentos, isso se reflete nessa situa\u00e7\u00e3o.<\/p>\n<p>Se o leitor souber o que deseja comprar, e n\u00e3o precisar fazer pesquisas, a Amazon vai papar tranquilamente as livrarias tradicionais. As grandes e as pequenas. Com ou sem pre\u00e7o fixo.<\/p>\n<p>E, se seguirem o exemplo da matriz e desenvolverem melhor seu site e os mecanismos de pesquisa&#8230;.<\/p>\n<p>* J\u00e1 acho horr\u00edvel \u201cdiscoverability\u201d em ingl\u00eas, mas n\u00e3o achei modo de traduzir o conceito. Pe\u00e7o ajuda aos meus caros colegas tradutores para que enviem sugest\u00f5es.<\/p>\n","protected":false},"excerpt":{"rendered":"<p>A Professora Rita Olivieri-Godet ensina na Universit\u00e9 de Rennes 2, na Fran\u00e7a. \u00c9 mapeada no projeto Conex\u00f5es Ita\u00fa Cultural \u2013 Mapeamento Internacional da Literatura Brasileira, \u00a0e a conheci pessoalmente no F\u00f3rum das Letras, em Ouro Preto. Ela esteve h\u00e1 poucas semanas no Brasil, lan\u00e7ando seu livro \u201cViva o Povo Brasileiro: a fic\u00e7\u00e3o de uma na\u00e7\u00e3o &hellip; <a href=\"http:\/\/oxisdoproblema.com.br\/?p=2621\" onclick=\"return TrackClick('http%3A%2F%2Foxisdoproblema.com.br%2F%3Fp%3D2621','Continue+lendo+DISTRIBUI%C3%87%C3%83O+E+%E2%80%9CDESCOBERTABILIDADE%E2%80%9D%2A+DE+LIVROS+%E2%80%93+A+TRAG%C3%89DIA+VIROU+FARSA+%26rarr%3B')\" class=\"more-link\">Continue lendo <span class=\"screen-reader-text\">DISTRIBUI\u00c7\u00c3O E \u201cDESCOBERTABILIDADE\u201d* DE LIVROS \u2013 A TRAG\u00c9DIA VIROU FARSA<\/span> <span class=\"meta-nav\">&rarr;<\/span><\/a><\/p>\n","protected":false},"author":1,"featured_media":0,"comment_status":"open","ping_status":"open","sticky":false,"template":"","format":"standard","meta":[],"categories":[178,1],"tags":[542,205,101,317,654],"_links":{"self":[{"href":"http:\/\/oxisdoproblema.com.br\/index.php?rest_route=\/wp\/v2\/posts\/2621"}],"collection":[{"href":"http:\/\/oxisdoproblema.com.br\/index.php?rest_route=\/wp\/v2\/posts"}],"about":[{"href":"http:\/\/oxisdoproblema.com.br\/index.php?rest_route=\/wp\/v2\/types\/post"}],"author":[{"embeddable":true,"href":"http:\/\/oxisdoproblema.com.br\/index.php?rest_route=\/wp\/v2\/users\/1"}],"replies":[{"embeddable":true,"href":"http:\/\/oxisdoproblema.com.br\/index.php?rest_route=%2Fwp%2Fv2%2Fcomments&post=2621"}],"version-history":[{"count":5,"href":"http:\/\/oxisdoproblema.com.br\/index.php?rest_route=\/wp\/v2\/posts\/2621\/revisions"}],"predecessor-version":[{"id":2631,"href":"http:\/\/oxisdoproblema.com.br\/index.php?rest_route=\/wp\/v2\/posts\/2621\/revisions\/2631"}],"wp:attachment":[{"href":"http:\/\/oxisdoproblema.com.br\/index.php?rest_route=%2Fwp%2Fv2%2Fmedia&parent=2621"}],"wp:term":[{"taxonomy":"category","embeddable":true,"href":"http:\/\/oxisdoproblema.com.br\/index.php?rest_route=%2Fwp%2Fv2%2Fcategories&post=2621"},{"taxonomy":"post_tag","embeddable":true,"href":"http:\/\/oxisdoproblema.com.br\/index.php?rest_route=%2Fwp%2Fv2%2Ftags&post=2621"}],"curies":[{"name":"wp","href":"https:\/\/api.w.org\/{rel}","templated":true}]}}