{"id":2559,"date":"2015-01-02T00:46:43","date_gmt":"2015-01-02T03:46:43","guid":{"rendered":"http:\/\/oxisdoproblema.com.br\/?p=2559"},"modified":"2015-01-02T15:25:22","modified_gmt":"2015-01-02T18:25:22","slug":"so-para-lembrar-1","status":"publish","type":"post","link":"http:\/\/oxisdoproblema.com.br\/?p=2559","title":{"rendered":"S\u00d3 PARA LEMBRAR &#8211; 1"},"content":{"rendered":"<p style=\"text-align: right;\"><em>&#8220;Eu sou a mosca<\/em><\/p>\n<p style=\"text-align: right;\"><em>Que pousou em sua sopa<\/em><\/p>\n<p style=\"text-align: right;\"><em>Eu sou a mosca<\/em><\/p>\n<p style=\"text-align: right;\"><em>Que pintou pra lhe abusar&#8221;<\/em><\/p>\n<p style=\"text-align: right;\">Raul Seixas<\/p>\n<p>O retornado Juca Ferreira foi localizado na manh\u00e3 do dia 31, pela reportagem do Estad\u00e3o, tomando caf\u00e9 na companhia da esposa e de Pablo Capil\u00e9, contumaz benefici\u00e1rio das a\u00e7\u00f5es de JF no MinC.<\/p>\n<p>Capil\u00e9, ao lado do retornado, meteu sua colher na hist\u00f3ria das cr\u00edticas feitas por Marta Suplicy quando sua nomea\u00e7\u00e3o foi anunciada.<\/p>\n<p>Capil\u00e9, sutil como nem sei o que, declara, ecoando o retornado ministro:<\/p>\n<p><img decoding=\"async\" loading=\"lazy\" class=\"alignnone size-full wp-image-2568\" src=\"http:\/\/oxisdoproblema.com.br\/wp-content\/uploads\/2015\/01\/capile-juca.jpg\" alt=\"capile-juca\" width=\"571\" height=\"329\" srcset=\"http:\/\/oxisdoproblema.com.br\/wp-content\/uploads\/2015\/01\/capile-juca.jpg 571w, http:\/\/oxisdoproblema.com.br\/wp-content\/uploads\/2015\/01\/capile-juca-300x173.jpg 300w\" sizes=\"(max-width: 571px) 100vw, 571px\" \/><\/p>\n<p>Declara\u00e7\u00e3o, digamos, pouco elegante, em um pa\u00eds que tenta fazer que as pessoas <strong>n\u00e3o esque\u00e7am<\/strong>. Mas, ao lado de quem vaiou em p\u00fablico sua sucessora no MinC, chateado por n\u00e3o ter continuado em 2011, eleg\u00e2ncia n\u00e3o \u00e9 virtude cultivada.<\/p>\n<p style=\"line-height: 18.0pt; margin: 0cm 0cm 18.0pt 0cm;\"><span style=\"font-family: 'Arial',sans-serif; color: #2b2b2b;\">Mas, al\u00e9m de deselegante, equivocada, tamb\u00e9m. Apesar do retornado ter uma corte de seguidores fieis (e n\u00e3o se trata aqui de listar os acertos de sua administra\u00e7\u00e3o, que os houve), dizer que a volta de JF ao MinC recoloca o minist\u00e9rio no rumo do futuro soa um tanto exagerado.<\/span><\/p>\n<p style=\"line-height: 18.0pt; margin: 0cm 0cm 18.0pt 0cm;\"><span style=\"font-family: 'Arial',sans-serif; color: #2b2b2b;\">Principalmente para segmentos significativos de autores e editores (e n\u00e3o contamos as dire\u00e7\u00f5es de algumas entidades que vivem preocupadas, simplesmente, em n\u00e3o se indispor com as \u201cotoridades\u201d com medo de perderem o acesso&#8230; que serve mais para assinar conv\u00eanios que para defender interesses dos associados).<\/span><\/p>\n<figure id=\"attachment_2563\" aria-describedby=\"caption-attachment-2563\" style=\"width: 447px\" class=\"wp-caption alignnone\"><img decoding=\"async\" loading=\"lazy\" class=\" wp-image-2563\" src=\"http:\/\/oxisdoproblema.com.br\/wp-content\/uploads\/2015\/01\/lucia-riff-300x112.jpg\" alt=\"N 'O Globo\" width=\"447\" height=\"167\" srcset=\"http:\/\/oxisdoproblema.com.br\/wp-content\/uploads\/2015\/01\/lucia-riff-300x112.jpg 300w, http:\/\/oxisdoproblema.com.br\/wp-content\/uploads\/2015\/01\/lucia-riff.jpg 708w\" sizes=\"(max-width: 447px) 100vw, 447px\" \/><figcaption id=\"caption-attachment-2563\" class=\"wp-caption-text\">N &#8216;O Globo<\/figcaption><\/figure>\n<p>Ou:<\/p>\n<figure id=\"attachment_2564\" aria-describedby=\"caption-attachment-2564\" style=\"width: 498px\" class=\"wp-caption alignnone\"><img decoding=\"async\" loading=\"lazy\" class=\"size-full wp-image-2564\" src=\"http:\/\/oxisdoproblema.com.br\/wp-content\/uploads\/2015\/01\/la-aguiar.jpg\" alt=\"No Facebook\" width=\"498\" height=\"233\" srcset=\"http:\/\/oxisdoproblema.com.br\/wp-content\/uploads\/2015\/01\/la-aguiar.jpg 498w, http:\/\/oxisdoproblema.com.br\/wp-content\/uploads\/2015\/01\/la-aguiar-300x140.jpg 300w\" sizes=\"(max-width: 498px) 100vw, 498px\" \/><figcaption id=\"caption-attachment-2564\" class=\"wp-caption-text\">No Facebook<\/figcaption><\/figure>\n<p style=\"line-height: 18.0pt; margin: 0cm 0cm 18.0pt 0cm;\"><span style=\"font-family: 'Arial',sans-serif; color: #2b2b2b;\">Da minha parte, apenas para recordar, um post aqui publicado em maio de 2012, a prop\u00f3sito de temas que lhe s\u00e3o caros: acesso gr\u00e1tis \u00e0 Internet e direitos autorais.<\/span><\/p>\n<p style=\"line-height: 18.0pt; margin: 0cm 0cm 18.0pt 0cm;\"><span style=\"font-family: 'Arial',sans-serif; color: #2b2b2b;\">Meu ba\u00fa inform\u00e1tico guarda algumas outras interven\u00e7\u00f5es, que oportunamente irei colocando, j\u00e1 que recordar e n\u00e3o perder a mem\u00f3ria \u00e9, sim, essencial para que possamos avan\u00e7ar.<\/span><\/p>\n<p style=\"line-height: 18.0pt; margin: 0cm 0cm 18.0pt 0cm;\"><img decoding=\"async\" loading=\"lazy\" class=\"alignnone size-full wp-image-2565\" src=\"http:\/\/oxisdoproblema.com.br\/wp-content\/uploads\/2015\/01\/almo\u00e7o.jpg\" alt=\"almo\u00e7o\" width=\"541\" height=\"600\" srcset=\"http:\/\/oxisdoproblema.com.br\/wp-content\/uploads\/2015\/01\/almo\u00e7o.jpg 541w, http:\/\/oxisdoproblema.com.br\/wp-content\/uploads\/2015\/01\/almo\u00e7o-271x300.jpg 271w\" sizes=\"(max-width: 541px) 100vw, 541px\" \/><\/p>\n<p style=\"line-height: 18.0pt; margin: 0cm 0cm 18.0pt 0cm;\"><span style=\"font-family: 'Arial',sans-serif; color: #2b2b2b;\">Aqui o<a href=\"%20http:\/\/oxisdoproblema.com.br\/?p=1155\" onclick=\"return TrackClick('%2520http%3A%2F%2Foxisdoproblema.com.br%2F%3Fp%3D1155','link')\" target=\"_blank\"> link <\/a>para o post original.<\/span><\/p>\n<p style=\"line-height: 18.0pt; margin: 0cm 0cm 18.0pt 0cm;\"><span style=\"font-family: 'Arial',sans-serif; color: #2b2b2b;\">E, como sou otimista, feliz 2015 para todos.<\/span><\/p>\n<p>&nbsp;<\/p>\n","protected":false},"excerpt":{"rendered":"<p>&#8220;Eu sou a mosca Que pousou em sua sopa Eu sou a mosca Que pintou pra lhe abusar&#8221; Raul Seixas O retornado Juca Ferreira foi localizado na manh\u00e3 do dia 31, pela reportagem do Estad\u00e3o, tomando caf\u00e9 na companhia da esposa e de Pablo Capil\u00e9, contumaz benefici\u00e1rio das a\u00e7\u00f5es de JF no MinC. Capil\u00e9, ao &hellip; <a href=\"http:\/\/oxisdoproblema.com.br\/?p=2559\" onclick=\"return TrackClick('http%3A%2F%2Foxisdoproblema.com.br%2F%3Fp%3D2559','Continue+lendo+S%C3%93+PARA+LEMBRAR+%26%238211%3B+1+%26rarr%3B')\" class=\"more-link\">Continue lendo <span class=\"screen-reader-text\">S\u00d3 PARA LEMBRAR &#8211; 1<\/span> <span class=\"meta-nav\">&rarr;<\/span><\/a><\/p>\n","protected":false},"author":1,"featured_media":0,"comment_status":"open","ping_status":"open","sticky":false,"template":"","format":"standard","meta":[],"categories":[1],"tags":[642,641,643,644,158],"_links":{"self":[{"href":"http:\/\/oxisdoproblema.com.br\/index.php?rest_route=\/wp\/v2\/posts\/2559"}],"collection":[{"href":"http:\/\/oxisdoproblema.com.br\/index.php?rest_route=\/wp\/v2\/posts"}],"about":[{"href":"http:\/\/oxisdoproblema.com.br\/index.php?rest_route=\/wp\/v2\/types\/post"}],"author":[{"embeddable":true,"href":"http:\/\/oxisdoproblema.com.br\/index.php?rest_route=\/wp\/v2\/users\/1"}],"replies":[{"embeddable":true,"href":"http:\/\/oxisdoproblema.com.br\/index.php?rest_route=%2Fwp%2Fv2%2Fcomments&post=2559"}],"version-history":[{"count":6,"href":"http:\/\/oxisdoproblema.com.br\/index.php?rest_route=\/wp\/v2\/posts\/2559\/revisions"}],"predecessor-version":[{"id":2571,"href":"http:\/\/oxisdoproblema.com.br\/index.php?rest_route=\/wp\/v2\/posts\/2559\/revisions\/2571"}],"wp:attachment":[{"href":"http:\/\/oxisdoproblema.com.br\/index.php?rest_route=%2Fwp%2Fv2%2Fmedia&parent=2559"}],"wp:term":[{"taxonomy":"category","embeddable":true,"href":"http:\/\/oxisdoproblema.com.br\/index.php?rest_route=%2Fwp%2Fv2%2Fcategories&post=2559"},{"taxonomy":"post_tag","embeddable":true,"href":"http:\/\/oxisdoproblema.com.br\/index.php?rest_route=%2Fwp%2Fv2%2Ftags&post=2559"}],"curies":[{"name":"wp","href":"https:\/\/api.w.org\/{rel}","templated":true}]}}