{"id":253,"date":"2011-08-17T17:08:30","date_gmt":"2011-08-17T20:08:30","guid":{"rendered":"http:\/\/oxisdoproblema.com.br\/blog\/?p=253"},"modified":"2011-08-17T17:08:30","modified_gmt":"2011-08-17T20:08:30","slug":"centro-cultural-vergueiro-a-biblioteca-e-alguns-problemas","status":"publish","type":"post","link":"http:\/\/oxisdoproblema.com.br\/?p=253","title":{"rendered":"Centro Cultural Vergueiro &#8211; A biblioteca e alguns problemas"},"content":{"rendered":"<p>Sou admirador da administra\u00e7\u00e3o do Calil na Secretaria Municipal de Cultura, entre outras raz\u00f5es pelo esfor\u00e7o que ele tem feito em rela\u00e7\u00e3o \u00e0 bibliotecas. Completou a reforma da M\u00e1rio de Andrade (com recursos do BID negociados ainda na gest\u00e3o Martha Suplicy), est\u00e1 acelerando a informatiza\u00e7\u00e3o dos acervos e tem uma pol\u00edtica de aquisi\u00e7\u00e3o de livros.<br \/>\nMas ontem fui ao Centro Cultural Vergueiro fazer pesquisas em jornais da d\u00e9cada de noventa. A\u00ed encrencou. Os acervos microfilmados est\u00e3o incompletos e as leitoras de microfilmes est\u00e3o em p\u00e9ssimo estado, n\u00e3o fazem mais c\u00f3pias e funcionam gra\u00e7as \u00e0 grande boa vontade dos funcion\u00e1rios.<br \/>\nCom toda boa vontade, o funcion\u00e1rio indicou que eu fosse ao Arquivo do Estado ou pagasse pela consulta nos arquivos dos jornais.<br \/>\nBem, o que salvou a viagem foi a boa vontade e disposi\u00e7\u00e3o de ajuda dos funcion\u00e1rio da biblioteca.<br \/>\nEspero que a prometida reforma do Centro Cultural Vergueiro (j\u00e1 anunciada, mas n\u00e3o vi nada sendo feito por ali) d\u00ea um trato no acervo microfilmado.<\/p>\n","protected":false},"excerpt":{"rendered":"<p>Sou admirador da administra\u00e7\u00e3o do Calil na Secretaria Municipal de Cultura, entre outras raz\u00f5es pelo esfor\u00e7o que ele tem feito em rela\u00e7\u00e3o \u00e0 bibliotecas. Completou a reforma da M\u00e1rio de Andrade (com recursos do BID negociados ainda na gest\u00e3o Martha Suplicy), est\u00e1 acelerando a informatiza\u00e7\u00e3o dos acervos e tem uma pol\u00edtica de aquisi\u00e7\u00e3o de livros. &hellip; <a href=\"http:\/\/oxisdoproblema.com.br\/?p=253\" onclick=\"return TrackClick('http%3A%2F%2Foxisdoproblema.com.br%2F%3Fp%3D253','Continue+lendo+Centro+Cultural+Vergueiro+%26%238211%3B+A+biblioteca+e+alguns+problemas+%26rarr%3B')\" class=\"more-link\">Continue lendo <span class=\"screen-reader-text\">Centro Cultural Vergueiro &#8211; A biblioteca e alguns problemas<\/span> <span class=\"meta-nav\">&rarr;<\/span><\/a><\/p>\n","protected":false},"author":1,"featured_media":0,"comment_status":"open","ping_status":"open","sticky":false,"template":"","format":"standard","meta":[],"categories":[1],"tags":[98,96,97,95],"_links":{"self":[{"href":"http:\/\/oxisdoproblema.com.br\/index.php?rest_route=\/wp\/v2\/posts\/253"}],"collection":[{"href":"http:\/\/oxisdoproblema.com.br\/index.php?rest_route=\/wp\/v2\/posts"}],"about":[{"href":"http:\/\/oxisdoproblema.com.br\/index.php?rest_route=\/wp\/v2\/types\/post"}],"author":[{"embeddable":true,"href":"http:\/\/oxisdoproblema.com.br\/index.php?rest_route=\/wp\/v2\/users\/1"}],"replies":[{"embeddable":true,"href":"http:\/\/oxisdoproblema.com.br\/index.php?rest_route=%2Fwp%2Fv2%2Fcomments&post=253"}],"version-history":[{"count":2,"href":"http:\/\/oxisdoproblema.com.br\/index.php?rest_route=\/wp\/v2\/posts\/253\/revisions"}],"predecessor-version":[{"id":255,"href":"http:\/\/oxisdoproblema.com.br\/index.php?rest_route=\/wp\/v2\/posts\/253\/revisions\/255"}],"wp:attachment":[{"href":"http:\/\/oxisdoproblema.com.br\/index.php?rest_route=%2Fwp%2Fv2%2Fmedia&parent=253"}],"wp:term":[{"taxonomy":"category","embeddable":true,"href":"http:\/\/oxisdoproblema.com.br\/index.php?rest_route=%2Fwp%2Fv2%2Fcategories&post=253"},{"taxonomy":"post_tag","embeddable":true,"href":"http:\/\/oxisdoproblema.com.br\/index.php?rest_route=%2Fwp%2Fv2%2Ftags&post=253"}],"curies":[{"name":"wp","href":"https:\/\/api.w.org\/{rel}","templated":true}]}}