{"id":2331,"date":"2014-05-21T23:11:15","date_gmt":"2014-05-22T02:11:15","guid":{"rendered":"http:\/\/oxisdoproblema.com.br\/?p=2331"},"modified":"2014-05-21T23:11:15","modified_gmt":"2014-05-22T02:11:15","slug":"uma-proposta-modesta","status":"publish","type":"post","link":"http:\/\/oxisdoproblema.com.br\/?p=2331","title":{"rendered":"UMA PROPOSTA MODESTA"},"content":{"rendered":"<p>Em recente painel na C\u00e2mara dos Deputados para discutir a quest\u00e3o da extens\u00e3o da desonera\u00e7\u00e3o tribut\u00e1ria constitucionalmente outorgada aos livros e ao papel de sua impress\u00e3o (assim como ao papel para peri\u00f3dicos), delineou-se outra frente de discuss\u00e3o sobre a extens\u00e3o da desonera\u00e7\u00e3o tamb\u00e9m para os leitores de livros eletr\u00f4nicos.<br \/>\n<figure id=\"attachment_2332\" aria-describedby=\"caption-attachment-2332\" style=\"width: 213px\" class=\"wp-caption alignleft\"><a href=\"http:\/\/oxisdoproblema.com.br\/wp-content\/uploads\/2014\/05\/kobo.jpe\" onclick=\"return TrackClick('http%3A%2F%2Foxisdoproblema.com.br%2Fwp-content%2Fuploads%2F2014%2F05%2Fkobo.jpe','')\"><img decoding=\"async\" loading=\"lazy\" src=\"http:\/\/oxisdoproblema.com.br\/wp-content\/uploads\/2014\/05\/kobo.jpe\" onclick=\"return TrackClick('http%3A%2F%2Foxisdoproblema.com.br%2Fwp-content%2Fuploads%2F2014%2F05%2Fkobo.jpe','')\" alt=\"Leitor Kobo. Todos os leitores baseados em e-ink t\u00eam praticamen.er as mesmas funcionalidades\" width=\"213\" height=\"236\" class=\"size-full wp-image-2332\" \/><\/a><figcaption id=\"caption-attachment-2332\" class=\"wp-caption-text\">Leitor Kobo. Todos os leitores baseados em e-ink t\u00eam praticamen.er as mesmas funcionalidades<\/figcaption><\/figure><\/p>\n<p>Uma boa parte da discuss\u00e3o se deu em torno do projeto de lei do Senador Acir Gurgacz que, al\u00e9m de propor a desonera\u00e7\u00e3o do conte\u00fado (os livros eletr\u00f4nicos), deseja estend\u00ea-la para os leitores digitais, em particular o Kindle e o Kobo, que enviaram representantes para a discuss\u00e3o.<br \/>\nAs entidades do livro presentes no evento se declararam, todas, contr\u00e1rias a essa extens\u00e3o. A representante do SNEL, Amarylis Manole, declarou que a posi\u00e7\u00e3o de sua entidade n\u00e3o era ser contra a desonera\u00e7\u00e3o, mas que n\u00e3o desejava misturar a desonera\u00e7\u00e3o do conte\u00fado com a dos leitores. Posi\u00e7\u00e3o semelhante \u00e0 manifestada pela presidente da CBL, Karine Pansa, \u201cN\u00e3o existe d\u00favida em rela\u00e7\u00e3o \u00e0 isen\u00e7\u00e3o do conte\u00fado, mas existe preocupa\u00e7\u00e3o no que se refere ao suporte, que deve ser discutido de maneira mais ampla e menos r\u00e1pida, em outro momento, de forma mais profunda\u201d.<br \/>\n<figure id=\"attachment_2333\" aria-describedby=\"caption-attachment-2333\" style=\"width: 299px\" class=\"wp-caption alignright\"><img decoding=\"async\" loading=\"lazy\" src=\"http:\/\/oxisdoproblema.com.br\/wp-content\/uploads\/2014\/05\/kindle.jpe\" alt=\"Kindl evolui, mas o rteclado, o e-touch e a ilumina\u00e7\u00e3o. As funcionalidades s\u00e3o sempre as mesmas\" width=\"299\" height=\"168\" class=\"size-full wp-image-2333\" \/><figcaption id=\"caption-attachment-2333\" class=\"wp-caption-text\">Kindl evolui, mas o rteclado, o e-touch e a ilumina\u00e7\u00e3o. As funcionalidades s\u00e3o sempre as mesmas<\/figcaption><\/figure><br \/>\nEdnilson Xavier, presidente da ANL, foi mais contundente: \u201cEstamos dando um passo maior que a perna ao aceitar esta avalanche do livro digital\u201d, afirmou. E terminou sua fala de forma objetiva, contra a desonera\u00e7\u00e3o do leitor digital e criticando especialmente os modelos propriet\u00e1rios como aqueles da Amazon e Apple. \u201cA ANL concorda com o conte\u00fado digital isento, mas no que se refere aos aparelhos de leitura ela se preocupa com dois riscos: o arquivo digital ser ref\u00e9m de quem possui o software e o aparato tecnol\u00f3gico acabar por limitar o acesso ao conte\u00fado\u201d.<br \/>\n<figure id=\"attachment_2334\" aria-describedby=\"caption-attachment-2334\" style=\"width: 300px\" class=\"wp-caption alignright\"><img decoding=\"async\" loading=\"lazy\" src=\"http:\/\/oxisdoproblema.com.br\/wp-content\/uploads\/2014\/05\/e-reader-chin\u00eas-300x225.jpg\" alt=\"S\u00e3o bem baratos, Muitos com tecnologia e-reader.  http:\/\/www.ebookbr.com\/2011\/11\/e-os-e-readers-chineses.html\" width=\"300\" height=\"225\" class=\"size-medium wp-image-2334\" srcset=\"http:\/\/oxisdoproblema.com.br\/wp-content\/uploads\/2014\/05\/e-reader-chin\u00eas-300x225.jpg 300w, http:\/\/oxisdoproblema.com.br\/wp-content\/uploads\/2014\/05\/e-reader-chin\u00eas.jpg 600w\" sizes=\"(max-width: 300px) 100vw, 300px\" \/><figcaption id=\"caption-attachment-2334\" class=\"wp-caption-text\">S\u00e3o bem baratos, Muitos com tecnologia e-reader.<br \/>http:\/\/www.ebookbr.com\/2011\/11\/e-os-e-readers-chineses.html<\/figcaption><\/figure><br \/>\nOu seja, todos a favor da desonera\u00e7\u00e3o do conte\u00fado e, salvo os representantes dos fabricantes e vendedores dos leitores, todos contra a extens\u00e3o da desonera\u00e7\u00e3o para estes.<\/p>\n<p>Ednilson Xavier foi quem mais se aproximou o cerne da quest\u00e3o, que se resume, simplesmente, na quest\u00e3o de tecnologias propriet\u00e1rias.<br \/>\nTentarei examinar mais de perto esses pontos antes de falar da minha modesta proposta.<\/p>\n<p>A ANL, apesar de centrar nas tecnologias propriet\u00e1rias, tem no fundo o receio de que os livros eletr\u00f4nicos (e o com\u00e9rcio eletr\u00f4nico em geral), acabem por colocar as livrarias f\u00edsicas para fora do mercado.<br \/>\n<!--more--><br \/>\nAo analisar essa preocupa\u00e7\u00e3o, eu j\u00e1 disse que, se as livrarias independentes n\u00e3o se unirem para formar um \u201cecossistema\u201d que lhes permita oferecer aos clientes uma ampla gama de conte\u00fado, ser\u00e3o inexoravelmente varridas para fora do mercado. Seria \u00f3timo que a ANL aproveitasse a vinda ao Brasil de Oren Teicher, o presidente executivo da ABA \u2013 dos EUA, para ver como foi o acordo que aquela associa\u00e7\u00e3o fez precisamente com a Kobo (depois que uma tentativa anterior com o Google fracassou, e aproveitar tamb\u00e9m para se informar melhor sobre o enorme esfor\u00e7o de marketing cooperativo promovido pela ABA \u2013 sobre o qual j\u00e1 falei algumas vezes por aqui. Teicher estar\u00e1 no Brasil) para participar do Congresso do livro Digital. O certo \u00e9 que, dar uma de avestruz n\u00e3o vai resolver os problemas das livrarias.<\/p>\n<p>Mas Xavier tem raz\u00e3o em se manifestar contra as tecnologias propriet\u00e1rias. <\/p>\n<p>No entanto, no caso, faz-se necess\u00e1rio uma distin\u00e7\u00e3o.<\/p>\n<p>O leitor da Kobo usa os formatos e-Pub, amplamente aceitos e aplicados pela maioria das editoras. Ou seja, quem compra conte\u00fados digitais na Saraiva, por exemplo, pode ler tudo em seu aparelhinho Kobo.<\/p>\n<p>Quem fecha o cerco, mesmo, \u00e9 a Amazon. A varejista usa os formatos .AZW, .AZW1, .AZW3. Na verdade, todos s\u00e3o derivados do Mobi, antigo formato desenvolvido pela Palm, que foi comprado pela Amazon, no qual embutem seu DRM pr\u00f3prio. \u00c9 bom lembrar, entretanto, que a refer\u00eancia usada pela pr\u00f3pria Amazon \u00e9 a de um n\u00famero DOI \u2013 Digital Object Identifier \u2013 assunto que j\u00e1 tratei tamb\u00e9m aqui no blog. Quem recebe o comunicado da Amazon pode ver que, logo depois do n\u00famero do pedido, aparece alguma coisa assim: D01-9865935-2504910. Esse \u00e9 o n\u00famero DOI, que permite que o DRM da empresa rastreie qualquer movimenta\u00e7\u00e3o do arquivo online. O Kindle l\u00ea tamb\u00e9m o formato mobi (al\u00e9m de .txt e .pdf, e quem busca encontra um mont\u00e3o de livros piratas em .mobi. Mas, pirataria \u00e9 outra discuss\u00e3o). Tamb\u00e9m tenho um Kobo, e faz tempo que n\u00e3o compro livros eletr\u00f4nicos por ali (a Amazon acaba ganhando no pre\u00e7o), mas provavelmente alguma refer\u00eancia do mesmo tipo (mesmo oculta), deve existir.<\/p>\n<p>Tamb\u00e9m acho que a aplica\u00e7\u00e3o do DRM \u00e9 uma bobagem das editoras (s\u00e3o elas que exigem). O site Pottermore https:\/\/www.pottermore.com\/en-us usa o chamado DRM social. Este permite que o site verifique se o conte\u00fado adquirido foi repassado para terceiros, mas n\u00e3o o bloqueia. Avisa que o receptor baixou um conte\u00fado pirata e manda o link para o original. Mais aberto, inteligente, respeitador dos direitos de quem comprou o material (pode transferir para outros leitores). Podem acreditar: a Rowling n\u00e3o perdeu nada usando esse tipo de DRM.<\/p>\n<p>Outro argumento levantado de vez em quando \u00e9 que, desonerando os leitores, abre-se caminho para a desonera\u00e7\u00e3o de celulares, tablets e outras traquitanas que possam usar as apps de todas as lojas.<\/p>\n<p>Sinceramente, \u00e9 uma bobagem. Se definido como um aparelho que preferencialmente, ou predominantemente, est\u00e1 destinado \u00e0 leitura de livros eletr\u00f4nicos, n\u00e3o h\u00e1 como enfiar os outros nessa categoria.<\/p>\n<p>A\u00ed chegamos ao fundo da quest\u00e3o.<\/p>\n<p>Sou favor\u00e1vel \u00e0 desonera\u00e7\u00e3o de leitores de livros digitais que permitem a leitura de TODOS os formatos atualmente existentes ou que venham a existir, sem possibilidade de bloquear qualquer um deles.<\/p>\n<p>Esse tipo de leitor permitiria \u00e0s livrarias pensar seriamente (se tiverem disposi\u00e7\u00e3o e decis\u00e3o para isso), no uso de leitores gen\u00e9ricos que leiam os conte\u00fados digitais que elas vendam. \u00c9 importante destacar que o simples fato de serem gen\u00e9ricos n\u00e3o garantem o sucesso dos e-readers. Vejam o que aconteceu antes com a Sony (que foi a primeira a usar tecnologia e-ink e que hoje transferiu sua fraca biblioteca para a Kobo; ou o Positivo, aqui). Mas esse tipo de leitores poderia ser uma ponte para as livrarias independentes se consorciarem e entrarem no neg\u00f3cio do livro digital para valer.<\/p>\n<p>Isso pode ser um osso duro de roer para os dois fabricantes. Ainda mais para a Amazon, que procura fechar todas as suas portas.<\/p>\n<p>Mas \u00e9 bom lembrar que Bezos sempre lutou furiosamente contra a cobran\u00e7a de impostos em suas opera\u00e7\u00f5es. Foi por isso, ali\u00e1s, que instalou sua sede em Seattle, no estado de Washington, que tem uma popula\u00e7\u00e3o relativamente pequena. De l\u00e1 podia vender para os outros estados e para o exterior sem pagar impostos (nem eles nem seus clientes). Progressivamente, entretanto, os outros estados foram aplicando IVA nessas vendas, e Bezos simplesmente se adaptou.<\/p>\n<p>Com uma solu\u00e7\u00e3o desse tipo, O Brasil colocaria a Amazon em uma disjuntiva: quer vender os Kindle aqui sem impostos? Pois abra a possibilidade de que o aparelhinho leia os outros formatos. Ou continue pagando os impostos.<\/p>\n<p>A decis\u00e3o da Amazon \u2013 e da Kobo \u2013 ser\u00e1 medir a possibilidade do crescimento desse mercado para ver se vale a pena. De qualquer maneira, o Brasil daria um chega pra l\u00e1 na arrog\u00e2ncia amazoniana. Quem sabe at\u00e9 seria o pioneiro em uma nova revolu\u00e7\u00e3o no com\u00e9rcio de livros eletr\u00f4nicos. J\u00e1 demos um grande exemplo com o Marco Civil da Internet. Essa pode ser mais uma contribui\u00e7\u00e3o para o arejamento da circula\u00e7\u00e3o de ideias no ciberespa\u00e7o.<\/p>\n","protected":false},"excerpt":{"rendered":"<p>Em recente painel na C\u00e2mara dos Deputados para discutir a quest\u00e3o da extens\u00e3o da desonera\u00e7\u00e3o tribut\u00e1ria constitucionalmente outorgada aos livros e ao papel de sua impress\u00e3o (assim como ao papel para peri\u00f3dicos), delineou-se outra frente de discuss\u00e3o sobre a extens\u00e3o da desonera\u00e7\u00e3o tamb\u00e9m para os leitores de livros eletr\u00f4nicos. Uma boa parte da discuss\u00e3o se &hellip; <a href=\"http:\/\/oxisdoproblema.com.br\/?p=2331\" onclick=\"return TrackClick('http%3A%2F%2Foxisdoproblema.com.br%2F%3Fp%3D2331','Continue+lendo+UMA+PROPOSTA+MODESTA+%26rarr%3B')\" class=\"more-link\">Continue lendo <span class=\"screen-reader-text\">UMA PROPOSTA MODESTA<\/span> <span class=\"meta-nav\">&rarr;<\/span><\/a><\/p>\n","protected":false},"author":1,"featured_media":0,"comment_status":"open","ping_status":"open","sticky":false,"template":"","format":"standard","meta":[],"categories":[1],"tags":[597,13,598,62,274],"_links":{"self":[{"href":"http:\/\/oxisdoproblema.com.br\/index.php?rest_route=\/wp\/v2\/posts\/2331"}],"collection":[{"href":"http:\/\/oxisdoproblema.com.br\/index.php?rest_route=\/wp\/v2\/posts"}],"about":[{"href":"http:\/\/oxisdoproblema.com.br\/index.php?rest_route=\/wp\/v2\/types\/post"}],"author":[{"embeddable":true,"href":"http:\/\/oxisdoproblema.com.br\/index.php?rest_route=\/wp\/v2\/users\/1"}],"replies":[{"embeddable":true,"href":"http:\/\/oxisdoproblema.com.br\/index.php?rest_route=%2Fwp%2Fv2%2Fcomments&post=2331"}],"version-history":[{"count":3,"href":"http:\/\/oxisdoproblema.com.br\/index.php?rest_route=\/wp\/v2\/posts\/2331\/revisions"}],"predecessor-version":[{"id":2337,"href":"http:\/\/oxisdoproblema.com.br\/index.php?rest_route=\/wp\/v2\/posts\/2331\/revisions\/2337"}],"wp:attachment":[{"href":"http:\/\/oxisdoproblema.com.br\/index.php?rest_route=%2Fwp%2Fv2%2Fmedia&parent=2331"}],"wp:term":[{"taxonomy":"category","embeddable":true,"href":"http:\/\/oxisdoproblema.com.br\/index.php?rest_route=%2Fwp%2Fv2%2Fcategories&post=2331"},{"taxonomy":"post_tag","embeddable":true,"href":"http:\/\/oxisdoproblema.com.br\/index.php?rest_route=%2Fwp%2Fv2%2Ftags&post=2331"}],"curies":[{"name":"wp","href":"https:\/\/api.w.org\/{rel}","templated":true}]}}