{"id":2178,"date":"2014-01-27T12:06:45","date_gmt":"2014-01-27T15:06:45","guid":{"rendered":"http:\/\/oxisdoproblema.com.br\/?p=2178"},"modified":"2020-07-13T18:33:46","modified_gmt":"2020-07-13T21:33:46","slug":"marco-zero-ladeira-da-memoria-ii","status":"publish","type":"post","link":"http:\/\/oxisdoproblema.com.br\/?p=2178","title":{"rendered":"MARCO ZERO \u2013 LADEIRA DA MEM\u00d3RIA II"},"content":{"rendered":"<p>O fato de <strong>Lutas Camponesas no Brasil<\/strong> ter sido nosso primeiro livro editado \u00e9 indicador de outro componente de nosso projeto. A Marco Zero foi fundada como uma editora da esquerda. N\u00e3o como editora \u201cde partido\u201d (como na tipifica\u00e7\u00e3o do livro do Flamarion Mau\u00e9s, que j\u00e1 comentei no final do ano passado), mas sim como uma que pretendia publicar livros que fossem tamb\u00e9m uma interven\u00e7\u00e3o na vida pol\u00edtica brasileira naquele momento.<\/p>\n<p>N\u00e3o vou aqui fazer autobiografia pol\u00edtica, at\u00e9 porque acho isso cabotino. Mas \u00e9ramos todos militantes. O M\u00e1rcio j\u00e1 mais afastado, mas Maria Jos\u00e9 e eu t\u00ednhamos uma longa hist\u00f3ria com a Ala Vermelha, que me levou \u00e0 pris\u00e3o (e tamb\u00e9m o M\u00e1rcio) e os dois ao ex\u00edlio.<\/p>\n<p>Isso se refletia n\u00e3o apenas na linha editorial. Tamb\u00e9m aparece na contrata\u00e7\u00e3o de dois de nossos primeiros colaboradores. Daniel Aar\u00e3o Reis e Vladimir Palmeira haviam rec\u00e9m-chegados do ex\u00edlio e acabaram trabalhando conosco. Imaginem. Nenhum dos dois entendia coisa nenhuma de administra\u00e7\u00e3o ou com\u00e9rcio, mas eram oficialmente encarregados disso na jovem Marco Zero. Meio per\u00edodo, que os dois estavam tratando de se encaminhar para o que sabiam mesmo fazer. Daniel para retomar uma carreira acad\u00eamica e o Vladimir louco para fazer pol\u00edtica, sempre. E era muito divertido e produtivo trabalharmos juntos, discutindo sobre os lan\u00e7amentos, o que fazer e como lan\u00e7ar os livros.<br \/>\n<img decoding=\"async\" loading=\"lazy\" class=\"alignleft size-medium wp-image-2179\" src=\"http:\/\/oxisdoproblema.com.br\/wp-content\/uploads\/2014\/01\/papalagui-225x300.jpg\" alt=\"papalagui\" width=\"225\" height=\"300\" srcset=\"http:\/\/oxisdoproblema.com.br\/wp-content\/uploads\/2014\/01\/papalagui-225x300.jpg 225w, http:\/\/oxisdoproblema.com.br\/wp-content\/uploads\/2014\/01\/papalagui.jpg 300w\" sizes=\"(max-width: 225px) 100vw, 225px\" \/><br \/>\nUma ideia do Vladimir foi fazer o lan\u00e7amento de <strong>O Papalagui<\/strong> na praia, com farta distribui\u00e7\u00e3o de caipirinhas. Esse livro relata as supostas mem\u00f3rias de um chefe de uma tribo da polin\u00e9sia que visita a Europa e faz um relato antropol\u00f3gico do que viu ao relatar espantado para seu povo os estranh\u00edssimos h\u00e1bitos dos brancos, os papalagui. O livro foi um long-seller da editora, mas no lan\u00e7amento, em plena praia de Ipanema, n\u00e3o vendeu nada. O povo liquidou em pouqu\u00edssimo tempo com a cacha\u00e7a que levamos.<br \/>\n<!--more--><br \/>\nBolamos tamb\u00e9m uma cole\u00e7\u00e3o de divulga\u00e7\u00e3o, em formato pequeno, com discuss\u00f5es sobre v\u00e1rios t\u00f3picos. Eram sempre dois autores (pelo menos). A\u00ed est\u00e3o as capas de <strong>A Cidade est\u00e1 com medo<\/strong> e <strong>Os \u00cdndios v\u00e3o \u00e0 luta<\/strong>. Como os temas permanecem! Tamb\u00e9m publicamos t\u00edtulos como <strong>A Crise do Socialismo Real<\/strong>, do H\u00e9rcules Correa. O H\u00e9rcules era do CC do partid\u00e3o, o que demonstra o quanto procur\u00e1vamos abrir espa\u00e7o para todos do campo das lutas contra a ditadura. Afinal, era a \u00e9poca da mobiliza\u00e7\u00e3o pelas diretas. Tamb\u00e9m mais tarde publicamos <strong>As Ra\u00edzes do Golpes<\/strong>, do Almino Affonso, um relado desde o parlamento da gesta\u00e7\u00e3o do dito.<br \/>\n<img decoding=\"async\" loading=\"lazy\" class=\"alignleft size-thumbnail wp-image-2181\" src=\"http:\/\/oxisdoproblema.com.br\/wp-content\/uploads\/2014\/01\/cidade-esta-com-medo050-150x150.jpg\" alt=\"cidade esta com medo050\" width=\"150\" height=\"150\" \/> <img decoding=\"async\" loading=\"lazy\" class=\"alignleft size-thumbnail wp-image-2182\" src=\"http:\/\/oxisdoproblema.com.br\/wp-content\/uploads\/2014\/01\/indios-vao-a-luta051-150x150.jpg\" alt=\"indios vao a luta051\" width=\"150\" height=\"150\" \/><img decoding=\"async\" loading=\"lazy\" class=\"alignleft size-thumbnail wp-image-2183\" src=\"http:\/\/oxisdoproblema.com.br\/wp-content\/uploads\/2014\/01\/crise-do-socialismo052-150x150.jpg\" alt=\"crise do socialismo052\" width=\"150\" height=\"150\" \/> <img decoding=\"async\" loading=\"lazy\" class=\"alignleft size-thumbnail wp-image-2185\" src=\"http:\/\/oxisdoproblema.com.br\/wp-content\/uploads\/2014\/01\/raizes-do-golpe039-150x150.jpg\" alt=\"raizes do golpe039\" width=\"150\" height=\"150\" \/><br \/>\nEditamos tamb\u00e9m um livro muito importante, <strong>Imagens da Revolu\u00e7\u00e3o \u2013 Documentos pol\u00edticos das organiza\u00e7\u00f5es clandestinas de esquerda dos anos 1961-1971<\/strong> (1985), hoje reeditado pela Express\u00e3o Popular, no qual o Daniel (que colocou como coautor, em homenagem, Jair Ferreira de S\u00e1, antigo dirigente do movimento estudantil que morrera em um est\u00fapido acidente de auto) apresenta os documentos que coligiu. Daniel Aar\u00e3o Reis, como sabemos, tornou-se um dos especialistas na hist\u00f3ria das esquerdas em nosso pa\u00eds.<br \/>\n<img decoding=\"async\" loading=\"lazy\" class=\"alignleft size-medium wp-image-2187\" src=\"http:\/\/oxisdoproblema.com.br\/wp-content\/uploads\/2014\/01\/imagens-da-rev048-199x300.jpg\" alt=\"imagens da rev048\" width=\"199\" height=\"300\" srcset=\"http:\/\/oxisdoproblema.com.br\/wp-content\/uploads\/2014\/01\/imagens-da-rev048-199x300.jpg 199w, http:\/\/oxisdoproblema.com.br\/wp-content\/uploads\/2014\/01\/imagens-da-rev048.jpg 243w\" sizes=\"(max-width: 199px) 100vw, 199px\" \/><\/p>\n<p>Um dia recebemos um convite ins\u00f3lito. A associa\u00e7\u00e3o dos editores cubanos estava organizando um encontro com editoras latino-americanas para aprender como \u00e9 que funcionava essa hist\u00f3ria de direitos autorais. A Uni\u00e3o Sovi\u00e9tica havia rec\u00e9m ingressado na Conven\u00e7\u00e3o de Berna, e com ela foi toda a cambada.<\/p>\n<p>O convite chegou quando eu me recuperava de uma opera\u00e7\u00e3o de h\u00e9rnia de disco. A Maria Jos\u00e9, esgotada de cuidar de tudo, inclusive da minha doen\u00e7a, desistiu de ir. Mas eu queria aproveitar a oportunidade. Os cubanos disseram que pagavam a passagem do M\u00e9xico para Havana e tudo l\u00e1. E quem tinha grana para ir at\u00e9 o M\u00e9xico? Agradeci e expliquei. Veio uma alternativa: eles pagavam de Buenos Aires para Havana, ida e volta. Bom, Buenos Aires j\u00e1 era vi\u00e1vel. Cheguei em Buenos Aires no dia seguinte \u00e0 posse do Alfons\u00edn, a cidade fervilhando de anima\u00e7\u00e3o pela volta da democracia. Fui \u00e0 embaixada de Cuba pegar a passagem e o visto. Que era entregue em um papel separado. Os passaportes brasileiros, para quem n\u00e3o viveu essa \u00e9poca, tinham um carimbo logo nas primeiras p\u00e1ginas: N\u00c3O \u00c9 V\u00c1LIDO PARA CUBA. A viagem era estritamente ilegal.<\/p>\n<p>Eu viajei acompanhado pelo Gian Calvi. O conhecido ilustrador fora convidado pelo CERLALC para fazer uma oficina de ilustra\u00e7\u00e3o em Havana.<\/p>\n<p>Recebemos o visto e as passagens. Aerol\u00edneas at\u00e9 Lima e Aeroflot at\u00e9 Havana. Dormimos em Lima na casa do meu amigo e professor Rodrigo Montoya, espantado com a s\u00fabita invas\u00e3o. O voo na Aeroflot foi, digamos, intrigante. Era algum modelo de tupolev que imitava o antigo caravelle. No assento da janela estava uma mo\u00e7a, filha de algum diplomata da Alemanha Oriental, possivelmente deportada depois de alguma estripulia limenha. A aeromo\u00e7a tinha o hmmm&#8230; posterior t\u00e3o avantajado que s\u00f3 conseguia andar de lado no corredor enquanto jogava uma bandeja com um peda\u00e7o de enlatado. Maravilha!<\/p>\n<p><img decoding=\"async\" loading=\"lazy\" class=\"alignleft size-full wp-image-2189\" src=\"http:\/\/oxisdoproblema.com.br\/wp-content\/uploads\/2014\/01\/recurso-do-m\u00e9todo036.jpg\" alt=\"recurso do m\u00e9todo036\" width=\"245\" height=\"369\" srcset=\"http:\/\/oxisdoproblema.com.br\/wp-content\/uploads\/2014\/01\/recurso-do-m\u00e9todo036.jpg 245w, http:\/\/oxisdoproblema.com.br\/wp-content\/uploads\/2014\/01\/recurso-do-m\u00e9todo036-199x300.jpg 199w\" sizes=\"(max-width: 245px) 100vw, 245px\" \/><br \/>\nMas a estadia em Havana rendeu \u2013 al\u00e9m de lhes mostrar o beab\u00e1 de fazer contratos e pagar direitos \u2013 alguns contratos para publica\u00e7\u00e3o. Do Miguel Barnett, sujeito fant\u00e1stico, publicamos depois <strong>Mem\u00f3rias de um Cimarr\u00f3n<\/strong>, e eu trouxe tamb\u00e9m o contato para publicar o livro do Alejo Carpentier, <strong>O Recurso do M\u00e9todo<\/strong> (1984) (que tinha seus direitos controlados desde Paris), ambos traduzidos por Beatriz Cannabrava. Publicamos tamb\u00e9m outro autor cubano, Miguel Coss\u00edo, <strong>Foguetes sobre Cuba<\/strong>, que narra as tens\u00f5es de um miliciano aguardando o poss\u00edvel ataque nuclear dos EUA na famosa crise dos m\u00edsseis.<\/p>\n<p>Sempre procuramos lan\u00e7ar autores latino-americanos. Um dos mais not\u00e1veis foi <strong>O Pau de Sebo<\/strong>, (1983 trad. Estela dos Santos Abreu e Maria Wanda Maul de Andrade), do haitiano Ren\u00e9 Depestre. Depestre aparece em uma cena do filme Mem\u00f3rias del Subdesarrollo, do Alea. Participa de uma mesa redonda que acontece na casa-museu do Hemingway, perto de Havana. Ele esteve no Brasil como funcion\u00e1rio da UNESCO. Fomos almo\u00e7ar com ele no folcl\u00f3rico \u2013 e \u00f3timo \u2013 Senta\u00ed, atr\u00e1s da Central do Brasil e do antigo Minist\u00e9rio da Guerra, no Rio. Al\u00e9m de outros, publicamos tamb\u00e9m <strong>A Ilha da Chuva e do Vento<\/strong>, de Simone Schwarz-Bart (1986, tradu\u00e7\u00e3o da Estela dos Santos Abreu). Tamb\u00e9m o guatemalteco Arturo Arias, com <strong>Itzam-Na, a Casa das Lagartixas<\/strong>.<\/p>\n<p><img decoding=\"async\" loading=\"lazy\" class=\"alignleft size-full wp-image-2191\" src=\"http:\/\/oxisdoproblema.com.br\/wp-content\/uploads\/2014\/01\/o-pau-de-sebo029.jpg\" alt=\"o pau de sebo029\" width=\"245\" height=\"367\" srcset=\"http:\/\/oxisdoproblema.com.br\/wp-content\/uploads\/2014\/01\/o-pau-de-sebo029.jpg 245w, http:\/\/oxisdoproblema.com.br\/wp-content\/uploads\/2014\/01\/o-pau-de-sebo029-200x300.jpg 200w\" sizes=\"(max-width: 245px) 100vw, 245px\" \/> <img decoding=\"async\" loading=\"lazy\" class=\"alignleft size-full wp-image-2192\" src=\"http:\/\/oxisdoproblema.com.br\/wp-content\/uploads\/2014\/01\/o-pau-de-sebo-dedi-depestre030.jpg\" alt=\"o pau de sebo dedi depestre030\" width=\"219\" height=\"367\" srcset=\"http:\/\/oxisdoproblema.com.br\/wp-content\/uploads\/2014\/01\/o-pau-de-sebo-dedi-depestre030.jpg 219w, http:\/\/oxisdoproblema.com.br\/wp-content\/uploads\/2014\/01\/o-pau-de-sebo-dedi-depestre030-179x300.jpg 179w\" sizes=\"(max-width: 219px) 100vw, 219px\" \/><\/p>\n<p>Mas n\u00e3o nos restringimos a essa \u00e1rea. Os europeus tamb\u00e9m tinham nossa aten\u00e7\u00e3o.<\/p>\n<p>Um dos autores que lan\u00e7amos \u2013 pela primeira vez no Brasil, foi Lobo Antunes. A primeira edi\u00e7\u00e3o de <strong>Os Cus de Judas<\/strong> foi da Marco Zero, e vale lembrar duas curiosidades. Lobo Antunes, que tem fama de zangado, concordou em trocar algumas express\u00f5es lusas por outras mais correntes por aqui. Lembro de \u201cautoclismo\u201d, substitu\u00eddo por descarga (de privada). Outra curiosidade, bem sintom\u00e1tica dos tempos em que viv\u00edamos, foi a resenha publicada no JB. O circunspecto jornal mudou o t\u00edtulo do romance, que virou Os Cafund\u00f3s do Judas. Cus, nem pensar. Hoje, os Cus est\u00e3o estacionados na Objetiva\/Alfaguara.<\/p>\n<p>Um lan\u00e7amento marcante, de outro autor in\u00e9dito por aqui, foi o do <strong>Homem Invis\u00edvel<\/strong>, traduzido por M\u00e1rcia Serra (1990). O cl\u00e1ssico da literatura negra dos EUA s\u00f3 \u00e9 achado hoje nos sebos. <img decoding=\"async\" loading=\"lazy\" class=\"alignleft size-full wp-image-2194\" src=\"http:\/\/oxisdoproblema.com.br\/wp-content\/uploads\/2014\/01\/homem-invisivel059.jpg\" alt=\"homem invisivel059\" width=\"283\" height=\"404\" srcset=\"http:\/\/oxisdoproblema.com.br\/wp-content\/uploads\/2014\/01\/homem-invisivel059.jpg 283w, http:\/\/oxisdoproblema.com.br\/wp-content\/uploads\/2014\/01\/homem-invisivel059-210x300.jpg 210w\" sizes=\"(max-width: 283px) 100vw, 283px\" \/> E publicamos tamb\u00e9m, entre outros, Prokosh, Kazantzakis, Heinrich B\u00f6ll, William Gass, Lars Gustafsson. E tamb\u00e9m um dos cl\u00e1ssicos da contracultura, o hilariante <strong>Pescar Truta na Am\u00e9rica<\/strong>, do Richard Brautigan, traduzido pelo Jos\u00e9 J. Veiga,que fez tamb\u00e9m uma apresenta\u00e7\u00e3o.<\/p>\n<p>Maria Jos\u00e9 trouxe o t\u00edtulo quando esteve em Stanford, fazendo um curso de imers\u00e3o no mercado editorial. Ela foi uma das primeiras brasileiras a fazer esse curso, pelo qual passaram depois v\u00e1rios outros.<\/p>\n<p><img decoding=\"async\" loading=\"lazy\" class=\"alignleft size-full wp-image-2196\" src=\"http:\/\/oxisdoproblema.com.br\/wp-content\/uploads\/2014\/01\/pescar-truta057.jpg\" alt=\"pescar truta057\" width=\"243\" height=\"371\" srcset=\"http:\/\/oxisdoproblema.com.br\/wp-content\/uploads\/2014\/01\/pescar-truta057.jpg 243w, http:\/\/oxisdoproblema.com.br\/wp-content\/uploads\/2014\/01\/pescar-truta057-196x300.jpg 196w\" sizes=\"(max-width: 243px) 100vw, 243px\" \/><\/p>\n<p>Passamos pela Turquia, com <strong>Memed, meu falc\u00e3o<\/strong>, de Yashar Kemal, traduzido (do ingl\u00eas), pelo Wilson Vaccari (1989) e <strong>Chuva Negra<\/strong>, e pelo Jap\u00e3o, com o pungente romance sobre as sequelas de Hiroshima, de <strong>Masuji Ibuse<\/strong>.<\/p>\n<p>N\u00e3o consegu\u00edamos os autores badalados, mas fizemos uma senhora sele\u00e7\u00e3o.<\/p>\n<p><img decoding=\"async\" loading=\"lazy\" class=\"alignleft size-medium wp-image-2198\" src=\"http:\/\/oxisdoproblema.com.br\/wp-content\/uploads\/2014\/01\/memed-meu-falc\u00e3o037-201x300.jpg\" alt=\"memed meu falc\u00e3o037\" width=\"201\" height=\"300\" srcset=\"http:\/\/oxisdoproblema.com.br\/wp-content\/uploads\/2014\/01\/memed-meu-falc\u00e3o037-201x300.jpg 201w, http:\/\/oxisdoproblema.com.br\/wp-content\/uploads\/2014\/01\/memed-meu-falc\u00e3o037.jpg 245w\" sizes=\"(max-width: 201px) 100vw, 201px\" \/><\/p>\n<figure id=\"attachment_2199\" aria-describedby=\"caption-attachment-2199\" style=\"width: 237px\" class=\"wp-caption alignleft\"><img decoding=\"async\" loading=\"lazy\" class=\"size-full wp-image-2199\" src=\"http:\/\/oxisdoproblema.com.br\/wp-content\/uploads\/2014\/01\/chuva-negra063.jpg\" alt=\"Capa bel\u00edssima sdo Felipe Taborda. Reparem que j\u00e1 us\u00e1vamos o logo definitivo, um desenho feito a partir do quadro da Tarsila (com autoriza\u00e7\u00e3o)\" width=\"237\" height=\"363\" srcset=\"http:\/\/oxisdoproblema.com.br\/wp-content\/uploads\/2014\/01\/chuva-negra063.jpg 237w, http:\/\/oxisdoproblema.com.br\/wp-content\/uploads\/2014\/01\/chuva-negra063-195x300.jpg 195w\" sizes=\"(max-width: 237px) 100vw, 237px\" \/><figcaption id=\"caption-attachment-2199\" class=\"wp-caption-text\">Capa bel\u00edssima sdo Felipe Taborda. Reparem que j\u00e1 us\u00e1vamos o logo definitivo, um desenho feito a partir do quadro da Tarsila (com autoriza\u00e7\u00e3o)<\/figcaption><\/figure>\n<p>Uma vez li um ensaio do Kenneth Tynan, apresentando um livro curioso, <strong>Dirty Movies, an Illustrated History of the Stag Film<\/strong>, de Al Di Lauro e Gerald Rabkin, sobre os prim\u00f3rdios da ind\u00fastria do cinema porn\u00f4. Tynan \u2013 conhecido entre outras coisas por ter sido um dos especialistas que testemunharam no processo sobre <strong>O Amante de Lady Chatterley<\/strong>, censurado nos EUA \u2013 faz uma apologia decidida da pornografia. N\u00f3s concord\u00e1vamos.<\/p>\n<p>E nos divertimos muito na Marco Zero publicando alguns t\u00edtulos do g\u00eanero, uma colet\u00e2nea dos catecismo do Carlos Z\u00e9firo. Reparem em quem escreveu os pequenos ensaios que davam um indispens\u00e1vel -na \u00e9poca-, ar de erudi\u00e7\u00e3o. Sim, nosso S\u00e9rgio Augusto, prof. Roberto da Matta e Domingos Demasi. A \u201cbunda\u201d do livro foi escrita pelo M\u00e1rcio. Esse e outros dois t\u00edtulos vieram da cole\u00e7\u00e3o de um amigo nosso, Joaquim Marinho, um dos maiores colecionadores de material pornogr\u00e1fico do Brasil.<\/p>\n<p><img decoding=\"async\" loading=\"lazy\" class=\"alignleft size-medium wp-image-2201\" src=\"http:\/\/oxisdoproblema.com.br\/wp-content\/uploads\/2014\/01\/arte-sacana043-300x213.jpg\" alt=\"arte sacana043\" width=\"300\" height=\"213\" srcset=\"http:\/\/oxisdoproblema.com.br\/wp-content\/uploads\/2014\/01\/arte-sacana043-300x213.jpg 300w, http:\/\/oxisdoproblema.com.br\/wp-content\/uploads\/2014\/01\/arte-sacana043.jpg 369w\" sizes=\"(max-width: 300px) 100vw, 300px\" \/> <img decoding=\"async\" loading=\"lazy\" class=\"alignleft size-medium wp-image-2202\" src=\"http:\/\/oxisdoproblema.com.br\/wp-content\/uploads\/2014\/01\/alunos-sacanas041-193x300.jpg\" alt=\"alunos sacanas041\" width=\"193\" height=\"300\" srcset=\"http:\/\/oxisdoproblema.com.br\/wp-content\/uploads\/2014\/01\/alunos-sacanas041-193x300.jpg 193w, http:\/\/oxisdoproblema.com.br\/wp-content\/uploads\/2014\/01\/alunos-sacanas041.jpg 281w\" sizes=\"(max-width: 193px) 100vw, 193px\" \/><\/p>\n<p>Na literatura brasileira, al\u00e9m dos livros do M\u00e1rcio, pescamos alguns autores interessantes. N\u00e3o conseguimos fazer tanto quanto gostar\u00edamos, mas na \u00e9poca era ainda muito mais dif\u00edcil publicar autores nacionais.<\/p>\n<p>Manuel Carlos Karam, Haroldo Maranh\u00e3o, Ricardo G. Dicke, Antonio Jos\u00e9 de Moura, estavam entre eles. Publicamos tamb\u00e9m um roteiro nunca filmado do Joaquim Pedro de Andrade, <strong>O Imponder\u00e1vel Bento<\/strong>, e a primeira edi\u00e7\u00e3o de <strong>Samba-Enredo<\/strong>, o segundo livro do hoje premiado e reconhecido Jo\u00e3o Almino. Outro t\u00edtulo de fic\u00e7\u00e3o foi o <strong>M\u00e1rio\/Vera &#8211; Brasil 1962-12964<\/strong>, da ga\u00facha Tania Jamardo Faillace. Tamb\u00e9m publicamos um belo livro \u2013 filho \u00fanico \u2013 do cr\u00edtico In\u00e1cio Ara\u00fajo, <strong>Casa de Meninas<\/strong>, que \u00e9 tamb\u00e9m uma homenagem ao livro da Lygia Fagundes Telles. Um dos autores in\u00e9ditos que lan\u00e7amos na \u00e9poca foi o Dau Bastos, com <strong>Das Trips, Cora\u00e7\u00e3o<\/strong>, que o Goldenberg tentou censurar na FAE na \u00e9poca do Collor, assim como o da Bernardette Lyra, <strong>Aqui Come\u00e7a a Dan\u00e7a<\/strong>.<\/p>\n<p><img decoding=\"async\" loading=\"lazy\" class=\"alignleft size-medium wp-image-2204\" src=\"http:\/\/oxisdoproblema.com.br\/wp-content\/uploads\/2014\/01\/fontes-murmurantes053-200x300.jpg\" alt=\"fontes murmurantes053\" width=\"200\" height=\"300\" srcset=\"http:\/\/oxisdoproblema.com.br\/wp-content\/uploads\/2014\/01\/fontes-murmurantes053-200x300.jpg 200w, http:\/\/oxisdoproblema.com.br\/wp-content\/uploads\/2014\/01\/fontes-murmurantes053.jpg 243w\" sizes=\"(max-width: 200px) 100vw, 200px\" \/> <img decoding=\"async\" loading=\"lazy\" class=\"alignleft size-medium wp-image-2205\" src=\"http:\/\/oxisdoproblema.com.br\/wp-content\/uploads\/2014\/01\/samba-enredo034-199x300.jpg\" alt=\"samba enredo034\" width=\"199\" height=\"300\" srcset=\"http:\/\/oxisdoproblema.com.br\/wp-content\/uploads\/2014\/01\/samba-enredo034-199x300.jpg 199w, http:\/\/oxisdoproblema.com.br\/wp-content\/uploads\/2014\/01\/samba-enredo034.jpg 245w\" sizes=\"(max-width: 199px) 100vw, 199px\" \/> <img decoding=\"async\" loading=\"lazy\" class=\"alignleft size-medium wp-image-2206\" src=\"http:\/\/oxisdoproblema.com.br\/wp-content\/uploads\/2014\/01\/Das-Trips028-200x300.jpg\" alt=\"Das Trips028\" width=\"200\" height=\"300\" srcset=\"http:\/\/oxisdoproblema.com.br\/wp-content\/uploads\/2014\/01\/Das-Trips028-200x300.jpg 200w, http:\/\/oxisdoproblema.com.br\/wp-content\/uploads\/2014\/01\/Das-Trips028.jpg 245w\" sizes=\"(max-width: 200px) 100vw, 200px\" \/> <img decoding=\"async\" loading=\"lazy\" class=\"alignleft size-medium wp-image-2208\" src=\"http:\/\/oxisdoproblema.com.br\/wp-content\/uploads\/2014\/01\/caraj\u00e1s031-200x300.jpg\" alt=\"caraj\u00e1s031\" width=\"200\" height=\"300\" srcset=\"http:\/\/oxisdoproblema.com.br\/wp-content\/uploads\/2014\/01\/caraj\u00e1s031-200x300.jpg 200w, http:\/\/oxisdoproblema.com.br\/wp-content\/uploads\/2014\/01\/caraj\u00e1s031.jpg 245w\" sizes=\"(max-width: 200px) 100vw, 200px\" \/><\/p>\n<p>Vale lembrar, na \u00e1rea de n\u00e3o fic\u00e7\u00e3o, o livro do jornalista Lucio Fl\u00e1vio Pinto, <strong>Caraj\u00e1s, Ataque ao Cora\u00e7\u00e3o da Amaz\u00f4nia,<\/strong> um dos primeiros a analisar em detalhes a perigosa aventura do Projeto Jari.<\/p>\n<p>E por a\u00ed foi e por aqui vou terminando, que n\u00e3o \u00e9 a hist\u00f3ria da editora, que publicou muito mais at\u00e9 \u201cmorrer\u201d quando fomos obrigados a vend\u00ea-la para quem era, ent\u00e3o, nosso s\u00f3cio majorit\u00e1rio, a Nobel. Que fechou a editora (como fechou tamb\u00e9m a pr\u00f3pria Nobel, a Est\u00fadio Nobel e a editora que tamb\u00e9m comprou do Quartim de Morais). N\u00e3o consigo explicar o m\u00f3vel desse serial killer de editoras, mas \u00e9 da vida.<\/p>\n<p>Salvo os t\u00edtulos mencionados que foram reeditados (posso at\u00e9 ter esquecido de um ou outro), esses livros hoje s\u00e3o encontrados em sebos ou em edi\u00e7\u00f5es piratas (<strong>O Papalagui<\/strong>, por exemplo).<\/p>\n<p>Foi bom enquanto durou. Deixou saudades e boas lembran\u00e7as. A Maria Jos\u00e9 se firmou em sua verdadeira voca\u00e7\u00e3o, que \u00e9 ser escritora, o M\u00e1rcio continua produzindo, escrevendo e fazendo um bel\u00edssimo trabalho com jovens no TESC, em Manaus (ali\u00e1s, j\u00e1 encenou dois mon\u00f3logos e logo encenar\u00e1 uma pe\u00e7a sobre mitos brasileiros vistos de forma ir\u00f4nica, escritos pela Maria Jos\u00e9). E eu continuo nessa faina de tentar entender porque tantos livros bons s\u00e3o lidos por poucas pessoas nesse nosso pa\u00eds.<\/p>\n<p>Ladeira de mem\u00f3ria \u00e9 assim. Sinto saudades dos meus tempos de editor, com todos os que nos acompanharam em algum momento.<\/p>\n<p>Algumas p\u00e1ginas do nosso \u00faltimo cat\u00e1logo:<br \/>\n<img decoding=\"async\" loading=\"lazy\" class=\"alignleft size-full wp-image-2210\" src=\"http:\/\/oxisdoproblema.com.br\/wp-content\/uploads\/2014\/01\/catalogo-capa045.jpg\" alt=\"catalogo capa045\" width=\"247\" height=\"334\" srcset=\"http:\/\/oxisdoproblema.com.br\/wp-content\/uploads\/2014\/01\/catalogo-capa045.jpg 247w, http:\/\/oxisdoproblema.com.br\/wp-content\/uploads\/2014\/01\/catalogo-capa045-221x300.jpg 221w\" sizes=\"(max-width: 247px) 100vw, 247px\" \/> <img decoding=\"async\" loading=\"lazy\" class=\"alignleft size-full wp-image-2211\" src=\"http:\/\/oxisdoproblema.com.br\/wp-content\/uploads\/2014\/01\/catalogo-interior-1046.jpg\" alt=\"catalogo interior 1046\" width=\"247\" height=\"330\" srcset=\"http:\/\/oxisdoproblema.com.br\/wp-content\/uploads\/2014\/01\/catalogo-interior-1046.jpg 247w, http:\/\/oxisdoproblema.com.br\/wp-content\/uploads\/2014\/01\/catalogo-interior-1046-224x300.jpg 224w\" sizes=\"(max-width: 247px) 100vw, 247px\" \/> <img decoding=\"async\" loading=\"lazy\" class=\"alignleft size-full wp-image-2212\" src=\"http:\/\/oxisdoproblema.com.br\/wp-content\/uploads\/2014\/01\/catalogo-interior-2047.jpg\" alt=\"catalogo interior 2047\" width=\"247\" height=\"330\" srcset=\"http:\/\/oxisdoproblema.com.br\/wp-content\/uploads\/2014\/01\/catalogo-interior-2047.jpg 247w, http:\/\/oxisdoproblema.com.br\/wp-content\/uploads\/2014\/01\/catalogo-interior-2047-224x300.jpg 224w\" sizes=\"(max-width: 247px) 100vw, 247px\" \/><\/p>\n","protected":false},"excerpt":{"rendered":"<p>O fato de Lutas Camponesas no Brasil ter sido nosso primeiro livro editado \u00e9 indicador de outro componente de nosso projeto. A Marco Zero foi fundada como uma editora da esquerda. N\u00e3o como editora \u201cde partido\u201d (como na tipifica\u00e7\u00e3o do livro do Flamarion Mau\u00e9s, que j\u00e1 comentei no final do ano passado), mas sim como &hellip; <a href=\"http:\/\/oxisdoproblema.com.br\/?p=2178\" onclick=\"return TrackClick('http%3A%2F%2Foxisdoproblema.com.br%2F%3Fp%3D2178','Continue+lendo+MARCO+ZERO+%E2%80%93+LADEIRA+DA+MEM%C3%93RIA+II+%26rarr%3B')\" class=\"more-link\">Continue lendo <span class=\"screen-reader-text\">MARCO ZERO \u2013 LADEIRA DA MEM\u00d3RIA II<\/span> <span class=\"meta-nav\">&rarr;<\/span><\/a><\/p>\n","protected":false},"author":1,"featured_media":0,"comment_status":"open","ping_status":"open","sticky":false,"template":"","format":"standard","meta":[],"categories":[1],"tags":[128],"_links":{"self":[{"href":"http:\/\/oxisdoproblema.com.br\/index.php?rest_route=\/wp\/v2\/posts\/2178"}],"collection":[{"href":"http:\/\/oxisdoproblema.com.br\/index.php?rest_route=\/wp\/v2\/posts"}],"about":[{"href":"http:\/\/oxisdoproblema.com.br\/index.php?rest_route=\/wp\/v2\/types\/post"}],"author":[{"embeddable":true,"href":"http:\/\/oxisdoproblema.com.br\/index.php?rest_route=\/wp\/v2\/users\/1"}],"replies":[{"embeddable":true,"href":"http:\/\/oxisdoproblema.com.br\/index.php?rest_route=%2Fwp%2Fv2%2Fcomments&post=2178"}],"version-history":[{"count":16,"href":"http:\/\/oxisdoproblema.com.br\/index.php?rest_route=\/wp\/v2\/posts\/2178\/revisions"}],"predecessor-version":[{"id":3264,"href":"http:\/\/oxisdoproblema.com.br\/index.php?rest_route=\/wp\/v2\/posts\/2178\/revisions\/3264"}],"wp:attachment":[{"href":"http:\/\/oxisdoproblema.com.br\/index.php?rest_route=%2Fwp%2Fv2%2Fmedia&parent=2178"}],"wp:term":[{"taxonomy":"category","embeddable":true,"href":"http:\/\/oxisdoproblema.com.br\/index.php?rest_route=%2Fwp%2Fv2%2Fcategories&post=2178"},{"taxonomy":"post_tag","embeddable":true,"href":"http:\/\/oxisdoproblema.com.br\/index.php?rest_route=%2Fwp%2Fv2%2Ftags&post=2178"}],"curies":[{"name":"wp","href":"https:\/\/api.w.org\/{rel}","templated":true}]}}