{"id":2148,"date":"2014-01-15T17:27:41","date_gmt":"2014-01-15T20:27:41","guid":{"rendered":"http:\/\/oxisdoproblema.com.br\/?p=2148"},"modified":"2014-01-16T08:56:48","modified_gmt":"2014-01-16T11:56:48","slug":"laura-passou-no-vestibular-para-a-unb","status":"publish","type":"post","link":"http:\/\/oxisdoproblema.com.br\/?p=2148","title":{"rendered":"Laura passou no vestibular para a UnB."},"content":{"rendered":"<figure id=\"attachment_2149\" aria-describedby=\"caption-attachment-2149\" style=\"width: 544px\" class=\"wp-caption aligncenter\"><img decoding=\"async\" loading=\"lazy\" src=\"http:\/\/oxisdoproblema.com.br\/wp-content\/uploads\/2014\/01\/pqInvasao1.jpg\" alt=\"PM e Ex\u00e9rcito Invadem a UnB em 1968\" width=\"544\" height=\"400\" class=\"size-full wp-image-2149\" srcset=\"http:\/\/oxisdoproblema.com.br\/wp-content\/uploads\/2014\/01\/pqInvasao1.jpg 544w, http:\/\/oxisdoproblema.com.br\/wp-content\/uploads\/2014\/01\/pqInvasao1-300x220.jpg 300w\" sizes=\"(max-width: 544px) 100vw, 544px\" \/><figcaption id=\"caption-attachment-2149\" class=\"wp-caption-text\">PM e Ex\u00e9rcito Invadem a UnB em 1968<\/figcaption><\/figure>\n<p>Este blog \u00e9 sobre o mercado editorial.<\/p>\n<p>Mas hoje, no primeiro post do ano, trago a not\u00edcia de que minha neta, Laura Fraiz-Grijalba Lindoso, passou no vestibular para a Faculdade de Artes da UnB. Universidade que faz parte tamb\u00e9m da minha hist\u00f3ria. <\/p>\n<p>Eu e Maria Jos\u00e9 estudamos l\u00e1 e l\u00e1 nos conhecemos. Ainda estudantes, j\u00e1 trabalh\u00e1vamos como jornalistas, ela na sucursal do JB, sob a batuta do Castellinho, e eu na sucursal do Estad\u00e3o, dirigida ent\u00e3o pelo Evandro Carlos de Andrade. Ela se formou em comunica\u00e7\u00e3o e eu tive a honra de estar na primeira leva de alunos expulsos das universidades federais pelo famigerado decreto 477 \u2013 outro que vai na conta dos \u201cescr\u00fapulos ao lixo\u201d do Jarbas Passarinho. <\/p>\n<p>Est\u00e1vamos na UnB em um per\u00edodo em que, embora j\u00e1 abalada pelas interven\u00e7\u00f5es da ditadura, a universidade ainda refletia muito do esp\u00edrito do Darcy Ribeiro. Em 68 est\u00e1vamos l\u00e1, nesse que foi o per\u00edodo mais criativo e ativo da hist\u00f3ria moderna brasileira. Participamos da efervesc\u00eancia do movimento estudantil \u2013 a porrada do cassetete da PM na invas\u00e3o do campus em 68 ainda d\u00f3i at\u00e9 hoje. E nos divertimos, namoramos, cantamos e vivemos com muita intensidade.<\/p>\n<p>O ambiente daquela Bras\u00edlia e daquela UnB est\u00e3o retratados de forma emocionante no primeiro cap\u00edtulo de \u201cO Fantasma de Lu\u00eds Bu\u00f1uel\u201d, da Maria Jos\u00e9.<\/p>\n<p>Da nova gera\u00e7\u00e3o, a Galiana foi a primeira a passar por l\u00e1, fazendo o mestrado em ecologia (e como ficamos orgulhosos com sua aprova\u00e7\u00e3o com louvor). Depois meus sobrinhos Alex(que estudou filosofia, mas eu nem sei que filosofia ensinam hoje na UnB) e Maria Cris, que agita o Centro Acad\u00eamico de Direito, aporrinhando os sabich\u00f5es que ostentam o t\u00edtulos de professores da UnB e n\u00e3o aparecem para dar aulas ou chegam sistematicamente atrasados. Na boa tradi\u00e7\u00e3o dos tios. Outros sobrinhos tamb\u00e9m passaram por l\u00e1: Ana Am\u00e9lia na psicologia, e Serginho experimentou fazer economia (como o pai) e desistiu. Acabou fazendo direito.<\/p>\n<p>Agora a Laura. Quarenta e tantos anos depois daquela \u00e9poca maravilhosa, depois da nossa milit\u00e2ncia, da pris\u00e3o, do ex\u00edlio e da volta e da vida.<\/p>\n<p>Espero que ela encontre a participe da retomada da UnB como um foco de di\u00e1logo, de pensamento cr\u00edtico e criativo.<br \/>\nE viva seu per\u00edodo na UnB t\u00e3o bem quanto n\u00f3s vivemos.<\/p>\n","protected":false},"excerpt":{"rendered":"<p>Este blog \u00e9 sobre o mercado editorial. Mas hoje, no primeiro post do ano, trago a not\u00edcia de que minha neta, Laura Fraiz-Grijalba Lindoso, passou no vestibular para a Faculdade de Artes da UnB. Universidade que faz parte tamb\u00e9m da minha hist\u00f3ria. Eu e Maria Jos\u00e9 estudamos l\u00e1 e l\u00e1 nos conhecemos. Ainda estudantes, j\u00e1 &hellip; <a href=\"http:\/\/oxisdoproblema.com.br\/?p=2148\" onclick=\"return TrackClick('http%3A%2F%2Foxisdoproblema.com.br%2F%3Fp%3D2148','Continue+lendo+Laura+passou+no+vestibular+para+a+UnB.+%26rarr%3B')\" class=\"more-link\">Continue lendo <span class=\"screen-reader-text\">Laura passou no vestibular para a UnB.<\/span> <span class=\"meta-nav\">&rarr;<\/span><\/a><\/p>\n","protected":false},"author":1,"featured_media":0,"comment_status":"open","ping_status":"open","sticky":false,"template":"","format":"standard","meta":[],"categories":[1],"tags":[559,561,123,560],"_links":{"self":[{"href":"http:\/\/oxisdoproblema.com.br\/index.php?rest_route=\/wp\/v2\/posts\/2148"}],"collection":[{"href":"http:\/\/oxisdoproblema.com.br\/index.php?rest_route=\/wp\/v2\/posts"}],"about":[{"href":"http:\/\/oxisdoproblema.com.br\/index.php?rest_route=\/wp\/v2\/types\/post"}],"author":[{"embeddable":true,"href":"http:\/\/oxisdoproblema.com.br\/index.php?rest_route=\/wp\/v2\/users\/1"}],"replies":[{"embeddable":true,"href":"http:\/\/oxisdoproblema.com.br\/index.php?rest_route=%2Fwp%2Fv2%2Fcomments&post=2148"}],"version-history":[{"count":2,"href":"http:\/\/oxisdoproblema.com.br\/index.php?rest_route=\/wp\/v2\/posts\/2148\/revisions"}],"predecessor-version":[{"id":2151,"href":"http:\/\/oxisdoproblema.com.br\/index.php?rest_route=\/wp\/v2\/posts\/2148\/revisions\/2151"}],"wp:attachment":[{"href":"http:\/\/oxisdoproblema.com.br\/index.php?rest_route=%2Fwp%2Fv2%2Fmedia&parent=2148"}],"wp:term":[{"taxonomy":"category","embeddable":true,"href":"http:\/\/oxisdoproblema.com.br\/index.php?rest_route=%2Fwp%2Fv2%2Fcategories&post=2148"},{"taxonomy":"post_tag","embeddable":true,"href":"http:\/\/oxisdoproblema.com.br\/index.php?rest_route=%2Fwp%2Fv2%2Ftags&post=2148"}],"curies":[{"name":"wp","href":"https:\/\/api.w.org\/{rel}","templated":true}]}}