{"id":2124,"date":"2013-12-17T11:53:39","date_gmt":"2013-12-17T14:53:39","guid":{"rendered":"http:\/\/oxisdoproblema.com.br\/?p=2124"},"modified":"2013-12-17T12:41:32","modified_gmt":"2013-12-17T15:41:32","slug":"natal-de-livros-da-cooperifa","status":"publish","type":"post","link":"http:\/\/oxisdoproblema.com.br\/?p=2124","title":{"rendered":"NATAL DE LIVROS DA COOPERIFA"},"content":{"rendered":"<p><img decoding=\"async\" loading=\"lazy\" src=\"http:\/\/oxisdoproblema.com.br\/wp-content\/uploads\/2013\/12\/Capturar1.jpg\" alt=\"Capturar\" width=\"869\" height=\"490\" class=\"aligncenter size-full wp-image-2125\" srcset=\"http:\/\/oxisdoproblema.com.br\/wp-content\/uploads\/2013\/12\/Capturar1.jpg 869w, http:\/\/oxisdoproblema.com.br\/wp-content\/uploads\/2013\/12\/Capturar1-300x169.jpg 300w\" sizes=\"(max-width: 869px) 100vw, 869px\" \/><br \/>\n<img decoding=\"async\" loading=\"lazy\" src=\"http:\/\/oxisdoproblema.com.br\/wp-content\/uploads\/2013\/12\/natal-cooperifa-211x300.jpg\" alt=\"natal cooperifa\" width=\"211\" height=\"300\" class=\"alignleft size-medium wp-image-2137\" srcset=\"http:\/\/oxisdoproblema.com.br\/wp-content\/uploads\/2013\/12\/natal-cooperifa-211x300.jpg 211w, http:\/\/oxisdoproblema.com.br\/wp-content\/uploads\/2013\/12\/natal-cooperifa.jpg 500w\" sizes=\"(max-width: 211px) 100vw, 211px\" \/><br \/>\nDomingo, dia 15 de dezembro participei da festa do Natal de Livros da Cooperifa \u2013 Cooperativa Cultural da Periferia. Iniciativa do poeta S\u00e9rgio Vaz, a institui\u00e7\u00e3o fez seu terceiro Natal de Livros no Largo do Piraporinha, no Jardim S\u00e3o Lu\u00eds, na Zona Sul de S. Paulo. Das dez da manh\u00e3 \u00e0 uma da tarde foram distribu\u00eddos milhares de livros para quem passava por ali, indo ou vindo da feira do bairro. Quem passava nos \u00f4nibus ou estava nas lojas do com\u00e9rcio popular da regi\u00e3o era tamb\u00e9m abordado por quase cinquenta volunt\u00e1rios que ofereciam gratuitamente exemplares de livros novos e de todos os g\u00eaneros: fic\u00e7\u00e3o, ensaios, livros para crian\u00e7as e jovens.<\/p>\n<p>Foi uma experi\u00eancia emocionante que me fez lembrar anos de milit\u00e2ncia cultural nos sub\u00farbios do Rio de Janeiro, em Parada de Lucas, quando, com um grupo de amigos e militantes de v\u00e1rias organiza\u00e7\u00f5es de esquerda e da igreja progressista fundamos o Centro Cultural dos Trabalhadores, o CECUT, e o \u201cJornal da Baixada\u201d, l\u00e1 pelos anos 70\/80.<\/p>\n<p>Mas a Cooperifa tem um car\u00e1ter diferente. \u00c9 uma iniciativa local, liderada pelo S\u00e9rgio Vaz, que faz um trabalho de valoriza\u00e7\u00e3o da produ\u00e7\u00e3o cultural da periferia paulistana. Desde o ano 2.000, o exemplo da Cooperifa j\u00e1 frutificou em quase duas dezenas de iniciativas semelhantes em outros bairros da metr\u00f3pole.<br \/>\n<!--more--><br \/>\n\u00c0s quartas-feiras, no Bar do Z\u00e9 Batid\u00e3o, acontece o Sarau da Cooperifa. Dezenas de poetas recitam suas produ\u00e7\u00f5es diante do p\u00fablico, ou leem poemas de autores conhecidos. Invariavelmente aplaudidos e encorajados. Na laje do bar tamb\u00e9m acontece o festival Cinema na Laje, no qual s\u00e3o projetadas produ\u00e7\u00f5es independentes e filmes nacionais. Em mar\u00e7o sempre acontece o \u201cAjoelha\u00e7o\u201d: os homens pedem desculpas \u00e0s mulheres pelo machismo da sociedade. Eventualmente acontecem outras \u201cChuvas de Livros\u201d no decorrer do ano, na medida em que conseguem doa\u00e7\u00f5es de editoras e amigos.<\/p>\n<p>A Cooperifa \u00e9 liderada pelo S\u00e9rgio Vaz, poeta que j\u00e1 alcan\u00e7ou um n\u00edvel de reconhecimento no mundo editorial e liter\u00e1rio mais amplo, com livros publicados pela Global. Mas o verbo liderar \u00e9 enganador. A conjuga\u00e7\u00e3o que se escuta nos saraus e outras atividades da Cooperifa \u00e9 a da primeira pessoal do plural. N\u00f3s.<\/p>\n<p>O \u201cn\u00f3s\u201d \u00e9 composto por trabalhadores de todas as \u00e1reas. Filhos de fam\u00edlias humildes: oper\u00e1rios, trabalhadores de servi\u00e7os, dom\u00e9sticas; banc\u00e1rios e funcion\u00e1rios p\u00fablicos de baixo escal\u00e3o, professores de escolas p\u00fablicas, estudantes; filhos de pipoqueiros, talvez pipoqueiros at\u00e9 hoje.<\/p>\n<p>E os versos recitados se referem \u00e0 \u201cnossa cultura\u201d, \u201cnossa vida\u201d, \u201cnossa luta\u201d, \u201cnossa hist\u00f3ria\u201d.<\/p>\n<p>Certamente se escutam versos toscos e de rima pobre. Mas todos s\u00e3o escutados com respeito. E quem escuta, aprende. E evolui. Dal\u00ed j\u00e1 sa\u00edram compositores de rap, outros que j\u00e1 participam de antologias e outros continuam indo aos saraus das quartas-feiras para se expressar.  E esses saraus s\u00e3o uma experi\u00eancia muito interessante. Aparece de tudo, de velhinhas a gays, mulheres, homens, jovens, tudo junto e misturado. Quem chega se inscreve e espera a vez para falar para uma m\u00e9dia de 150 a 200 pessoas por noite. J\u00e1 aconteceu de aparecerem mais de quinhentas.<\/p>\n<p>O caso dos escritores da periferia de S. Paulo tem aspectos curiosos. Ainda que busquem o reconhecimento do campo liter\u00e1rio mais amplo, escritores como S\u00e9rgio Vaz, Sacolinha, Ferr\u00e9z e uma quantidade de autores de rap e do movimento hip-hop, permanecem diretamente ligados aos seus meio sociais de origem. Parece, para um observador externo como eu, que os processos de ascens\u00e3o social derivados do reconhecimento liter\u00e1rio fazem sentido para eles na medida em que continuam ligados \u00e0s comunidades de origem. Talvez isso derive do fato de estarem na periferia de S. Paulo. Ainda que periferia, fazem parte do c\u00edrculo conc\u00eantrico da gigantesca metr\u00f3pole. Isso faz diferen\u00e7a quando se pensa em escritores com a mesma origem que nascem e vivem nas cidades afastadas de um centro magn\u00e9tico de cultura como \u00e9 Sampa.<\/p>\n<p>Esse Natal de Livros foi o terceiro promovido pela Cooperifa. No lan\u00e7amento do \u00faltimo livro do Marcelino Freire, S\u00e9rgio Vaz me pediu que ajudasse a conseguir livros. Apelei para S\u00e9rgio Machado e S\u00f4nia Jardim, os donos da Record. Para a comemora\u00e7\u00e3o, mandaram 5.000 livros para a festa, dentro do esp\u00edrito de celebra\u00e7\u00e3o dos 70 anos do Grupo Record. Muito obrigado S\u00e9rgio e Sonia, por ajudarem no evento. Al\u00e9m dos livros da Record, S\u00e9rgio Vaz conseguiu mais uma quantidade de livros atrav\u00e9s de outros amigos e tamb\u00e9m exemplares dos livros infantis das cole\u00e7\u00f5es distribu\u00eddas pelo Banco Ita\u00fa. Agrade\u00e7o tamb\u00e9m ao Ita\u00fa Cultural que ajudou a pagar o frete dos livros.<\/p>\n<p>O Sarau da Cooperifa, que acontece \u00e0s quartas-feiras, est\u00e1 suspenso at\u00e9 o in\u00edcio de 2014. Quem mora em Sampa ou passar por aqui numa quarta-feira pode ir assistir e participar. Bar do Z\u00e9 Batid\u00e3o, Rua Bartolomeu dos Santos, 797 Ch\u00e1cara Santana. Aqui o <a onclick=\"javascript:pageTracker._trackPageview('\/outgoing\/migre.me\/h2oNZ');\"  href=\"http:\/\/migre.me\/h2oNZ\" onclick=\"return TrackClick('http%3A%2F%2Fmigre.me%2Fh2oNZ','mapa')\" target=\"_blank\">mapa<\/a>. V\u00e1rias linhas de \u00f4nibus passam por perto, na Av. M Boi Mirim.<br \/>\nO churrasc\u00e3o na laje do bar do Z\u00e9 Batid\u00e3o, depois da distribui\u00e7\u00e3o, foi \u00f3timo. A cerveja do bar \u00e9 gelad\u00edssima e a carne estava no capricho. Comemora\u00e7\u00e3o e confraterniza\u00e7\u00e3o depois de uma atividade porreta.<\/p>\n<p>Algumas fotografias do Natal de Livros.<br \/>\n<figure id=\"attachment_2126\" aria-describedby=\"caption-attachment-2126\" style=\"width: 300px\" class=\"wp-caption aligncenter\"><img decoding=\"async\" loading=\"lazy\" src=\"http:\/\/oxisdoproblema.com.br\/wp-content\/uploads\/2013\/12\/cooperifa-1-300x168.jpg\" alt=\"Barraca de feira com livros\" width=\"300\" height=\"168\" class=\"size-medium wp-image-2126\" srcset=\"http:\/\/oxisdoproblema.com.br\/wp-content\/uploads\/2013\/12\/cooperifa-1-300x168.jpg 300w, http:\/\/oxisdoproblema.com.br\/wp-content\/uploads\/2013\/12\/cooperifa-1-1024x576.jpg 1024w\" sizes=\"(max-width: 300px) 100vw, 300px\" \/><figcaption id=\"caption-attachment-2126\" class=\"wp-caption-text\">Barraca de feira com livros<\/figcaption><\/figure><\/p>\n<figure id=\"attachment_2131\" aria-describedby=\"caption-attachment-2131\" style=\"width: 300px\" class=\"wp-caption aligncenter\"><img decoding=\"async\" loading=\"lazy\" src=\"http:\/\/oxisdoproblema.com.br\/wp-content\/uploads\/2013\/12\/A\u00e7ougue-liter\u00e1rio1-300x169.jpg\" alt=\"A\u00e7ougue liter\u00e1rio\" width=\"300\" height=\"169\" class=\"size-medium wp-image-2131\" srcset=\"http:\/\/oxisdoproblema.com.br\/wp-content\/uploads\/2013\/12\/A\u00e7ougue-liter\u00e1rio1-300x169.jpg 300w, http:\/\/oxisdoproblema.com.br\/wp-content\/uploads\/2013\/12\/A\u00e7ougue-liter\u00e1rio1.jpg 413w\" sizes=\"(max-width: 300px) 100vw, 300px\" \/><figcaption id=\"caption-attachment-2131\" class=\"wp-caption-text\">A\u00e7ougue liter\u00e1rio<\/figcaption><\/figure>\n<figure id=\"attachment_2134\" aria-describedby=\"caption-attachment-2134\" style=\"width: 169px\" class=\"wp-caption aligncenter\"><img decoding=\"async\" loading=\"lazy\" src=\"http:\/\/oxisdoproblema.com.br\/wp-content\/uploads\/2013\/12\/Mam\u00e3o-e-livros-na-feira-169x300.jpg\" alt=\"Mam\u00e3o e livros na feira\" width=\"169\" height=\"300\" class=\"size-medium wp-image-2134\" srcset=\"http:\/\/oxisdoproblema.com.br\/wp-content\/uploads\/2013\/12\/Mam\u00e3o-e-livros-na-feira-169x300.jpg 169w, http:\/\/oxisdoproblema.com.br\/wp-content\/uploads\/2013\/12\/Mam\u00e3o-e-livros-na-feira.jpg 233w\" sizes=\"(max-width: 169px) 100vw, 169px\" \/><figcaption id=\"caption-attachment-2134\" class=\"wp-caption-text\">Mam\u00e3o e livros na feira<\/figcaption><\/figure>\n<figure id=\"attachment_2135\" aria-describedby=\"caption-attachment-2135\" style=\"width: 169px\" class=\"wp-caption aligncenter\"><img decoding=\"async\" loading=\"lazy\" src=\"http:\/\/oxisdoproblema.com.br\/wp-content\/uploads\/2013\/12\/Queriam-mais-169x300.jpg\" alt=\"Queriam mais...\" width=\"169\" height=\"300\" class=\"size-medium wp-image-2135\" srcset=\"http:\/\/oxisdoproblema.com.br\/wp-content\/uploads\/2013\/12\/Queriam-mais-169x300.jpg 169w, http:\/\/oxisdoproblema.com.br\/wp-content\/uploads\/2013\/12\/Queriam-mais.jpg 233w\" sizes=\"(max-width: 169px) 100vw, 169px\" \/><figcaption id=\"caption-attachment-2135\" class=\"wp-caption-text\">Queriam mais&#8230;<\/figcaption><\/figure>\n","protected":false},"excerpt":{"rendered":"<p>Domingo, dia 15 de dezembro participei da festa do Natal de Livros da Cooperifa \u2013 Cooperativa Cultural da Periferia. Iniciativa do poeta S\u00e9rgio Vaz, a institui\u00e7\u00e3o fez seu terceiro Natal de Livros no Largo do Piraporinha, no Jardim S\u00e3o Lu\u00eds, na Zona Sul de S. Paulo. Das dez da manh\u00e3 \u00e0 uma da tarde foram &hellip; <a href=\"http:\/\/oxisdoproblema.com.br\/?p=2124\" onclick=\"return TrackClick('http%3A%2F%2Foxisdoproblema.com.br%2F%3Fp%3D2124','Continue+lendo+NATAL+DE+LIVROS+DA+COOPERIFA+%26rarr%3B')\" class=\"more-link\">Continue lendo <span class=\"screen-reader-text\">NATAL DE LIVROS DA COOPERIFA<\/span> <span class=\"meta-nav\">&rarr;<\/span><\/a><\/p>\n","protected":false},"author":1,"featured_media":0,"comment_status":"open","ping_status":"open","sticky":false,"template":"","format":"standard","meta":[],"categories":[178,1],"tags":[558],"_links":{"self":[{"href":"http:\/\/oxisdoproblema.com.br\/index.php?rest_route=\/wp\/v2\/posts\/2124"}],"collection":[{"href":"http:\/\/oxisdoproblema.com.br\/index.php?rest_route=\/wp\/v2\/posts"}],"about":[{"href":"http:\/\/oxisdoproblema.com.br\/index.php?rest_route=\/wp\/v2\/types\/post"}],"author":[{"embeddable":true,"href":"http:\/\/oxisdoproblema.com.br\/index.php?rest_route=\/wp\/v2\/users\/1"}],"replies":[{"embeddable":true,"href":"http:\/\/oxisdoproblema.com.br\/index.php?rest_route=%2Fwp%2Fv2%2Fcomments&post=2124"}],"version-history":[{"count":5,"href":"http:\/\/oxisdoproblema.com.br\/index.php?rest_route=\/wp\/v2\/posts\/2124\/revisions"}],"predecessor-version":[{"id":2138,"href":"http:\/\/oxisdoproblema.com.br\/index.php?rest_route=\/wp\/v2\/posts\/2124\/revisions\/2138"}],"wp:attachment":[{"href":"http:\/\/oxisdoproblema.com.br\/index.php?rest_route=%2Fwp%2Fv2%2Fmedia&parent=2124"}],"wp:term":[{"taxonomy":"category","embeddable":true,"href":"http:\/\/oxisdoproblema.com.br\/index.php?rest_route=%2Fwp%2Fv2%2Fcategories&post=2124"},{"taxonomy":"post_tag","embeddable":true,"href":"http:\/\/oxisdoproblema.com.br\/index.php?rest_route=%2Fwp%2Fv2%2Ftags&post=2124"}],"curies":[{"name":"wp","href":"https:\/\/api.w.org\/{rel}","templated":true}]}}