{"id":2097,"date":"2013-12-03T13:04:08","date_gmt":"2013-12-03T16:04:08","guid":{"rendered":"http:\/\/oxisdoproblema.com.br\/?p=2097"},"modified":"2013-12-03T13:04:08","modified_gmt":"2013-12-03T16:04:08","slug":"vargas-llosa-e-david-grossman-em-guadalajara-a-literatura-e-o-mundo-ao-redor","status":"publish","type":"post","link":"http:\/\/oxisdoproblema.com.br\/?p=2097","title":{"rendered":"Vargas Llosa e David Grossman em Guadalajara: a literatura e o mundo ao redor."},"content":{"rendered":"<p><img decoding=\"async\" loading=\"lazy\" src=\"http:\/\/oxisdoproblema.com.br\/wp-content\/uploads\/2013\/12\/llosa-e-grossman-em-Guadalajara.jpg\" alt=\"llosa e grossman em Guadalajara\" width=\"533\" height=\"400\" class=\"aligncenter size-full wp-image-2098\" srcset=\"http:\/\/oxisdoproblema.com.br\/wp-content\/uploads\/2013\/12\/llosa-e-grossman-em-Guadalajara.jpg 533w, http:\/\/oxisdoproblema.com.br\/wp-content\/uploads\/2013\/12\/llosa-e-grossman-em-Guadalajara-300x225.jpg 300w\" sizes=\"(max-width: 533px) 100vw, 533px\" \/><br \/>\nVargas Llosa n\u00e3o \u00e9 santo da minha devo\u00e7\u00e3o. Admiro muitos de seus romances, mas na maioria das vezes detesto suas opini\u00f5es pol\u00edticas. E, na literatura, ele \u00e9 autor de algumas barbaridades, como o tratamento de desprezo que deu para a obra de seu conterr\u00e2neo Jos\u00e9 Maria Arguedas, que \u00e9 um escritor muito mais importante e seminal que ele. Coisa de inveja e despeito.<\/p>\n<p>Mas, sem manique\u00edsmos, devo reconhecer quando ele fala bem e diz coisa com coisa.<\/p>\n<p><img decoding=\"async\" loading=\"lazy\" src=\"http:\/\/oxisdoproblema.com.br\/wp-content\/uploads\/2013\/12\/fil-logotipo.jpg\" alt=\"fil logotipo\" width=\"195\" height=\"113\" class=\"alignleft size-full wp-image-2099\" \/> Llosa e David Grossman debateram juntos na abertura da Feira de Guadalajara. Segundo a mat\u00e9ria do <a onclick=\"javascript:pageTracker._trackPageview('\/outgoing\/migre.me\/gRJpY');\"  href=\"http:\/\/migre.me\/gRJpY\" onclick=\"return TrackClick('http%3A%2F%2Fmigre.me%2FgRJpY','Publishing+Perspectives')\" target=\"_blank\">Publishing Perspectives<\/a> falaram coisas muito interessantes, com as quais concordo. Acho extremamente importante o posicionamento contra o que eu gosto de chamar de \u201cliteratura de olhar o pr\u00f3prio umbigo\u201d. Infelizmente, anda muito na moda falar do seu euzinho sem olhar o mundo ao redor. Esteticismo e politicamente correto s\u00e3o coisas que andam me aporrinhando cada vez mais. Passo.<\/p>\n<p>David Grossman, na Feira de Guadalajara: \u201cOs Palestinos t\u00eam o direito natural de ter um estado e uma sociedade, uma p\u00e1tria, e gostaria que tivessem uma vida normal sem o peso da ocupa\u00e7\u00e3o. N\u00e3o posso tolerar o pensamento de que Israel interv\u00e9m em suas vidas, e isso lan\u00e7a uma sombra. A paz \u00e9 essencial para a futura sobreviv\u00eancia de Israel. E neste momento n\u00e3o temos confian\u00e7a em um futuro.\u201d<\/p>\n<p>Vargas Llosa: \u201cA literatura n\u00e3o \u00e9 simplesmente uma busca gratuita. As apalavras deixam uma marca e provocam mudan\u00e7a, e portanto o escritor tem uma grande responsabilidade, n\u00e3o apenas de criar uma bela obra de arte, mas tamb\u00e9m de influenciar a realidade. Qualquer jovem latino-americana dos anos 1950 teria pensado qual a raz\u00e3o de se importar em escrever, com tanta pobreza e analfabetismo, mas tamb\u00e9m escrevemos ara os analfabetos, na esperan\u00e7a que, ao fazer isso, possamos influenciar uma mudan\u00e7a na sociedade.&#8221;<\/p>\n<p><strong>Mais na Internet<\/strong><\/p>\n<p>Ainda no <a onclick=\"javascript:pageTracker._trackPageview('\/outgoing\/migre.me\/gRKaD');\"  href=\"http:\/\/migre.me\/gRKaD\" onclick=\"return TrackClick('http%3A%2F%2Fmigre.me%2FgRKaD','Publishing+Perspectives')\" target=\"_blank\">Publishing Perspectives<\/a>, uma longa lista de coment\u00e1rios sobre a presen\u00e7a de Jeff Bezos em um programa de entrevistas no qual exibiu um filmete com um futuro drone de entregas da Amazon. Goza\u00e7\u00f5es e preocupa\u00e7\u00f5es. E assinalam o desprezo total do Bezos para com as livrarias independentes: \u201cQueixar-se n\u00e3o \u00e9 estrat\u00e9gia\u201d. Como quem diz, v\u00e3o se catar, loosers!<\/p>\n<p>A tradu\u00e7\u00e3o \u00e9 parte integral da vida liter\u00e1ria na \u00cdndia, diz o artigo de Dennis Abrams sobre a import\u00e2ncia dos livros traduzidos na constru\u00e7\u00e3o de uma identidade liter\u00e1ria em um pa\u00eds com d\u00fazias de idiomas e dialetos.<br \/>\nN\u00e3o apenas na \u00cdndia, digo eu. A tradu\u00e7\u00e3o \u00e9 o que garante a exist\u00eancia de uma <a onclick=\"javascript:pageTracker._trackPageview('\/outgoing\/publishingperspectives.com\/2013\/12\/why-translation-is-integral-to-indian-literary-life\/');\"  href=\"http:\/\/publishingperspectives.com\/2013\/12\/why-translation-is-integral-to-indian-literary-life\/\" onclick=\"return TrackClick('http%3A%2F%2Fpublishingperspectives.com%2F2013%2F12%2Fwhy-translation-is-integral-to-indian-literary-life%2F','Rep%C3%BAblica+Mundial+das+Letras')\" target=\"_blank\">Rep\u00fablica Mundial das Letras<\/a>.<\/p>\n","protected":false},"excerpt":{"rendered":"<p>Vargas Llosa n\u00e3o \u00e9 santo da minha devo\u00e7\u00e3o. Admiro muitos de seus romances, mas na maioria das vezes detesto suas opini\u00f5es pol\u00edticas. E, na literatura, ele \u00e9 autor de algumas barbaridades, como o tratamento de desprezo que deu para a obra de seu conterr\u00e2neo Jos\u00e9 Maria Arguedas, que \u00e9 um escritor muito mais importante e &hellip; <a href=\"http:\/\/oxisdoproblema.com.br\/?p=2097\" onclick=\"return TrackClick('http%3A%2F%2Foxisdoproblema.com.br%2F%3Fp%3D2097','Continue+lendo+Vargas+Llosa+e+David+Grossman+em+Guadalajara%3A+a+literatura+e+o+mundo+ao+redor.+%26rarr%3B')\" class=\"more-link\">Continue lendo <span class=\"screen-reader-text\">Vargas Llosa e David Grossman em Guadalajara: a literatura e o mundo ao redor.<\/span> <span class=\"meta-nav\">&rarr;<\/span><\/a><\/p>\n","protected":false},"author":1,"featured_media":0,"comment_status":"open","ping_status":"open","sticky":false,"template":"","format":"standard","meta":[],"categories":[1],"tags":[103,551,553,425,310,552],"_links":{"self":[{"href":"http:\/\/oxisdoproblema.com.br\/index.php?rest_route=\/wp\/v2\/posts\/2097"}],"collection":[{"href":"http:\/\/oxisdoproblema.com.br\/index.php?rest_route=\/wp\/v2\/posts"}],"about":[{"href":"http:\/\/oxisdoproblema.com.br\/index.php?rest_route=\/wp\/v2\/types\/post"}],"author":[{"embeddable":true,"href":"http:\/\/oxisdoproblema.com.br\/index.php?rest_route=\/wp\/v2\/users\/1"}],"replies":[{"embeddable":true,"href":"http:\/\/oxisdoproblema.com.br\/index.php?rest_route=%2Fwp%2Fv2%2Fcomments&post=2097"}],"version-history":[{"count":1,"href":"http:\/\/oxisdoproblema.com.br\/index.php?rest_route=\/wp\/v2\/posts\/2097\/revisions"}],"predecessor-version":[{"id":2100,"href":"http:\/\/oxisdoproblema.com.br\/index.php?rest_route=\/wp\/v2\/posts\/2097\/revisions\/2100"}],"wp:attachment":[{"href":"http:\/\/oxisdoproblema.com.br\/index.php?rest_route=%2Fwp%2Fv2%2Fmedia&parent=2097"}],"wp:term":[{"taxonomy":"category","embeddable":true,"href":"http:\/\/oxisdoproblema.com.br\/index.php?rest_route=%2Fwp%2Fv2%2Fcategories&post=2097"},{"taxonomy":"post_tag","embeddable":true,"href":"http:\/\/oxisdoproblema.com.br\/index.php?rest_route=%2Fwp%2Fv2%2Ftags&post=2097"}],"curies":[{"name":"wp","href":"https:\/\/api.w.org\/{rel}","templated":true}]}}