{"id":1989,"date":"2013-10-10T19:30:17","date_gmt":"2013-10-10T22:30:17","guid":{"rendered":"http:\/\/oxisdoproblema.com.br\/?p=1989"},"modified":"2013-10-10T19:36:47","modified_gmt":"2013-10-10T22:36:47","slug":"museu-gutenberg-me-faz-virar-artista-grafico-e-outras-frankfurt-ices","status":"publish","type":"post","link":"http:\/\/oxisdoproblema.com.br\/?p=1989","title":{"rendered":"Museu Gutenberg me faz virar artista gr\u00e1fico &#8211; e outras Frankfurt &#8211; ices"},"content":{"rendered":"<p><img decoding=\"async\" loading=\"lazy\" src=\"http:\/\/oxisdoproblema.com.br\/wp-content\/uploads\/2013\/10\/image.jpg\" alt=\"image\" width=\"960\" height=\"720\" class=\"aligncenter size-full wp-image-1990\" srcset=\"http:\/\/oxisdoproblema.com.br\/wp-content\/uploads\/2013\/10\/image.jpg 960w, http:\/\/oxisdoproblema.com.br\/wp-content\/uploads\/2013\/10\/image-300x225.jpg 300w\" sizes=\"(max-width: 960px) 100vw, 960px\" \/><br \/>\nDesde as primeiras vezes que visitamos a Feira de Frankfurt, ent\u00e3o pela falecida Marco Zero &#8211; Maria Jos\u00e9 Silveira, M\u00e1rcio Souza e eu &#8211; sempre fizemos quest\u00e3o de visitar os outros pavilh\u00f5es. <\/p>\n<p>O simples percorrer toda aquela imensid\u00e3o proporciona um panorama das tend\u00eancias que a ind\u00fastria editorial assume naquele ano. Al\u00e9m disso, os pavilh\u00f5es de artes gr\u00e1ficas, de equipamentos (e hoje de softwares tamb\u00e9m) para editoras e livrarias, abriam nossos olhos para o que se faz de mais avan\u00e7ado na ind\u00fastria editorial.<\/p>\n<p>Este ano, quando visitei a feira como curador do Conex\u00f5es Ita\u00fa Cultural &#8211; Mapeamento Internacional da Literatura Brasileira, n\u00e3o deixei de dar meu rol\u00ea pela feira. <\/p>\n<p>No Pavilh\u00e3o 4, das editoras alem\u00e3s, est\u00e1 tamb\u00e9m o estande do Museu Gutenberg, de Mainz, onde nosso patrono inventou a prensa com tipos m\u00f3veis e desencadeou a cria\u00e7\u00e3o da Gal\u00e1xia que leva seu nome.<\/p>\n<p>Ali sempre est\u00e1 uma r\u00e9plica da prensa na qual imprimiu os primeiros livros, e um impressor vestido a car\u00e1ter tira c\u00f3pias de uma p\u00e1gina da sua B\u00edblia usando a mesma tecnologia que ele usou. <\/p>\n<p>Mas l\u00e1 est\u00e3o professores e aprendizes da escola de artes gr\u00e1ficas anexa ao Museu, demonstrando algumas t\u00e9cnicas. E hoje eu experimentei uma. O jovem coloca umas esp\u00e9cies de moldes sob uma folha de papel branco, e o candidato a artista gr\u00e1fico usa rolos com tintas b\u00e1sicas para criar faixas por cima, de cada cor. Ressalta assim o molde do fundo com um padr\u00e3o colorido.<\/p>\n<p>Assim, gra\u00e7as ao Museu Gutenberg, hoje me qualifiquei como artista gr\u00e1fico&#8230; \u00c9 o que est\u00e1 no alto do post.<\/p>\n<p>Fiquei orgulhos\u00edssimo&#8230;<\/p>\n<p>MOSTRA SIMP\u00c1TICA <\/p>\n<p>Uma das \u00e1reas do setor de artes gr\u00e1ficas e desliga da feira apresentou uma mostra de trabalhos de artistas brasileiros inspirados em livros e seus formatos &#8211; ou &#8220;desformatos&#8221; talvez. Algumas fotos.<\/p>\n<p><img decoding=\"async\" loading=\"lazy\" src=\"http:\/\/oxisdoproblema.com.br\/wp-content\/uploads\/2013\/10\/image1-e1381443402835-225x300.jpg\" alt=\"image\" width=\"225\" height=\"300\" class=\"alignleft size-medium wp-image-1991\" srcset=\"http:\/\/oxisdoproblema.com.br\/wp-content\/uploads\/2013\/10\/image1-e1381443402835-225x300.jpg 225w, http:\/\/oxisdoproblema.com.br\/wp-content\/uploads\/2013\/10\/image1-e1381443402835.jpg 338w\" sizes=\"(max-width: 225px) 100vw, 225px\" \/><\/p>\n<p><img decoding=\"async\" loading=\"lazy\" src=\"http:\/\/oxisdoproblema.com.br\/wp-content\/uploads\/2013\/10\/image2-e1381443935972-225x300.jpg\" alt=\"image\" width=\"225\" height=\"300\" class=\"alignright size-medium wp-image-1994\" srcset=\"http:\/\/oxisdoproblema.com.br\/wp-content\/uploads\/2013\/10\/image2-e1381443935972-225x300.jpg 225w, http:\/\/oxisdoproblema.com.br\/wp-content\/uploads\/2013\/10\/image2-e1381443935972.jpg 315w\" sizes=\"(max-width: 225px) 100vw, 225px\" \/><\/p>\n<p>PAULO LINS TODO PIMP\u00c3O<\/p>\n<p>A Feira de Frankfurt prepara posts com fotos de autores presentes. O pai do primo da minha neta Ana, o \u00fanico escritor negro presente, ficou todo pimp\u00e3o na foto. <\/p>\n<p>&#8220;Eu tinha tirado a foto, mas nem sabia para o que era&#8221;, me disse, com sua mod\u00e9stia caracter\u00edstica&#8230;<\/p>\n<p>Olhem s\u00f3.<\/p>\n<p><img decoding=\"async\" loading=\"lazy\" src=\"http:\/\/oxisdoproblema.com.br\/wp-content\/uploads\/2013\/10\/image3-e1381444322841.jpg\" alt=\"image\" width=\"338\" height=\"450\" class=\"aligncenter size-full wp-image-1995\" srcset=\"http:\/\/oxisdoproblema.com.br\/wp-content\/uploads\/2013\/10\/image3-e1381444322841.jpg 338w, http:\/\/oxisdoproblema.com.br\/wp-content\/uploads\/2013\/10\/image3-e1381444322841-225x300.jpg 225w\" sizes=\"(max-width: 338px) 100vw, 338px\" \/><\/p>\n","protected":false},"excerpt":{"rendered":"<p>Desde as primeiras vezes que visitamos a Feira de Frankfurt, ent\u00e3o pela falecida Marco Zero &#8211; Maria Jos\u00e9 Silveira, M\u00e1rcio Souza e eu &#8211; sempre fizemos quest\u00e3o de visitar os outros pavilh\u00f5es. O simples percorrer toda aquela imensid\u00e3o proporciona um panorama das tend\u00eancias que a ind\u00fastria editorial assume naquele ano. Al\u00e9m disso, os pavilh\u00f5es de &hellip; <a href=\"http:\/\/oxisdoproblema.com.br\/?p=1989\" onclick=\"return TrackClick('http%3A%2F%2Foxisdoproblema.com.br%2F%3Fp%3D1989','Continue+lendo+Museu+Gutenberg+me+faz+virar+artista+gr%C3%A1fico+%26%238211%3B+e+outras+Frankfurt+%26%238211%3B+ices+%26rarr%3B')\" class=\"more-link\">Continue lendo <span class=\"screen-reader-text\">Museu Gutenberg me faz virar artista gr\u00e1fico &#8211; e outras Frankfurt &#8211; ices<\/span> <span class=\"meta-nav\">&rarr;<\/span><\/a><\/p>\n","protected":false},"author":1,"featured_media":0,"comment_status":"open","ping_status":"open","sticky":false,"template":"","format":"standard","meta":[],"categories":[1],"tags":[163,536,537],"_links":{"self":[{"href":"http:\/\/oxisdoproblema.com.br\/index.php?rest_route=\/wp\/v2\/posts\/1989"}],"collection":[{"href":"http:\/\/oxisdoproblema.com.br\/index.php?rest_route=\/wp\/v2\/posts"}],"about":[{"href":"http:\/\/oxisdoproblema.com.br\/index.php?rest_route=\/wp\/v2\/types\/post"}],"author":[{"embeddable":true,"href":"http:\/\/oxisdoproblema.com.br\/index.php?rest_route=\/wp\/v2\/users\/1"}],"replies":[{"embeddable":true,"href":"http:\/\/oxisdoproblema.com.br\/index.php?rest_route=%2Fwp%2Fv2%2Fcomments&post=1989"}],"version-history":[{"count":4,"href":"http:\/\/oxisdoproblema.com.br\/index.php?rest_route=\/wp\/v2\/posts\/1989\/revisions"}],"predecessor-version":[{"id":1997,"href":"http:\/\/oxisdoproblema.com.br\/index.php?rest_route=\/wp\/v2\/posts\/1989\/revisions\/1997"}],"wp:attachment":[{"href":"http:\/\/oxisdoproblema.com.br\/index.php?rest_route=%2Fwp%2Fv2%2Fmedia&parent=1989"}],"wp:term":[{"taxonomy":"category","embeddable":true,"href":"http:\/\/oxisdoproblema.com.br\/index.php?rest_route=%2Fwp%2Fv2%2Fcategories&post=1989"},{"taxonomy":"post_tag","embeddable":true,"href":"http:\/\/oxisdoproblema.com.br\/index.php?rest_route=%2Fwp%2Fv2%2Ftags&post=1989"}],"curies":[{"name":"wp","href":"https:\/\/api.w.org\/{rel}","templated":true}]}}