{"id":1975,"date":"2013-09-24T12:33:49","date_gmt":"2013-09-24T15:33:49","guid":{"rendered":"http:\/\/oxisdoproblema.com.br\/?p=1975"},"modified":"2013-09-24T12:33:49","modified_gmt":"2013-09-24T15:33:49","slug":"pauliceia-literaria-aumenta-a-oferta-de-festivais-em-sp","status":"publish","type":"post","link":"http:\/\/oxisdoproblema.com.br\/?p=1975","title":{"rendered":"PAULICEIA LITER\u00c1RIA \u2013 AUMENTA A OFERTA DE FESTIVAIS EM SP."},"content":{"rendered":"<p><img decoding=\"async\" loading=\"lazy\" src=\"http:\/\/oxisdoproblema.com.br\/wp-content\/uploads\/2013\/09\/Capturar3.jpg\" alt=\"Capturar\" width=\"859\" height=\"538\" class=\"aligncenter size-full wp-image-1976\" srcset=\"http:\/\/oxisdoproblema.com.br\/wp-content\/uploads\/2013\/09\/Capturar3.jpg 859w, http:\/\/oxisdoproblema.com.br\/wp-content\/uploads\/2013\/09\/Capturar3-300x187.jpg 300w\" sizes=\"(max-width: 859px) 100vw, 859px\" \/><br \/>\nO Festival Pauliceia Liter\u00e1ria, promovido pela Associa\u00e7\u00e3o de Advogados do Estado de S. Paulo entre os dias 19 e 22 passados, n\u00e3o foi o primeiro do g\u00eanero na cidade, ao contr\u00e1rio do que informou a mat\u00e9ria equivocada d\u2019O Estado de S. Paulo. A Balada Liter\u00e1ria, iniciativa do escritor Marcelino Freire, j\u00e1 com v\u00e1rios anos de vida, e que ter\u00e1 sua edi\u00e7\u00e3o deste ano em novembro, \u00e9 pioneira nesse tipo de iniciativa. Mas a Pauliceia Liter\u00e1ria \u00e9 o primeiro evento promovido por uma associa\u00e7\u00e3o profissional que n\u00e3o tem nenhuma liga\u00e7\u00e3o direta com os livros. No caso, os advogados, e isso de grande import\u00e2ncia.<\/p>\n<p>\tTemos tamb\u00e9m, aqui em S. Paulo, alguns outros eventos liter\u00e1rios com leituras e conversas com e entre autores. A Casa das Rosas faz encontros de poesia, o SESC tem um menu de atividades do tipo, promovidos por v\u00e1rias entidades e que se abrigam em suas unidades. E os saraus de poesia das periferias de S. Paulo s\u00e3o um fen\u00f4meno fant\u00e1stico de incentivo \u00e0 leitura e \u00e0 produ\u00e7\u00e3o liter\u00e1ria.<\/p>\n<p>A Pauliceia Liter\u00e1ria \u00e9 declaradamente inspirada no modelo da FLIP, mas Cristina Baum, sua curadora, afirma que n\u00e3o pretender \u201cfazer uma FLISP\u201d. Pretende, sim, dialogar com os outros festivais liter\u00e1rios do pa\u00eds e do exterior. Cristina tem experi\u00eancia para isso, pois foi a primeira curadora da FLIP e em eventos com a PalFest, um festival liter\u00e1rio na Palestina ocupada, entre 2008 e 2010. Tem tudo, portanto, para fortalecer e transformar a Pauliceia em um evento importante e significativo na programa\u00e7\u00e3o cultural da capital.<\/p>\n<p>At\u00e9 junho passado o portal da FBN que registra feiras e eventos liter\u00e1rios j\u00e1 registrava mais de cento e cinquenta eventos desse tipo este ano. E o n\u00famero cresce sempre. J\u00e1 escrevi sobre o assunto <a href=\"http:\/\/oxisdoproblema.com.br\/?p=1896\" onclick=\"return TrackClick('http%3A%2F%2Foxisdoproblema.com.br%2F%3Fp%3D1896','aqui')\" target=\"_blank\">aqui<\/a>.  <\/p>\n<p>A Associa\u00e7\u00e3o de Advogados de S\u00e3o Paulo promoveu o evento como parte das comemora\u00e7\u00f5es de seu 70\u00ba. Anivers\u00e1rio. S\u00e9rgio Rosenthal, advogado criminalista e seu presidente, e Lu\u00eds Carlos Moro, advogado trabalhista e diretor cultural da AASP foram os impulsionadores da realiza\u00e7\u00e3o do evento.<br \/>\n<!--more--><br \/>\nA Pauliceia Liter\u00e1ria foi feita sem aporte de recursos p\u00fablicos, como informaram Rosenthal e Moro, em conversa comigo durante o evento. N\u00e3o que sejam contra o uso de incentivos fiscais, mas essa primeira edi\u00e7\u00e3o, segundo os dois, foi feita exclusivamente com dinheiro da Associa\u00e7\u00e3o. Afinal, era a comemora\u00e7\u00e3o de um anivers\u00e1rio redondo.<\/p>\n<p>Os dois advogados disseram tamb\u00e9m que a AASP far\u00e1 uma avalia\u00e7\u00e3o detalhada dos resultados da Pauliceia, embora j\u00e1 haja uma tend\u00eancia forte para que o festival se repita. Mas muitos detalhes ser\u00e3o decididos a partir dessa avalia\u00e7\u00e3o, inclusive a periodicidade.<\/p>\n<p>O festival pretendia atrair n\u00e3o apenas o p\u00fablico geral que circula no centro velho, como especialmente advogados, e procurava fomentar a leitura de temas e autores ligados \u00e0 \u00e1rea de direito. N\u00e3o \u00e0 toa, portanto, a homenageada dessa primeira edi\u00e7\u00e3o foi a escritora Patr\u00edcia Melo, conhecida por tratar de temas relacionados com o crime e a viol\u00eancia na cidade.<\/p>\n<p>Apesar de ter alguns eventos na Livraria Cultura do Conjunto Nacional, o festival aconteceu principalmente na sede da AASP, na rua \u00c1lvares Penteado, no cora\u00e7\u00e3o do centro antigo da cidade. A regi\u00e3o ainda tem grandes ag\u00eancias banc\u00e1rias, escrit\u00f3rios de advocacia (mais perto da Pra\u00e7a da S\u00e9 e do F\u00f3rum Jo\u00e3o Mendes) e vem sendo ocupado por faculdades que servem \u00e0s pessoas que trabalham no centro e procuram aperfei\u00e7oamento profissional.<\/p>\n<p>Nos dias de semana, mesmo durante a noite, a regi\u00e3o continua muito movimentada. O fim de semana \u00e9 mais problem\u00e1tico, tanto em termos de frequ\u00eancia quanto de seguran\u00e7a, mas o p\u00fablico, se bem que menor, correspondeu e compareceu \u00e0s mesas redondas. Em conversa com os dois, entretanto, assinalei que era importante desenvolver uma a\u00e7\u00e3o de divulga\u00e7\u00e3o espec\u00edfica entre os estudantes, principalmente os de direito, para aumentar a frequ\u00eancia. <\/p>\n<p>A programa\u00e7\u00e3o estava muito bem estruturada, com autores importantes, advogados que escrevem literatura e tamb\u00e9m se interessam por temas espec\u00edficos. O autor internacional mais conhecido, Scott Turrow, advogado famoso por seus romances envolvendo a profiss\u00e3o e quest\u00f5es de direito. Turrow tamb\u00e9m \u00e9 presidente da Author\u2019s Guild, a associa\u00e7\u00e3o dos escritores dos EUA, que vem tendo uma presen\u00e7a ativa nos tribunais, promovendo a a\u00e7\u00e3o contra o projeto de digitaliza\u00e7\u00e3o dos acervos de bibliotecas pretendido pelo Google, e intervindo tamb\u00e9m no processo que o Departamento de Justi\u00e7a promoveu contra a Apple e as seis maiores editoras dos EUA. O processo, instigado pela Amazon, est\u00e1 provocando mudan\u00e7as nos rumos da comercializa\u00e7\u00e3o de e-books, e Turrow n\u00e3o se furtou em advertir os presentes sobre as caracter\u00edsticas delet\u00e9rias para os autores das pr\u00e1ticas comerciais da Amazon. Para os autores de best-sellers, disse Turrow, a Amazon n\u00e3o \u00e9 amea\u00e7a. Mas para os autores que n\u00e3o vendem, a continuada depress\u00e3o de pre\u00e7os for\u00e7a a diminui\u00e7\u00e3o dos direitos autorais recebidos.<\/p>\n<p>Al\u00e9m da Patr\u00edcia Melo, outra autora foi muito celebrada pela plateia. Lygia Fagundes Telles, que se formou em Direito na d\u00e9cada de 40, compareceu \u00e0 sede da AASP quando se desenrolava a mesa em sua homenagem. Falou (da plateia), muito emocionada, e foi aplaudida pelo p\u00fablico.<\/p>\n<p>Assisti a v\u00e1rias mesas, e particularmente fui para aquela intitulada \u201cPaulic\u00e9ia Estilha\u00e7ada\u201d, com a Maria Jos\u00e9 Silveira, na companhia de Mar\u00e7al Aquino e Tony Bellotto, com \u00f3tima media\u00e7\u00e3o do Manoel Costa Pinto. A \u00faltima mesa foi uma leitura de trechos de romances preferidos de Patr\u00edcia Melo, Noemi Jaffe, Tony Bellotto, Susana Ventura, Richard Skinner, Jer\u00f4nimo Pizarro e Maria Jos\u00e9 Silveira, que encerrou com uma leitura de um trecho do Macuna\u00edma, do M\u00e1rio de Andrade.<\/p>\n<p>Em tudo e por tudo, a Pauliceia Liter\u00e1ria \u00e9 um acr\u00e9scimo significativo na cena liter\u00e1ria de S. Paulo. Parab\u00e9ns para Cristina Baum, curadora, e Renata Megale, a diretora executiva. Esperemos que a avalia\u00e7\u00e3o da diretoria da AASP conclua pela continuidade da iniciativa, aperfei\u00e7oe os detalhes e ano que vem presenteie a cidade com mais um belo evento de incentivo \u00e0 leitura, valoriza\u00e7\u00e3o dos autores e est\u00edmulo \u00e0 revitaliza\u00e7\u00e3o do Centro Hist\u00f3rico de S. Paulo.<\/p>\n","protected":false},"excerpt":{"rendered":"<p>O Festival Pauliceia Liter\u00e1ria, promovido pela Associa\u00e7\u00e3o de Advogados do Estado de S. Paulo entre os dias 19 e 22 passados, n\u00e3o foi o primeiro do g\u00eanero na cidade, ao contr\u00e1rio do que informou a mat\u00e9ria equivocada d\u2019O Estado de S. Paulo. A Balada Liter\u00e1ria, iniciativa do escritor Marcelino Freire, j\u00e1 com v\u00e1rios anos de &hellip; <a href=\"http:\/\/oxisdoproblema.com.br\/?p=1975\" onclick=\"return TrackClick('http%3A%2F%2Foxisdoproblema.com.br%2F%3Fp%3D1975','Continue+lendo+PAULICEIA+LITER%C3%81RIA+%E2%80%93+AUMENTA+A+OFERTA+DE+FESTIVAIS+EM+SP.+%26rarr%3B')\" class=\"more-link\">Continue lendo <span class=\"screen-reader-text\">PAULICEIA LITER\u00c1RIA \u2013 AUMENTA A OFERTA DE FESTIVAIS EM SP.<\/span> <span class=\"meta-nav\">&rarr;<\/span><\/a><\/p>\n","protected":false},"author":1,"featured_media":0,"comment_status":"open","ping_status":"open","sticky":false,"template":"","format":"standard","meta":[],"categories":[1],"tags":[532,529,526,123,530,525,527,531,528],"_links":{"self":[{"href":"http:\/\/oxisdoproblema.com.br\/index.php?rest_route=\/wp\/v2\/posts\/1975"}],"collection":[{"href":"http:\/\/oxisdoproblema.com.br\/index.php?rest_route=\/wp\/v2\/posts"}],"about":[{"href":"http:\/\/oxisdoproblema.com.br\/index.php?rest_route=\/wp\/v2\/types\/post"}],"author":[{"embeddable":true,"href":"http:\/\/oxisdoproblema.com.br\/index.php?rest_route=\/wp\/v2\/users\/1"}],"replies":[{"embeddable":true,"href":"http:\/\/oxisdoproblema.com.br\/index.php?rest_route=%2Fwp%2Fv2%2Fcomments&post=1975"}],"version-history":[{"count":1,"href":"http:\/\/oxisdoproblema.com.br\/index.php?rest_route=\/wp\/v2\/posts\/1975\/revisions"}],"predecessor-version":[{"id":1977,"href":"http:\/\/oxisdoproblema.com.br\/index.php?rest_route=\/wp\/v2\/posts\/1975\/revisions\/1977"}],"wp:attachment":[{"href":"http:\/\/oxisdoproblema.com.br\/index.php?rest_route=%2Fwp%2Fv2%2Fmedia&parent=1975"}],"wp:term":[{"taxonomy":"category","embeddable":true,"href":"http:\/\/oxisdoproblema.com.br\/index.php?rest_route=%2Fwp%2Fv2%2Fcategories&post=1975"},{"taxonomy":"post_tag","embeddable":true,"href":"http:\/\/oxisdoproblema.com.br\/index.php?rest_route=%2Fwp%2Fv2%2Ftags&post=1975"}],"curies":[{"name":"wp","href":"https:\/\/api.w.org\/{rel}","templated":true}]}}