{"id":1949,"date":"2013-08-21T15:30:02","date_gmt":"2013-08-21T18:30:02","guid":{"rendered":"http:\/\/oxisdoproblema.com.br\/?p=1949"},"modified":"2013-08-21T15:30:02","modified_gmt":"2013-08-21T18:30:02","slug":"quebec-discute-preco-fixo-para-os-livros","status":"publish","type":"post","link":"http:\/\/oxisdoproblema.com.br\/?p=1949","title":{"rendered":"Qu\u00e9bec discute pre\u00e7o fixo para os livros"},"content":{"rendered":"<p><img decoding=\"async\" loading=\"lazy\" src=\"http:\/\/oxisdoproblema.com.br\/wp-content\/uploads\/2013\/08\/Capturar2.jpg\" alt=\"Capturar\" width=\"625\" height=\"540\" class=\"aligncenter size-full wp-image-1950\" srcset=\"http:\/\/oxisdoproblema.com.br\/wp-content\/uploads\/2013\/08\/Capturar2.jpg 625w, http:\/\/oxisdoproblema.com.br\/wp-content\/uploads\/2013\/08\/Capturar2-300x259.jpg 300w\" sizes=\"(max-width: 625px) 100vw, 625px\" \/><br \/>\nO Parlamento do Qu\u00e9bec discute esta semana a aprova\u00e7\u00e3o de uma lei do &#8220;pre\u00e7o fixo&#8221; a vigorar na prov\u00edncia, \u00e0 semelhan\u00e7a da legisla\u00e7\u00e3o francesa.<\/p>\n<p>O Qu\u00e9bec apresenta singularidades interessantes. \u00c9 a prov\u00edncia do Canad\u00e1 onde a presen\u00e7a da coloniza\u00e7\u00e3o francesa ainda \u00e9 muito forte. Montr\u00e9al \u00e9 uma bela cidade, e Qu\u00e9bec Ville mais ainda (conhe\u00e7o as duas, onde estive pela primeira vez ainda nos anos 1980 para visitar uma feira de livros, a convite do governo canadense). <\/p>\n<p>Oficialmente, o Canad\u00e1 \u00e9 um pa\u00eds bilingue, e todos os documentos oficiais, sinaliza\u00e7\u00e3o de estradas, nome dos edif\u00edcios p\u00fablicos, etc, devem estar em ingl\u00eas e franc\u00eas. Os moradores do Qu\u00e9bec, entretanto, se queixam de que tem que aprender a falar ingl\u00eas para se comunicar com seus compatriotas angl\u00f3fonos, que n\u00e3o fazem a menos quest\u00e3o de aprender franc\u00eas (\u00e9 verdade que \u00e9 um franc\u00eas com um sotaque horr\u00edvel&#8230;). E al\u00e9m da Universit\u00e9 de Montr\u00e9al, em Montr\u00e9al h\u00e1 tamb\u00e9m a McGill University, onde todo \u00e9 em ingl\u00eas.<\/p>\n<p>Para compensar essas desigualdades, o governo do Qu\u00e9bec frequentemente toma iniciativas que diferenciam a prov\u00edncia do restante do Canad\u00e1, e de modo marcante. A iniciativa do &#8220;prix fixe&#8221; \u00e9 uma delas. <\/p>\n<p>Os editores, livreiros e bibliotec\u00e1rios qu\u00e9bequoises apoiaram com veem\u00eancia a iniciativa, atrav\u00e9s de suas associa\u00e7\u00f5es. Mas os editores de l\u00edngua inglesa (em grande medida filiais das empresas americanas) n\u00e3o gostaram muito da ideia.<\/p>\n<p>Ser\u00e1 interessante ver o resultado da iniciativa. Em primeiro lugar, para ver se a lei \u00e9 efetivamente aprovada. Em segundo lugar, como se comportar\u00e1 o mercado livreiro nas duas grandes zonas lingu\u00edsticas do Canad\u00e1.<\/p>\n<p>A mat\u00e9ria do PublishersWeekly sobre o assunto est\u00e1 <a onclick=\"javascript:pageTracker._trackPageview('\/outgoing\/www.publishersweekly.com\/pw\/by-topic\/international\/international-book-news\/article\/58784-quebec-book-industry-considers-price-fixing.html?utm_source=Publishers+Weekly&#038;utm_campaign=b879223158-UA-15906914-1&#038;utm_medium=email&#038;utm_term=0_0bb2959cbb-b879223158-304578005');\"  href=\"http:\/\/www.publishersweekly.com\/pw\/by-topic\/international\/international-book-news\/article\/58784-quebec-book-industry-considers-price-fixing.html?utm_source=Publishers+Weekly&#038;utm_campaign=b879223158-UA-15906914-1&#038;utm_medium=email&#038;utm_term=0_0bb2959cbb-b879223158-304578005\" onclick=\"return TrackClick('http%3A%2F%2Fwww.publishersweekly.com%2Fpw%2Fby-topic%2Finternational%2Finternational-book-news%2Farticle%2F58784-quebec-book-industry-considers-price-fixing.html%3Futm_source%3DPublishers%2BWeekly%26utm_campaign%3Db879223158-UA-15906914-1%26utm_medium%3Demail%26utm_term%3D0_0bb2959cbb-b879223158-304578005','aqui')\" target=\"_blank\">aqui<\/a> (em ingl\u00eas)<\/p>\n","protected":false},"excerpt":{"rendered":"<p>O Parlamento do Qu\u00e9bec discute esta semana a aprova\u00e7\u00e3o de uma lei do &#8220;pre\u00e7o fixo&#8221; a vigorar na prov\u00edncia, \u00e0 semelhan\u00e7a da legisla\u00e7\u00e3o francesa. O Qu\u00e9bec apresenta singularidades interessantes. \u00c9 a prov\u00edncia do Canad\u00e1 onde a presen\u00e7a da coloniza\u00e7\u00e3o francesa ainda \u00e9 muito forte. Montr\u00e9al \u00e9 uma bela cidade, e Qu\u00e9bec Ville mais ainda (conhe\u00e7o &hellip; <a href=\"http:\/\/oxisdoproblema.com.br\/?p=1949\" onclick=\"return TrackClick('http%3A%2F%2Foxisdoproblema.com.br%2F%3Fp%3D1949','Continue+lendo+Qu%C3%A9bec+discute+pre%C3%A7o+fixo+para+os+livros+%26rarr%3B')\" class=\"more-link\">Continue lendo <span class=\"screen-reader-text\">Qu\u00e9bec discute pre\u00e7o fixo para os livros<\/span> <span class=\"meta-nav\">&rarr;<\/span><\/a><\/p>\n","protected":false},"author":1,"featured_media":0,"comment_status":"open","ping_status":"open","sticky":false,"template":"","format":"standard","meta":[],"categories":[1],"tags":[411,113,184,516],"_links":{"self":[{"href":"http:\/\/oxisdoproblema.com.br\/index.php?rest_route=\/wp\/v2\/posts\/1949"}],"collection":[{"href":"http:\/\/oxisdoproblema.com.br\/index.php?rest_route=\/wp\/v2\/posts"}],"about":[{"href":"http:\/\/oxisdoproblema.com.br\/index.php?rest_route=\/wp\/v2\/types\/post"}],"author":[{"embeddable":true,"href":"http:\/\/oxisdoproblema.com.br\/index.php?rest_route=\/wp\/v2\/users\/1"}],"replies":[{"embeddable":true,"href":"http:\/\/oxisdoproblema.com.br\/index.php?rest_route=%2Fwp%2Fv2%2Fcomments&post=1949"}],"version-history":[{"count":1,"href":"http:\/\/oxisdoproblema.com.br\/index.php?rest_route=\/wp\/v2\/posts\/1949\/revisions"}],"predecessor-version":[{"id":1951,"href":"http:\/\/oxisdoproblema.com.br\/index.php?rest_route=\/wp\/v2\/posts\/1949\/revisions\/1951"}],"wp:attachment":[{"href":"http:\/\/oxisdoproblema.com.br\/index.php?rest_route=%2Fwp%2Fv2%2Fmedia&parent=1949"}],"wp:term":[{"taxonomy":"category","embeddable":true,"href":"http:\/\/oxisdoproblema.com.br\/index.php?rest_route=%2Fwp%2Fv2%2Fcategories&post=1949"},{"taxonomy":"post_tag","embeddable":true,"href":"http:\/\/oxisdoproblema.com.br\/index.php?rest_route=%2Fwp%2Fv2%2Ftags&post=1949"}],"curies":[{"name":"wp","href":"https:\/\/api.w.org\/{rel}","templated":true}]}}