{"id":177,"date":"2011-07-23T13:34:22","date_gmt":"2011-07-23T16:34:22","guid":{"rendered":"http:\/\/oxisdoproblema.com.br\/blog\/?p=177"},"modified":"2011-07-23T13:34:22","modified_gmt":"2011-07-23T16:34:22","slug":"presidente-dilma-na-bienal-do-rio","status":"publish","type":"post","link":"http:\/\/oxisdoproblema.com.br\/?p=177","title":{"rendered":"Presidente Dilma na Bienal do Rio"},"content":{"rendered":"<p>A Coluna <strong>No Prelo<\/strong>, do\u00a0<strong>Prosa e Verso<\/strong>\u00a0de hoje, s\u00e1bado, anuncia que a <strong>Presidente Dilma<\/strong> poder\u00e1 n\u00e3o apenas inaugurar a pr\u00f3xima Bienal Internacional do Livro do Rio de Janeiro, como tamb\u00e9m \u00a0ser entrevistada no <strong>Mulher e Ponto<\/strong>\u00a0por uma jornalista. \u00d3tima not\u00edcia, mas a coluna comeu mosca ao dizer que esta seria a primeira vez que um Presidente da Rep\u00fablica inaugurava a Bienal do Rio. O <strong>Sarney<\/strong> inaugurou, como Presidente da Rep\u00fablica, a II Bienal do Livro do Rio de Janeiro, que acontecia ent\u00e3o no S\u00e3o Conrado Fashion Mall. O ent\u00e3o presidente do SNEL era o S\u00e9rgio Lacerda, da Nova Fronteira.<\/p>\n<p>Eu estava l\u00e1. Era a primeira vez que a <strong>Marco Zero<\/strong>\u00a0participava de uma Bienal, e o Sarney at\u00e9 passou pelo nosso estande.<\/p>\n<p>Como a mem\u00f3ria \u00e9 fraca, lembro que o <strong>Fernando Henrique<\/strong> visitou a Bienal do Livro de S. Paulo e que o <strong>Lula<\/strong>, esse cujos detratores dizem que n\u00e3o gosta do livro, prestigiou a inaugura\u00e7\u00e3o da Bienal de S\u00e3o Paulo em 2004.<\/p>\n<p>Ali\u00e1s, para ficar tamb\u00e9m na ladeira da mem\u00f3ria, foi o Senador Jos\u00e9 Sarney que encaminhou a emenda da desonera\u00e7\u00e3o fiscal das editoras (elimina\u00e7\u00e3o da cobran\u00e7a do PIS\/PASEP-COFINS), em acordo com o ent\u00e3o ministro Palocci e com o aval do Presidente Lula.<\/p>\n<p>N\u00e3o \u00e9 porque o Sarney agora quer que os documentos governamentais permane\u00e7am em sigilo eterno que os editores (ingratos?!) devam deixar de registrar o que ele fez pelo livro.<\/p>\n<p>&nbsp;<\/p>\n","protected":false},"excerpt":{"rendered":"<p>A Coluna No Prelo, do\u00a0Prosa e Verso\u00a0de hoje, s\u00e1bado, anuncia que a Presidente Dilma poder\u00e1 n\u00e3o apenas inaugurar a pr\u00f3xima Bienal Internacional do Livro do Rio de Janeiro, como tamb\u00e9m \u00a0ser entrevistada no Mulher e Ponto\u00a0por uma jornalista. \u00d3tima not\u00edcia, mas a coluna comeu mosca ao dizer que esta seria a primeira vez que um &hellip; <a href=\"http:\/\/oxisdoproblema.com.br\/?p=177\" onclick=\"return TrackClick('http%3A%2F%2Foxisdoproblema.com.br%2F%3Fp%3D177','Continue+lendo+Presidente+Dilma+na+Bienal+do+Rio+%26rarr%3B')\" class=\"more-link\">Continue lendo <span class=\"screen-reader-text\">Presidente Dilma na Bienal do Rio<\/span> <span class=\"meta-nav\">&rarr;<\/span><\/a><\/p>\n","protected":false},"author":1,"featured_media":0,"comment_status":"open","ping_status":"open","sticky":false,"template":"","format":"standard","meta":[],"categories":[1],"tags":[51,28,52,57,56,53,54,55],"_links":{"self":[{"href":"http:\/\/oxisdoproblema.com.br\/index.php?rest_route=\/wp\/v2\/posts\/177"}],"collection":[{"href":"http:\/\/oxisdoproblema.com.br\/index.php?rest_route=\/wp\/v2\/posts"}],"about":[{"href":"http:\/\/oxisdoproblema.com.br\/index.php?rest_route=\/wp\/v2\/types\/post"}],"author":[{"embeddable":true,"href":"http:\/\/oxisdoproblema.com.br\/index.php?rest_route=\/wp\/v2\/users\/1"}],"replies":[{"embeddable":true,"href":"http:\/\/oxisdoproblema.com.br\/index.php?rest_route=%2Fwp%2Fv2%2Fcomments&post=177"}],"version-history":[{"count":1,"href":"http:\/\/oxisdoproblema.com.br\/index.php?rest_route=\/wp\/v2\/posts\/177\/revisions"}],"predecessor-version":[{"id":178,"href":"http:\/\/oxisdoproblema.com.br\/index.php?rest_route=\/wp\/v2\/posts\/177\/revisions\/178"}],"wp:attachment":[{"href":"http:\/\/oxisdoproblema.com.br\/index.php?rest_route=%2Fwp%2Fv2%2Fmedia&parent=177"}],"wp:term":[{"taxonomy":"category","embeddable":true,"href":"http:\/\/oxisdoproblema.com.br\/index.php?rest_route=%2Fwp%2Fv2%2Fcategories&post=177"},{"taxonomy":"post_tag","embeddable":true,"href":"http:\/\/oxisdoproblema.com.br\/index.php?rest_route=%2Fwp%2Fv2%2Ftags&post=177"}],"curies":[{"name":"wp","href":"https:\/\/api.w.org\/{rel}","templated":true}]}}