{"id":1707,"date":"2013-04-27T10:59:46","date_gmt":"2013-04-27T13:59:46","guid":{"rendered":"http:\/\/oxisdoproblema.com.br\/?p=1707"},"modified":"2013-04-27T10:59:46","modified_gmt":"2013-04-27T13:59:46","slug":"mamae-saraiva-nao-gosta-de-livros","status":"publish","type":"post","link":"http:\/\/oxisdoproblema.com.br\/?p=1707","title":{"rendered":"\u201cMam\u00e3e Saraiva\u201d n\u00e3o gosta de livros"},"content":{"rendered":"<p><img decoding=\"async\" loading=\"lazy\" src=\"http:\/\/oxisdoproblema.com.br\/wp-content\/uploads\/2013\/04\/foto-saraiva-11-e1367070281139.jpg\" alt=\"foto saraiva 1\" width=\"240\" height=\"320\" class=\"alignleft size-full wp-image-1709\" srcset=\"http:\/\/oxisdoproblema.com.br\/wp-content\/uploads\/2013\/04\/foto-saraiva-11-e1367070281139.jpg 240w, http:\/\/oxisdoproblema.com.br\/wp-content\/uploads\/2013\/04\/foto-saraiva-11-e1367070281139-225x300.jpg 225w\" sizes=\"(max-width: 240px) 100vw, 240px\" \/><br \/>\nNa sexta-feira, dia 26 de abril, a Saraiva publicou um caderno separata de an\u00fancios no Estad\u00e3o, com ofertas para o \u201cDia das M\u00e3es\u201d. \u201cMam\u00e3e Saraiva\u201d- uma modelo com cara da Neide Aparecida (essa \u00e9 s\u00f3 para quem tem mais de 60 anos) est\u00e1 com um smartphone na m\u00e3o.<br \/>\nNas seis p\u00e1ginas da separata est\u00e3o anunciados:<\/p>\n<p>&#8211; 6 celulares;<br \/>\n&#8211; 4 acess\u00f3rios para celulares;<br \/>\n&#8211; 3 notebooks;<br \/>\n&#8211; 2 acess\u00f3rios para notebooks;<br \/>\n&#8211; 3 aparelhos de TV digital (grande formato);<br \/>\n&#8211; 3 caixas de cole\u00e7\u00f5es de filmes;<br \/>\n&#8211; 2 cafeteiras de expresso;<br \/>\n&#8211; 2 utens\u00edlios de cozinha;<br \/>\n&#8211; 3 livros \u2013 DE CULIN\u00c1RIA.<\/p>\n<p>\u201cMam\u00e3e Saraiva\u201d, pelo visto, gosta de fofocar no intervalo dos programas de televis\u00e3o, quando n\u00e3o est\u00e1 cozinhando. A \u201cliteratura\u201d mais profunda que ela se permite \u00e9 o de \u201cCulin\u00e1ria para Bem Estar \u2013 Receitas antiTPM\u201d, da fil\u00f3sofa do forno-e-fog\u00e3o Rita Lobo. Ali\u00e1s, \u201cMam\u00e3e Saraiva\u201d pode ler a obra e \u201cser moderna at\u00e9 cozinhando\u201d em um e-reader.<\/p>\n<p>\u201cMam\u00e3e Saraiva\u201d \u00e9 uma idiota. Ou seus filhinhos pensam que ela \u00e9.<br \/>\n<!--more--><br \/>\n<img decoding=\"async\" loading=\"lazy\" src=\"http:\/\/oxisdoproblema.com.br\/wp-content\/uploads\/2013\/04\/foto-saraiva-3-e1367070531178.jpg\" alt=\"foto saraiva 3\" width=\"240\" height=\"320\" class=\"alignleft size-full wp-image-1711\" srcset=\"http:\/\/oxisdoproblema.com.br\/wp-content\/uploads\/2013\/04\/foto-saraiva-3-e1367070531178.jpg 240w, http:\/\/oxisdoproblema.com.br\/wp-content\/uploads\/2013\/04\/foto-saraiva-3-e1367070531178-225x300.jpg 225w\" sizes=\"(max-width: 240px) 100vw, 240px\" \/><br \/>\nA Saraiva \u00e9 considerada a maior cadeia de livrarias do Brasil. Ser\u00e1?<\/p>\n<p>\u00c9 significativo que o an\u00fancio seja assinado simplesmente por \u201cSaraiva\u201d. N\u00e3o Livrarias Saraiva, nem mesmo Mega-Stores Saraiva. \u00c9 simplesmente Saraiva. O \u201cconselheiro\u201d Saraiva, que fundou a livraria perto da Faculdade de Direito para atender aos alunos, finalmente despojou-se do t\u00edtulo jocosamente honor\u00e1rio dado pelos seus clientes. Agora \u00e9 s\u00f3 Saraiva, o vendedor de artigos \u201cpara o lar\u201d.<\/p>\n<p>A \u201cFnac-iza\u00e7\u00e3o\u201d da Saraiva j\u00e1 acontece faz tempo. O tom derrogativo proposital vem da  decad\u00eancia da antiga livraria, fundada na Fran\u00e7a por sindicalistas (o nome inicial era <a onclick=\"javascript:pageTracker._trackPageview('\/outgoing\/www.histoire-entreprises.fr\/he-le-magazine\/la-fnac-histoire-d-un-militantisme-culturel-andre-essel-max-theret\/');\"  href=\"http:\/\/www.histoire-entreprises.fr\/he-le-magazine\/la-fnac-histoire-d-un-militantisme-culturel-andre-essel-max-theret\/\" onclick=\"return TrackClick('http%3A%2F%2Fwww.histoire-entreprises.fr%2Fhe-le-magazine%2Fla-fnac-histoire-d-un-militantisme-culturel-andre-essel-max-theret%2F','F%C3%A9d%C3%A9ration+Nationale+d%E2%80%99Achats+des+Cadres+-+Federa%C3%A7%C3%A3o+Nacional+de+Compras+dos+Quadros')\" target=\"_blank\">F\u00e9d\u00e9ration Nationale d\u2019Achats des Cadres &#8211; Federa\u00e7\u00e3o Nacional de Compras dos Quadros<\/a>)  e hoje uma simples subsidi\u00e1ria de multinacional que vende perfumes e artigos de luxo. \u201cFnac-iza\u00e7\u00e3o\u201d quer dizer que virou uma loja de eletr\u00f4nicos com uma se\u00e7\u00e3o de livros que vai sendo apertada e diminu\u00edda cada vez mais.<\/p>\n<p>\u00c9 claro, com a venda de uma cafeteira por R$ 1.500,00, o ticket m\u00e9dio da loja sobe astronomicamente. Quantos livros devem ser vendidos para se conseguir esse faturamento? Logo, preparem-se os vendedores para malhar TV, cafeteira, computador. Dos livros, s\u00f3 o resqu\u00edcio do charme, se tanto.<\/p>\n<p>J\u00e1 comentei aqui sobre as raz\u00f5es das editoras fazerem poucos an\u00fancios de livros: o retorno \u00e9 mesmo muito baixo.<\/p>\n<p>Agora, uma cadeia supostamente de livrarias n\u00e3o ter a intelig\u00eancia de fazer um mix interessante de produtos, aproveitando os produtos caros para difundir tamb\u00e9m bons livros, \u00e9 o c\u00famulo.<\/p>\n<p>C\u00famulo explic\u00e1vel tamb\u00e9m pelos crit\u00e9rios de sele\u00e7\u00e3o dos produtos. Os filhinhos da \u201cMam\u00e3e Saraiva\u201d usam os mecanismos chamados de cooperativos para selecionar os produtos anunciados. Em portugu\u00eas mais simples, as empresas que querem participar do an\u00fancio pagam \u201co an\u00fancio dentro do an\u00fancio\u201d, \u201ccooperando\u201d com o varejista. A pr\u00e1tica dos supermercados j\u00e1 permeia todo os demais segmentos do varejo. As grandes cadeias de lojas (de tudo, de supermercados, magazines, farm\u00e1cias \u2013 e livrarias) vendem o espa\u00e7o nas vitrines, na entrada das lojas, nas revistas e nos an\u00fancios que publicam. Hoje qualquer an\u00fancio ou \u201clema\u201d de loja que fale de \u201cprodutos de qualidade\u201d pode ser enquadrada na Lei de Defesa do Consumidor por propaganda enganosa. O \u201cproduto de qualidade\u201d \u00e9 o que paga para aparecer.<br \/>\n<img decoding=\"async\" loading=\"lazy\" src=\"http:\/\/oxisdoproblema.com.br\/wp-content\/uploads\/2013\/04\/foto-saraiva-2-e1367070920304.jpg\" alt=\"foto saraiva 2\" width=\"240\" height=\"320\" class=\"alignleft size-full wp-image-1713\" srcset=\"http:\/\/oxisdoproblema.com.br\/wp-content\/uploads\/2013\/04\/foto-saraiva-2-e1367070920304.jpg 240w, http:\/\/oxisdoproblema.com.br\/wp-content\/uploads\/2013\/04\/foto-saraiva-2-e1367070920304-225x300.jpg 225w\" sizes=\"(max-width: 240px) 100vw, 240px\" \/><br \/>\nO resultado disso tudo no mundo dos livros, eu realmente n\u00e3o sei qual vai ser. Talvez aconte\u00e7a algum tipo de rea\u00e7\u00e3o. Ou vamos acabar tendo acesso apenas aos poucos t\u00edtulos que as editoras e as livrarias, c\u00famplices entre si, definam como best-sellers e empurrem para quem entra em uma delas.<\/p>\n<p>Ent\u00e3o, os idiotas seremos todos n\u00f3s, e n\u00e3o apenas a \u201cMam\u00e3e Saraiva\u201d dos an\u00fancios.<\/p>\n<p>Ah, mas n\u00e3o posso ser injusto. A literatura aparece no an\u00fancio. A \u201cObra Completa de Jane Austen\u201d est\u00e1 presente: uma caixa com 10 DVDs e todos os filmes baseados nos romances da \u201cadorada escritora inglesa\u201d.<\/p>\n<p>(Com o devido respeito \u00e0s senhoras e senhoritas Saraiva do Brasil e de Portugal que gostam de bons livros).<\/p>\n","protected":false},"excerpt":{"rendered":"<p>Na sexta-feira, dia 26 de abril, a Saraiva publicou um caderno separata de an\u00fancios no Estad\u00e3o, com ofertas para o \u201cDia das M\u00e3es\u201d. \u201cMam\u00e3e Saraiva\u201d- uma modelo com cara da Neide Aparecida (essa \u00e9 s\u00f3 para quem tem mais de 60 anos) est\u00e1 com um smartphone na m\u00e3o. Nas seis p\u00e1ginas da separata est\u00e3o anunciados: &hellip; <a href=\"http:\/\/oxisdoproblema.com.br\/?p=1707\" onclick=\"return TrackClick('http%3A%2F%2Foxisdoproblema.com.br%2F%3Fp%3D1707','Continue+lendo+%E2%80%9CMam%C3%A3e+Saraiva%E2%80%9D+n%C3%A3o+gosta+de+livros+%26rarr%3B')\" class=\"more-link\">Continue lendo <span class=\"screen-reader-text\">\u201cMam\u00e3e Saraiva\u201d n\u00e3o gosta de livros<\/span> <span class=\"meta-nav\">&rarr;<\/span><\/a><\/p>\n","protected":false},"author":1,"featured_media":0,"comment_status":"open","ping_status":"open","sticky":false,"template":"","format":"standard","meta":[],"categories":[1],"tags":[122,460,47],"_links":{"self":[{"href":"http:\/\/oxisdoproblema.com.br\/index.php?rest_route=\/wp\/v2\/posts\/1707"}],"collection":[{"href":"http:\/\/oxisdoproblema.com.br\/index.php?rest_route=\/wp\/v2\/posts"}],"about":[{"href":"http:\/\/oxisdoproblema.com.br\/index.php?rest_route=\/wp\/v2\/types\/post"}],"author":[{"embeddable":true,"href":"http:\/\/oxisdoproblema.com.br\/index.php?rest_route=\/wp\/v2\/users\/1"}],"replies":[{"embeddable":true,"href":"http:\/\/oxisdoproblema.com.br\/index.php?rest_route=%2Fwp%2Fv2%2Fcomments&post=1707"}],"version-history":[{"count":4,"href":"http:\/\/oxisdoproblema.com.br\/index.php?rest_route=\/wp\/v2\/posts\/1707\/revisions"}],"predecessor-version":[{"id":1716,"href":"http:\/\/oxisdoproblema.com.br\/index.php?rest_route=\/wp\/v2\/posts\/1707\/revisions\/1716"}],"wp:attachment":[{"href":"http:\/\/oxisdoproblema.com.br\/index.php?rest_route=%2Fwp%2Fv2%2Fmedia&parent=1707"}],"wp:term":[{"taxonomy":"category","embeddable":true,"href":"http:\/\/oxisdoproblema.com.br\/index.php?rest_route=%2Fwp%2Fv2%2Fcategories&post=1707"},{"taxonomy":"post_tag","embeddable":true,"href":"http:\/\/oxisdoproblema.com.br\/index.php?rest_route=%2Fwp%2Fv2%2Ftags&post=1707"}],"curies":[{"name":"wp","href":"https:\/\/api.w.org\/{rel}","templated":true}]}}