{"id":1685,"date":"2013-04-23T11:56:13","date_gmt":"2013-04-23T14:56:13","guid":{"rendered":"http:\/\/oxisdoproblema.com.br\/?p=1685"},"modified":"2013-04-23T11:56:13","modified_gmt":"2013-04-23T14:56:13","slug":"dia-do-livro-efemerides-e-promocao-do-livro-e-da-leitura","status":"publish","type":"post","link":"http:\/\/oxisdoproblema.com.br\/?p=1685","title":{"rendered":"Dia do Livro \u2013 Efem\u00e9rides e promo\u00e7\u00e3o do livro e da leitura"},"content":{"rendered":"<p><img decoding=\"async\" loading=\"lazy\" src=\"http:\/\/oxisdoproblema.com.br\/wp-content\/uploads\/2013\/04\/Captura-de-Tela-2013-04-23-\u00e0s-11.50.21.png\" alt=\"Captura de Tela 2013-04-23 \u00e0s 11.50.21\" width=\"861\" height=\"441\" class=\"aligncenter size-full wp-image-1686\" srcset=\"http:\/\/oxisdoproblema.com.br\/wp-content\/uploads\/2013\/04\/Captura-de-Tela-2013-04-23-\u00e0s-11.50.21.png 861w, http:\/\/oxisdoproblema.com.br\/wp-content\/uploads\/2013\/04\/Captura-de-Tela-2013-04-23-\u00e0s-11.50.21-300x153.png 300w\" sizes=\"(max-width: 861px) 100vw, 861px\" \/><br \/>\nDia 23 de abril \u2013 S\u00e3o Jorge, Santo Guerreiro \u2013 \u00e9 cheio de efem\u00e9rides. O Rio de Janeiro comemora esse que \u00e9 um de seus santos (S\u00e3o Sebasti\u00e3o, o das flechadas, \u00e9 o padroeiro oficial da cidade), mas internacionalmente a data est\u00e1 se consolidando como Dia Internacional do Livro e do Direito de Autor.<\/p>\n<p>A coisa come\u00e7ou na Catalunha, Espanha. O santo guerreiro divide com o Rio essa devo\u00e7\u00e3o. J\u00e1 h\u00e1 v\u00e1rias d\u00e9cadas foi se criando em Barcelona a tradi\u00e7\u00e3o de presentear o amado ou amada com um livro e uma rosa nesse dia. As livrarias montam bancas especiais e oferecem as flores, e tudo isso realmente embeleza ainda mais Barcelona, pois al\u00e9m do padroeiro e do livro, o Diada Sant Jord\u00ed \u00e9 o dia dos namorados na Catalunha.<\/p>\n<p>Em 1995, por inst\u00e2ncia dos espanh\u00f3is, a UNESCO aproveitou o ensejo de que a data lembrava tamb\u00e9m o falecimento de Cervantes, Shakespeare e de outro escritor catal\u00e3o, Josep Pla, e declarou o dia como destinado \u00e0 celebra\u00e7\u00e3o internacional do Livro e do Direito de Autor.<\/p>\n<p>Essa hist\u00f3ria de efem\u00e9rides \u00e9 curiosa. Multiplicam-se os \u201cdias do\u201d pelo mundo afora, em uma pobre emula\u00e7\u00e3o dos feriados, nos quais se oficializa a comemora\u00e7\u00e3o do modo mais \u201cpr\u00e1tico\u201d: sem trabalhar. As efem\u00e9rides que n\u00e3o s\u00e3o feriados deveriam lembrar alguma coisa importante para a vida dos cidad\u00e3os.<br \/>\n<!--more--><br \/>\nNa verdade, tal como algumas leis, algumas \u201cpegam\u201d e outras n\u00e3o. Dia das m\u00e3es, dia dos pais e mesmo o dia das crian\u00e7as conseguiram se transformar, gra\u00e7as ao empenho dos comerciantes, em pretexto para a empurra\u00e7\u00e3o de presentes para os queridos homenageados.<\/p>\n<p>Infelizmente, no que diz respeito ao livro, nenhuma das v\u00e1rias datas comemorativas a ele relacionados de alguma maneira colou. E s\u00e3o muitas. A movimenta\u00e7\u00e3o come\u00e7a em mar\u00e7o:<\/p>\n<p>&#8211; 12 de mar\u00e7o \u2013 Dia do Bibliotec\u00e1rio;<\/p>\n<p>&#8211; 14 de mar\u00e7o, Dia do Vendedor de Livros e tamb\u00e9m Dia Nacional da Poesia, em homenagem a Castro Alves;<\/p>\n<p>&#8211; 18 de abril \u2013 \u00c9 o Dia Nacional do Livro Infantil e Juvenil, em homenagem a Monteiro Lobato;<\/p>\n<p>&#8211; 25 de julho \u2013 Dia do Escritor. \u00c9 verdade que hoje tem muito livro que dispensa a interven\u00e7\u00e3o de um suposto criador, mas a data foi criada por Jorge Amado em comemora\u00e7\u00e3o a algum congresso organizado pela UBE (n\u00e3o sei que se\u00e7\u00e3o), l\u00e1 pelos anos 1960;<\/p>\n<p>&#8211; 21 de setembro \u2013 Dia da Bibliodiversidade. Institu\u00edda pela Alian\u00e7a Internacional de Editores, uma organiza\u00e7\u00e3o dos editores independentes que existe pela Am\u00e9rica de fala espanhola e tamb\u00e9m no Canad\u00e1;<\/p>\n<p>&#8211; 29 de outubro \u2013 \u00c9 o dia oficial do Livro no Brasil. A data foi institu\u00edda para lembrar a funda\u00e7\u00e3o da Biblioteca Nacional, com a transfer\u00eancia da Biblioteca Real, que veio na bagagem de D. Jo\u00e3o VI.<\/p>\n<p>A pretexto do Dia Internacional do Livro e do Direito do Autor, a IPA \u2013 Associa\u00e7\u00e3o Internacional de Editores, d\u00e1 in\u00edcio no dia 23 de abril ao ano em que uma cidade \u00e9 escolhida como Capital Mundial do Livro. Este ano \u00e9 Bangkok, a 13a. cidade a receber o t\u00edtulo, depois de Madri (2001), Alexandria (2002), Nova D\u00e9li (2003), Antu\u00e9rpia (2004), Montreal (2005), Turim (2006), Bogot\u00e1 (2007), Amsterd\u00e3 (2008), Beirute (2009), Liubliana (2010), Buenos Aires (2011) e Ierevan (2012). A capital mundial do livro que come\u00e7a seu \u201creinado\u201dem 2014 \u00e9 Porto Harcourt, na Nig\u00e9ria.<\/p>\n<p>A iniciativa da comemora\u00e7\u00e3o foi da IPA, mas a ela se uniram a IFLA \u2013 Associa\u00e7\u00e3o Internacional das Associa\u00e7\u00f5es de Bibliotec\u00e1rios e a UNESCO. Um j\u00fari de representantes dessas associa\u00e7\u00f5es se reunir\u00e1 em algum momento do ver\u00e3o na sede da UNESCO para escolher qual a Capital Mundial do Livro de 2005.<\/p>\n<p>Dentre todas as comemora\u00e7\u00f5es de dia do livro, acho que essa que se celebra amanh\u00e3 \u00e9 realmente a mais interessante, e por duas raz\u00f5es.<\/p>\n<p>A primeira \u00e9 a inclus\u00e3o do direito autoral associado ao livro. Nestas \u00e9pocas de defensores da gratuidade, \u00e9 sempre bom lembrar que h\u00e1 quem viva de escrever. Ainda que algumas pessoas escrevam de gra\u00e7a (e aqui estamos todos n\u00f3s blogueiros, facebuquistas e cong\u00eaneres jogando \u00e1gua nesse moinho), a defesa do direito do autor, tanto na integridade da obra produzida quanto na justa remunera\u00e7\u00e3o por sua divulga\u00e7\u00e3o, \u00e9 algo essencial para a manuten\u00e7\u00e3o da bibliodiversidade, da produ\u00e7\u00e3o criativa que exige disp\u00eandio de tempo e profissionaliza\u00e7\u00e3o.  Por isso, essa men\u00e7\u00e3o \u00e9 importante.<\/p>\n<p>A segunda raz\u00e3o \u00e9 precisamente a vincula\u00e7\u00e3o da data com a institucionaliza\u00e7\u00e3o da escolha de uma cidade como Capital Mundial do Livro.<\/p>\n<p>As candidaturas a essa posi\u00e7\u00e3o s\u00e3o encaminhadas sempre por uma coliga\u00e7\u00e3o que inclui todos os segmentos e interessados no livro e na leitura, demonstrando que, pelo menos naquele ano, a cidade desenvolver\u00e1 um amplo e criativo programa de est\u00edmulo \u00e0 leitura. J\u00e1 escrevi um <a href=\"http:\/\/oxisdoproblema.com.br\/?p=1244\" onclick=\"return TrackClick('http%3A%2F%2Foxisdoproblema.com.br%2F%3Fp%3D1244','post+sobre+o+assunto')\" target=\"_blank\">post sobre o assunto<\/a> comentando que Porto Harcourt, a homenageada do ano que vem, foi capital da prov\u00edncia separatista da Biafra e sofreu horrores com a guerra civil. Recuperou-se e apresentou com sucesso sua candidatura, mostrando que buscou n\u00e3o apenas a recupera\u00e7\u00e3o econ\u00f4mica, como tamb\u00e9m a recupera\u00e7\u00e3o social e cultural.<\/p>\n<p>E lamentava que, em vez de candidaturas para olimp\u00edadas e campeonatos mundiais, nenhuma cidade brasileira jamais houvesse apresentado sua candidatura. <\/p>\n<p>Esse, sim, seria um motivo para uma verdadeira comemora\u00e7\u00e3o.<\/p>\n","protected":false},"excerpt":{"rendered":"<p>Dia 23 de abril \u2013 S\u00e3o Jorge, Santo Guerreiro \u2013 \u00e9 cheio de efem\u00e9rides. O Rio de Janeiro comemora esse que \u00e9 um de seus santos (S\u00e3o Sebasti\u00e3o, o das flechadas, \u00e9 o padroeiro oficial da cidade), mas internacionalmente a data est\u00e1 se consolidando como Dia Internacional do Livro e do Direito de Autor. A &hellip; <a href=\"http:\/\/oxisdoproblema.com.br\/?p=1685\" onclick=\"return TrackClick('http%3A%2F%2Foxisdoproblema.com.br%2F%3Fp%3D1685','Continue+lendo+Dia+do+Livro+%E2%80%93+Efem%C3%A9rides+e+promo%C3%A7%C3%A3o+do+livro+e+da+leitura+%26rarr%3B')\" class=\"more-link\">Continue lendo <span class=\"screen-reader-text\">Dia do Livro \u2013 Efem\u00e9rides e promo\u00e7\u00e3o do livro e da leitura<\/span> <span class=\"meta-nav\">&rarr;<\/span><\/a><\/p>\n","protected":false},"author":1,"featured_media":0,"comment_status":"open","ping_status":"open","sticky":false,"template":"","format":"standard","meta":[],"categories":[1],"tags":[188],"_links":{"self":[{"href":"http:\/\/oxisdoproblema.com.br\/index.php?rest_route=\/wp\/v2\/posts\/1685"}],"collection":[{"href":"http:\/\/oxisdoproblema.com.br\/index.php?rest_route=\/wp\/v2\/posts"}],"about":[{"href":"http:\/\/oxisdoproblema.com.br\/index.php?rest_route=\/wp\/v2\/types\/post"}],"author":[{"embeddable":true,"href":"http:\/\/oxisdoproblema.com.br\/index.php?rest_route=\/wp\/v2\/users\/1"}],"replies":[{"embeddable":true,"href":"http:\/\/oxisdoproblema.com.br\/index.php?rest_route=%2Fwp%2Fv2%2Fcomments&post=1685"}],"version-history":[{"count":2,"href":"http:\/\/oxisdoproblema.com.br\/index.php?rest_route=\/wp\/v2\/posts\/1685\/revisions"}],"predecessor-version":[{"id":1688,"href":"http:\/\/oxisdoproblema.com.br\/index.php?rest_route=\/wp\/v2\/posts\/1685\/revisions\/1688"}],"wp:attachment":[{"href":"http:\/\/oxisdoproblema.com.br\/index.php?rest_route=%2Fwp%2Fv2%2Fmedia&parent=1685"}],"wp:term":[{"taxonomy":"category","embeddable":true,"href":"http:\/\/oxisdoproblema.com.br\/index.php?rest_route=%2Fwp%2Fv2%2Fcategories&post=1685"},{"taxonomy":"post_tag","embeddable":true,"href":"http:\/\/oxisdoproblema.com.br\/index.php?rest_route=%2Fwp%2Fv2%2Ftags&post=1685"}],"curies":[{"name":"wp","href":"https:\/\/api.w.org\/{rel}","templated":true}]}}