{"id":1677,"date":"2013-04-17T15:15:28","date_gmt":"2013-04-17T18:15:28","guid":{"rendered":"http:\/\/oxisdoproblema.com.br\/?p=1677"},"modified":"2013-04-17T15:15:28","modified_gmt":"2013-04-17T18:15:28","slug":"queixas-dos-editores-contra-a-amazon-se-expandem","status":"publish","type":"post","link":"http:\/\/oxisdoproblema.com.br\/?p=1677","title":{"rendered":"Queixas dos editores contra a Amazon se expandem"},"content":{"rendered":"<p><em>Publicamos o artigo da <a onclick=\"javascript:pageTracker._trackPageview('\/outgoing\/publishingperspectives.com\/2013\/04\/publisher-complaints-against-amazon-becoming-pervasive\/');\"  href=\"http:\/\/publishingperspectives.com\/2013\/04\/publisher-complaints-against-amazon-becoming-pervasive\/\" onclick=\"return TrackClick('http%3A%2F%2Fpublishingperspectives.com%2F2013%2F04%2Fpublisher-complaints-against-amazon-becoming-pervasive%2F','Publishing+Perpectives')\">Publishing Perpectives<\/a> do dia 17 de abril, sobre debate acontecido na London Book Fair.<\/em><strong><\/strong><\/p>\n<p><em>Roger Tagholm e Edward Nawotka<\/em><\/p>\n<p>Editores internacionais e livreiros presentes na Feira do Livro de Londres deste ano est\u00e3o vocalizando cada vez mais suas dificuldades em trabalhar com a Amazon.com. Em privado, editores levantaram preocupa\u00e7\u00e3o com as exig\u00eancias da Amazon, a venda que a empresa faz de edi\u00e7\u00f5es para as quais n\u00e3o possui direitos territoriais de venda, e a compra de exemplares de atacadistas.<\/p>\n<p>Falando off record, como se tornou norma quando a Amazon est\u00e1 envolvida, uma figura importante disse: \u201cTodo mundo fala que se est\u00e1 chegando a uma situa\u00e7\u00e3o horr\u00edvel sobre os termos de neg\u00f3cio, e acho que existe uma preocupa\u00e7\u00e3o crescente no que diz respeito a dados e \u00e0 oferta que fazem de m\u00faltiplas edi\u00e7\u00f5es, frequentemente desconsiderando a territorialidade.\u201d<\/p>\n<p>\u201c\u00c9 poss\u00edvel que haja algum problema com os campos de dados, mas circulam tamb\u00e9m teorias conspirat\u00f3rias. Tentar consertar isso \u00e9 vagaroso e dif\u00edcil. Tamb\u00e9m estamos descobrimos que, quando se trata de seus pr\u00f3prios livros, muitas vezes eles n\u00e3o est\u00e3o comprando de voc\u00ea. Procuram um atacadista em outro territ\u00f3rio \u2013 Ingram, por exemplo, ou algu\u00e9m na \u00cdndia \u2013 onde o livro pode ser mais barato. Isso pode ser prejudicial aos autores, porque significa que recebem direitos autorais sobre livros exportados, mais baixos que os do mercado interno.\u201d<\/p>\n<p>Os boatos sobre a Amazon fazer \u201cimporta\u00e7\u00f5es cinzentas\u201d nos mercados em ingl\u00eas e espanhol n\u00e3o s\u00e3o incomuns.<br \/>\n<!--more--><br \/>\nUm alto executivo de uma filial nas Am\u00e9ricas de uma das Tr\u00eas Grandes espanholas confirmou ao Publishing Perspectives que soube que a Amazon estava vendendo uma edi\u00e7\u00e3o importada de um dos grandes best-sellers da empresa na Espanha, apesar da matriz da mesma firma ter os direitos para a Espanha e produzir uma edi\u00e7\u00e3o local. Quando o problema foi levantado junto \u00e0 Amazon, a companhia atribuiu isso a um \u201cerro de metadado\u201d.<\/p>\n<p>Quanto \u00e0 mudan\u00e7a na alimenta\u00e7\u00e3o de dados, um editor assinalou: \u201c\u00c9 preciso haver uma solicita\u00e7\u00e3o para que eles fa\u00e7am a mudan\u00e7a, mas isso pode levar at\u00e9 quatro semanas\u201d.<\/p>\n<p>Ainda outro editor queixou-se de que, quando confrontados com o erro de vender edi\u00e7\u00f5es importadas, a Amazon s\u00f3 concordou em parar de vender os livros quando recebessem provas de obriga\u00e7\u00e3o legal de fazer isso. Al\u00e9m disso, quando mais de um t\u00edtulo do editor foi descoberto como importado, a Amazon exigiu solicita\u00e7\u00f5es individuais para cada um deles, um processo oneroso, potencialmente caro e demorado \u2013 especialmente para os editores espanh\u00f3is com problemas de caixa.<\/p>\n<p>Ainda outro editor notou que, quando se trata de dados, essencialmente, a Amazon quer ter todos os arquivos do editor \u2013 e-books, POD \u2013 de modo a se tornar fornecedora de si mesma e deixar de lado toda a ind\u00fastria editorial. Eles tentam obter todos os IPs para si \u2013 e querem esses arquivos.<\/p>\n<p>\u201cDo mesmo modo, s\u00e3o uma companhia cujos termos de publicidade sobem todos os anos, mesmo quando se argumenta com eles que devem diminuir. As livrarias deixaram de cobrar pelas vitrines, mas o Deal of the Week na Amazon custa \u00a3 15.000\u201d.<\/p>\n<p><strong>Amazon: Amiga ou inimiga?<\/strong><\/p>\n<p>Em um f\u00f3rum mais p\u00fablico, o \u201cGreat Debate\u201d da segunda-feira, um debate estilo Oxford, popular na Feira \u2013 perguntou se as pessoas concordavam ou discordavam com a premissa de que \u201ca Amazon era uma influ\u00eancia positiva no neg\u00f3cio editorial\u201d.<\/p>\n<p>N\u00e3o foi surpresa o fato de Tim Godfray, Executivo Chefe da Associa\u00e7\u00e3o de Livreiros do Reino Unido, argumentar em oposi\u00e7\u00e3o. \u201cMinha discord\u00e2ncia \u2013 disse ele \u2013 \u00e9 que a Amazon se tornou t\u00e3o grande que n\u00e3o compete mais, e sim destr\u00f3i a competi\u00e7\u00e3o\u201d. E passou a delinear uma s\u00e9rie de queixas, desde o uso que a Amazon faz de Luxemburgo como sede europeia, uma posi\u00e7\u00e3o que lhe permite cobrar apenas 3% de imposto sobre as vendas versus os \u00edndices muito maiores, se estivessem baseados em algum pa\u00eds da Comunidade Europeia, ao fato de que encorajam os fregueses a usar as livrarias como mostru\u00e1rios \u2013 folhear os livros nas lojas f\u00edsicas, mas comprar online.<\/p>\n<p>Robert Levine, autor de Free Ride, retomou as queixas sobre o uso que a Amazon faz de empresas de seguran\u00e7a da ultra-direita para vigiar os trabalhadores da Europa Oriental nos centros de distribui\u00e7\u00e3o na Alemanha, e a confian\u00e7a da empresa em algoritmos para recomendar livros. \u201cN\u00e3o ficaria surpreso \u2013 disse Levine \u2013 se em dois ou tr\u00eas anos se descobrir que a Amazon recomenda principalmente livros publicados pela Amazon\u201d.<\/p>\n<p>Dois editores argumentaram em favor da Amazon, apesar de serem de tamanho bem modesto: o irland\u00eas Eoin Purcell, editor da New Island Books, e Jennifer Lee, Publisher da DailyLit\/Plimpton \u2013 uma empresa que trabalhou muito de perto com a Amazon quando foi lan\u00e7ada.<\/p>\n<p>Dos dois, foi Purcell que ofereceu o argumento mais irrefut\u00e1vel, sugerindo que a Amazon era difamada maliciosamente. Declarou que a vantagem competitiva da empresa derivava do advento da Internet, e n\u00e3o de pr\u00e1ticas n\u00e3o-\u00e9ticas de neg\u00f3cios. Sobre o domic\u00edlio fiscal da Amazon em Luxemburgo, situa\u00e7\u00e3o que permite que cobre apenas 3% de imposto sobre as vendas versus taxas muito maiores se estivesse localizada em outro lugar da Comunidade Europeia, Purcell declarou taxativamente que \u201celes tiram vantagem de um furo no sistema de impostos que qualquer editor usaria se pudesse\u201d. E acrescentou que os desafios que os editores enfrentam na economia hoje s\u00e3o decorrentes de sua pr\u00f3pria irresponsabilidade. \u201cTalvez estiv\u00e9ssemos levando as coisas com muita facilidade no \u00faltimo s\u00e9culo e simplesmente tivemos que despertar\u201d, disse ele, acrescentando, \u201cA Amazon \u00e9 apenas o sintoma, n\u00e3o \u00e9 o problema\u201d.<\/p>\n<p>Quando a contagem final dos votos da audi\u00eancia foi anunciada para determinar o vencedor do debate, 59 membros da plateia concordaram que a Amazon era uma influ\u00eancia positiva, enquanto 117 discordaram.<\/p>\n<p>Um participante do debate \u2013 livreiro independente \u2013 notou, sarcasticamente: \u201cA \u00fanica inova\u00e7\u00e3o que percebo que a Amazon trouxe para venda de livros foi na \u00e1rea da contabilidade\u201d.<br \/>\n&#8212;&#8212;&#8212;&#8212;&#8212;&#8212;&#8212;&#8212;&#8212;&#8212;<br \/>\nE voc\u00ea, quer dar sua opini\u00e3o?<\/p>\n","protected":false},"excerpt":{"rendered":"<p>Publicamos o artigo da Publishing Perpectives do dia 17 de abril, sobre debate acontecido na London Book Fair. Roger Tagholm e Edward Nawotka Editores internacionais e livreiros presentes na Feira do Livro de Londres deste ano est\u00e3o vocalizando cada vez mais suas dificuldades em trabalhar com a Amazon.com. Em privado, editores levantaram preocupa\u00e7\u00e3o com as &hellip; <a href=\"http:\/\/oxisdoproblema.com.br\/?p=1677\" onclick=\"return TrackClick('http%3A%2F%2Foxisdoproblema.com.br%2F%3Fp%3D1677','Continue+lendo+Queixas+dos+editores+contra+a+Amazon+se+expandem+%26rarr%3B')\" class=\"more-link\">Continue lendo <span class=\"screen-reader-text\">Queixas dos editores contra a Amazon se expandem<\/span> <span class=\"meta-nav\">&rarr;<\/span><\/a><\/p>\n","protected":false},"author":1,"featured_media":0,"comment_status":"open","ping_status":"open","sticky":false,"template":"","format":"standard","meta":[],"categories":[1],"tags":[103,459,458],"_links":{"self":[{"href":"http:\/\/oxisdoproblema.com.br\/index.php?rest_route=\/wp\/v2\/posts\/1677"}],"collection":[{"href":"http:\/\/oxisdoproblema.com.br\/index.php?rest_route=\/wp\/v2\/posts"}],"about":[{"href":"http:\/\/oxisdoproblema.com.br\/index.php?rest_route=\/wp\/v2\/types\/post"}],"author":[{"embeddable":true,"href":"http:\/\/oxisdoproblema.com.br\/index.php?rest_route=\/wp\/v2\/users\/1"}],"replies":[{"embeddable":true,"href":"http:\/\/oxisdoproblema.com.br\/index.php?rest_route=%2Fwp%2Fv2%2Fcomments&post=1677"}],"version-history":[{"count":2,"href":"http:\/\/oxisdoproblema.com.br\/index.php?rest_route=\/wp\/v2\/posts\/1677\/revisions"}],"predecessor-version":[{"id":1679,"href":"http:\/\/oxisdoproblema.com.br\/index.php?rest_route=\/wp\/v2\/posts\/1677\/revisions\/1679"}],"wp:attachment":[{"href":"http:\/\/oxisdoproblema.com.br\/index.php?rest_route=%2Fwp%2Fv2%2Fmedia&parent=1677"}],"wp:term":[{"taxonomy":"category","embeddable":true,"href":"http:\/\/oxisdoproblema.com.br\/index.php?rest_route=%2Fwp%2Fv2%2Fcategories&post=1677"},{"taxonomy":"post_tag","embeddable":true,"href":"http:\/\/oxisdoproblema.com.br\/index.php?rest_route=%2Fwp%2Fv2%2Ftags&post=1677"}],"curies":[{"name":"wp","href":"https:\/\/api.w.org\/{rel}","templated":true}]}}