{"id":1636,"date":"2013-04-04T15:05:52","date_gmt":"2013-04-04T18:05:52","guid":{"rendered":"http:\/\/oxisdoproblema.com.br\/?p=1636"},"modified":"2013-04-04T15:05:52","modified_gmt":"2013-04-04T18:05:52","slug":"a-intervencao-governamental-pode-salvar-as-livrarias-na-franca-talvez","status":"publish","type":"post","link":"http:\/\/oxisdoproblema.com.br\/?p=1636","title":{"rendered":"A INTERVEN\u00c7\u00c3O GOVERNAMENTAL PODE SALVAR AS LIVRARIAS? NA FRAN\u00c7A, TALVEZ."},"content":{"rendered":"<p><em>Reproduzimos em seguida o artigo publicado Na <strong><a onclick=\"javascript:pageTracker._trackPageview('\/outgoing\/publishingperspectives.com\/2013\/03\/can-government-intervention-save-bookstores-maybe-in-france\/');\"  href=\"http:\/\/publishingperspectives.com\/2013\/03\/can-government-intervention-save-bookstores-maybe-in-france\/\" onclick=\"return TrackClick('http%3A%2F%2Fpublishingperspectives.com%2F2013%2F03%2Fcan-government-intervention-save-bookstores-maybe-in-france%2F','Publishing+Perspectives')\" target=\"_blank\">Publishing Perspectives<\/a><\/strong>\u00a0no dia 28 de mar\u00e7o passado. Talvez possa provocar reflex\u00f5es \u00fateis por aqui.<\/em><\/p>\n<p>Dennis Abrams<\/p>\n<p><img decoding=\"async\" loading=\"lazy\" class=\"alignleft size-full wp-image-1637\" alt=\"LIR\" src=\"http:\/\/oxisdoproblema.com.br\/wp-content\/uploads\/2013\/04\/LIR.jpeg\" width=\"200\" height=\"224\" \/><br \/>\nA Fran\u00e7a possui uma forte rede de 3.500 livrarias independentes. E o governo est\u00e1 fazendo todo o poss\u00edvel para mant\u00ea-las vivas.<\/p>\n<p>Em 2009, o governo implementou o h\u00e1 tempo esperado selo de \u201c<em><a onclick=\"javascript:pageTracker._trackPageview('\/outgoing\/www.centrenationaldulivre.fr\/en\/libraire\/lr_un_label_de_reference\/presentation\/');\"  href=\"http:\/\/www.centrenationaldulivre.fr\/en\/libraire\/lr_un_label_de_reference\/presentation\/\" onclick=\"return TrackClick('http%3A%2F%2Fwww.centrenationaldulivre.fr%2Fen%2Flibraire%2Flr_un_label_de_reference%2Fpresentation%2F','Librairie+Ind%C3%A9pendante+de+R%C3%A9f%C3%A9rence')\" target=\"_blank\">Librairie Ind\u00e9pendante de R\u00e9f\u00e9rence<\/a><\/em>\u201d,\u00a0 um selo que classifica as livrarias tal como um cr\u00edtico poderia qualificar uma garrafa de vinho. Para se qualificar e receber o selo LIR, que \u00e9 v\u00e1lido por tr\u00eas anos, as livrarias devem preencher seis condi\u00e7\u00f5es, entre as quais a que a livraria tenha um papel cultural importante na comunidade, organizando leituras e eventos culturais; que tenha empregados que contribuam para a qualidade do servi\u00e7o e que o propriet\u00e1rio seja o respons\u00e1vel pela compra de estoques; que a loja mantenha uma grande sele\u00e7\u00e3o de livros \u2013 tipicamente pelo menos 6.000 t\u00edtulos, a maioria dos quais deve ter sido editada h\u00e1 pelo menos um ano ou mais.<\/p>\n<p>As livrarias com o selo LIR recebem incentivos fiscais e subs\u00eddios especiais administrados pelo <i>Centre National du Livre<\/i>, inclusive empr\u00e9stimos sem juros para melhorias na loja e<!--more-->recursos para pagar as leituras e eventos. Inicialmente forma reservados \u20ac 500.000 para projetos relacionados com o selo LIR.<\/p>\n<p>Agora a <em><a onclick=\"javascript:pageTracker._trackPageview('\/outgoing\/www.thebookseller.com\/news\/french-plans-helping-bookshops-revealed.html');\"  href=\"http:\/\/www.thebookseller.com\/news\/french-plans-helping-bookshops-revealed.html\" onclick=\"return TrackClick('http%3A%2F%2Fwww.thebookseller.com%2Fnews%2Ffrench-plans-helping-bookshops-revealed.html','Bookseller')\" target=\"_blank\">Bookseller<\/a><\/em>, a revista do mercado editorial ingl\u00eas publicou reportagem informando que Aurelie Filippetti, a Ministra da Cultura francesa, revelou a primeira etapa de um novo plano para \u201cescorar\u201d as livrarias independentes \u2013 isso apesar das informa\u00e7\u00f5es anteriores sobre o gigantesco d\u00e9ficit que a deixaria incapacitada para agir. Ela anunciou que se estabeleceria um fundo de \u20ac 5 milh\u00f5es para empr\u00e9stimos \u00e0s livrarias \u201ccom problemas de fluxo de caixa\u201d, e que o or\u00e7amento da <a onclick=\"javascript:pageTracker._trackPageview('\/outgoing\/www.adelc.fr\/');\"  href=\"http:\/\/www.adelc.fr\/\" onclick=\"return TrackClick('http%3A%2F%2Fwww.adelc.fr%2F','ADELC+%E2%80%93+Association+pour+le+d%C3%A9velopment+de+la+libraririe+de+cr%C3%A9ation')\" target=\"_blank\">ADELC \u2013 Association pour le d\u00e9velopment de la libraririe de cr\u00e9ation<\/a>, a associa\u00e7\u00e3oo que ajuda a subsidiar as livrarias, levantaria \u20ac 4-7 milh\u00f5es para ajudar as lojas quando estas mudassem de propriet\u00e1rio. Al\u00e9m disso, um fundo geral para os livreiros e outras medidas \u201cque precisam de maior reflex\u00e3o\u201d, mas que devem ser anunciadas no final do ver\u00e3o europeu.<\/p>\n<p>O governo, insistiu Filippetti, quer ter certeza que a Fran\u00e7a \u201cjamais sofra o mesmo destino que os Estados Unidos\u201d, com o \u201ccolapso de v\u00e1rias cadeias [livrarias] e as resultantes dificuldades para os editores\u201d.<br \/>\nMathieu de Montchalin, presidente do <em><a onclick=\"javascript:pageTracker._trackPageview('\/outgoing\/www.syndicat-librairie.fr\/fr\/accueil');\"  href=\"http:\/\/www.syndicat-librairie.fr\/fr\/accueil\" onclick=\"return TrackClick('http%3A%2F%2Fwww.syndicat-librairie.fr%2Ffr%2Faccueil','Syndicat+de+la+Librairie+Fran%C3%A7aise+%E2%80%93+SLF')\" target=\"_blank\">Syndicat de la Librairie Fran\u00e7aise \u2013 SLF<\/a><\/em>, ficou satisfeito com os an\u00fancio da Ministra Filippetti. \u201cNos \u00faltimos dez anos, jamais vi uma ministra [da cultura] propor tantas medidas concretas\u201d. Ele ficou especialmente entusiasmado com a decis\u00e3o do minist\u00e9rio de controlar as infring\u00eancias da Lei Lang, que fixou o pre\u00e7o dos livros impressos e da lei de 2011 que instituiu a mesma medida para os e-books. Essa tarefa, declarou De Montchalin, \u201c\u00e9 muito dif\u00edcil para n\u00f3s\u201d, acrescentando que um mediador, que j\u00e1 havia sido considerado pelo governo no decorrer de v\u00e1rios anos, seria \u201cvalioso para resolver os problemas como o da aplica\u00e7\u00e3o da Lei Lang aos livros usados\u201d.<\/p>\n<p>Entretanto talvez n\u00e3o seja surpresa que os editores, pelo menos segundo Herv\u00e9 de la Martini\u00e8re, executivo chefe do grupo La Martini\u00e8re, n\u00e3o acreditem na necessidade desse mediador. \u201cNingu\u00e9m [entre os editores franceses] \u00e9 a favor, mas ningu\u00e9m ousa dizer isso\u201d, declarou ao The Bookseller. \u201cPodemos resolver o problema entre n\u00f3s mesmos\u201d.<\/p>\n<p>Se tanta interven\u00e7\u00e3o pode ou n\u00e3o ajudar as livrarias francesas na luta contra o advers\u00e1rio que s\u00e3o as livrarias online \u00e9 algo para se ver no futuro. Mas certamente n\u00e3o as prejudicar\u00e1.<\/p>\n<p>&#8212;&#8212;&#8212;<\/p>\n<p><strong>Resta saber se o exemplo da ministra de l\u00e1 pode ser seguido pela ministra de c\u00e1&#8230;<\/strong><\/p>\n","protected":false},"excerpt":{"rendered":"<p>Reproduzimos em seguida o artigo publicado Na Publishing Perspectives\u00a0no dia 28 de mar\u00e7o passado. Talvez possa provocar reflex\u00f5es \u00fateis por aqui. Dennis Abrams A Fran\u00e7a possui uma forte rede de 3.500 livrarias independentes. E o governo est\u00e1 fazendo todo o poss\u00edvel para mant\u00ea-las vivas. Em 2009, o governo implementou o h\u00e1 tempo esperado selo de &hellip; <a href=\"http:\/\/oxisdoproblema.com.br\/?p=1636\" onclick=\"return TrackClick('http%3A%2F%2Foxisdoproblema.com.br%2F%3Fp%3D1636','Continue+lendo+A+INTERVEN%C3%87%C3%83O+GOVERNAMENTAL+PODE+SALVAR+AS+LIVRARIAS%3F+NA+FRAN%C3%87A%2C+TALVEZ.+%26rarr%3B')\" class=\"more-link\">Continue lendo <span class=\"screen-reader-text\">A INTERVEN\u00c7\u00c3O GOVERNAMENTAL PODE SALVAR AS LIVRARIAS? NA FRAN\u00c7A, TALVEZ.<\/span> <span class=\"meta-nav\">&rarr;<\/span><\/a><\/p>\n","protected":false},"author":1,"featured_media":0,"comment_status":"open","ping_status":"open","sticky":false,"template":"","format":"standard","meta":[],"categories":[1],"tags":[450,113,451],"_links":{"self":[{"href":"http:\/\/oxisdoproblema.com.br\/index.php?rest_route=\/wp\/v2\/posts\/1636"}],"collection":[{"href":"http:\/\/oxisdoproblema.com.br\/index.php?rest_route=\/wp\/v2\/posts"}],"about":[{"href":"http:\/\/oxisdoproblema.com.br\/index.php?rest_route=\/wp\/v2\/types\/post"}],"author":[{"embeddable":true,"href":"http:\/\/oxisdoproblema.com.br\/index.php?rest_route=\/wp\/v2\/users\/1"}],"replies":[{"embeddable":true,"href":"http:\/\/oxisdoproblema.com.br\/index.php?rest_route=%2Fwp%2Fv2%2Fcomments&post=1636"}],"version-history":[{"count":5,"href":"http:\/\/oxisdoproblema.com.br\/index.php?rest_route=\/wp\/v2\/posts\/1636\/revisions"}],"predecessor-version":[{"id":1642,"href":"http:\/\/oxisdoproblema.com.br\/index.php?rest_route=\/wp\/v2\/posts\/1636\/revisions\/1642"}],"wp:attachment":[{"href":"http:\/\/oxisdoproblema.com.br\/index.php?rest_route=%2Fwp%2Fv2%2Fmedia&parent=1636"}],"wp:term":[{"taxonomy":"category","embeddable":true,"href":"http:\/\/oxisdoproblema.com.br\/index.php?rest_route=%2Fwp%2Fv2%2Fcategories&post=1636"},{"taxonomy":"post_tag","embeddable":true,"href":"http:\/\/oxisdoproblema.com.br\/index.php?rest_route=%2Fwp%2Fv2%2Ftags&post=1636"}],"curies":[{"name":"wp","href":"https:\/\/api.w.org\/{rel}","templated":true}]}}