{"id":1616,"date":"2013-03-22T16:21:27","date_gmt":"2013-03-22T19:21:27","guid":{"rendered":"http:\/\/oxisdoproblema.com.br\/?p=1616"},"modified":"2013-03-22T16:21:27","modified_gmt":"2013-03-22T19:21:27","slug":"marisol-schulz-e-a-nova-diretora-da-fil-guadalajara","status":"publish","type":"post","link":"http:\/\/oxisdoproblema.com.br\/?p=1616","title":{"rendered":"Marisol Schulz \u00e9 a nova diretora da FIL &#8211; GUADALAJARA"},"content":{"rendered":"<p>O pedido de demiss\u00e3o de N\u00fabia Macias da dire\u00e7\u00e3o geral da Feira Internacional do Livro de Guadalajara, gerou expectativas sobre quem a substituiria. A feira anunciou hoje o nome de Marisol Schultz como sus ubstituta.<\/p>\n<p>A FIL-GUADALAJARA se afirmou com uma das feiras de livro mais importantes do mundo, e em particular na Am\u00e9rica Latina, onde \u00e9 a \u00fanica em que negocia\u00e7\u00f5es de direitos autorais chegam a ter um volume ponder\u00e1vel, particularmente para livros em espanhol. A presen\u00e7a do Brasil na FIL-GUADALAJARA ensejou tamb\u00e9m um aumento dos neg\u00f3cios de editoras brasileiras na regi\u00e3o, seja na venda de Direitos Autorais, seja em negocia\u00e7\u00f5es para publica\u00e7\u00e3o de livros para crian\u00e7as e jovens nos programas do governo mexicano de distribui\u00e7\u00e3o de livros para escolas p\u00fablicas.<\/p>\n<p>Abaixo, a transcri\u00e7\u00e3o do comunicado oficial da feira:<\/p>\n<p><em>Guadalajara, Jalisco, a 22 de marzo de 2013<\/p>\n<p>Marisol Schulz ser\u00e1 la directora general de la Feria Internacional del Libro de Guadalajara<br \/>\n\u201cAsumo este reto con plena conciencia de lo que esta responsabilidad significa para toda la cultura en nuestro idioma\u201d, dijo. Tomar\u00e1 posesi\u00f3n de su cargo el pr\u00f3ximo 1 de abril<\/p>\n<p>Marisol Schulz Manault fue nombrada directora general de la Feria Internacional del Libro de Guadalajara por Marco Antonio Cort\u00e9s Guardado, rector general de la Universidad de Guadalajara, a propuesta del Consejo de Administraci\u00f3n de la Feria, que se reuni\u00f3 ayer en Guadalajara. Asumir\u00e1 sus funciones a partir del pr\u00f3ximo 1 de abril.<\/p>\n<p>\u201cMe siento muy honrada por haber sido nombrada directora de la Feria Internacional del Libro de Guadalajara, una instituci\u00f3n de la cultura, de las letras, del mundo del libro a la que he estado ligada de manera muy cercana en sus 26 a\u00f1os de existencia. Reconozco el nivel de calidad al que se ha llevado a FIL en todos los a\u00f1os, pero de manera muy particular la gesti\u00f3n de Nubia Mac\u00edas y su muy eficiente equipo. Nubia merece todo mi respeto, mi admiraci\u00f3n y mi cari\u00f1o\u201d, dijo al referirse a la directora saliente, Nubia Mac\u00edas Navarro, quien anunci\u00f3 su renuncia a este cargo a partir del pr\u00f3ximo 31 de marzo.<\/p>\n<p>Egresada de la UNAM, de la carrera de historia, Schulz es una figura de referencia en el mundo editorial iberoamericano, en donde cuenta con una reconocida trayectoria que abarca 30 a\u00f1os, entre los cuales destaca su gesti\u00f3n en el Grupo Santillana, donde fue editora ejecutiva y posteriormente directora editorial de ediciones generales. En ese mismo grupo fue nombrada directora en M\u00e9xico de los sellos Taurus y Alfaguara, cargo que desarroll\u00f3 durante diez a\u00f1os. Fue editora de autores como Carlos Fuentes, Mario Vargas Llosa, Jos\u00e9 Saramago, Mario Benedetti, Arturo P\u00e9rez-Reverte, entre otros. En 2011 asumi\u00f3 la direcci\u00f3n de L\u00e9aLA, la feria del libro en espa\u00f1ol que la Universidad de Guadalajara cre\u00f3 en la ciudad de Los \u00c1ngeles, (EU), desde donde abraz\u00f3 con entusiasmo la promoci\u00f3n y difusi\u00f3n del libro en espa\u00f1ol, as\u00ed como el fortalecimiento de esta lengua en el territorio estadounidense.<\/p>\n<p>Al hablar sobre su misi\u00f3n en FIL, Marisol Schulz se\u00f1al\u00f3: \u201casumo este reto con la plena conciencia de lo que esa responsabilidad significa no s\u00f3lo para el mundo de las letras sino para toda la cultura en nuestro idioma que ha tenido en FIL Guadalajara un escaparate del vigor de nuestra producci\u00f3n literaria, editorial, art\u00edstica. Es un orgullo para todos los mexicanos, y eso hace que mi compromiso sea a\u00fan mayor\u201d.<br \/>\n<\/em><\/p>\n","protected":false},"excerpt":{"rendered":"<p>O pedido de demiss\u00e3o de N\u00fabia Macias da dire\u00e7\u00e3o geral da Feira Internacional do Livro de Guadalajara, gerou expectativas sobre quem a substituiria. A feira anunciou hoje o nome de Marisol Schultz como sus ubstituta. A FIL-GUADALAJARA se afirmou com uma das feiras de livro mais importantes do mundo, e em particular na Am\u00e9rica Latina, &hellip; <a href=\"http:\/\/oxisdoproblema.com.br\/?p=1616\" onclick=\"return TrackClick('http%3A%2F%2Foxisdoproblema.com.br%2F%3Fp%3D1616','Continue+lendo+Marisol+Schulz+%C3%A9+a+nova+diretora+da+FIL+%26%238211%3B+GUADALAJARA+%26rarr%3B')\" class=\"more-link\">Continue lendo <span class=\"screen-reader-text\">Marisol Schulz \u00e9 a nova diretora da FIL &#8211; GUADALAJARA<\/span> <span class=\"meta-nav\">&rarr;<\/span><\/a><\/p>\n","protected":false},"author":1,"featured_media":0,"comment_status":"open","ping_status":"open","sticky":false,"template":"","format":"standard","meta":[],"categories":[1],"tags":[426],"_links":{"self":[{"href":"http:\/\/oxisdoproblema.com.br\/index.php?rest_route=\/wp\/v2\/posts\/1616"}],"collection":[{"href":"http:\/\/oxisdoproblema.com.br\/index.php?rest_route=\/wp\/v2\/posts"}],"about":[{"href":"http:\/\/oxisdoproblema.com.br\/index.php?rest_route=\/wp\/v2\/types\/post"}],"author":[{"embeddable":true,"href":"http:\/\/oxisdoproblema.com.br\/index.php?rest_route=\/wp\/v2\/users\/1"}],"replies":[{"embeddable":true,"href":"http:\/\/oxisdoproblema.com.br\/index.php?rest_route=%2Fwp%2Fv2%2Fcomments&post=1616"}],"version-history":[{"count":2,"href":"http:\/\/oxisdoproblema.com.br\/index.php?rest_route=\/wp\/v2\/posts\/1616\/revisions"}],"predecessor-version":[{"id":1618,"href":"http:\/\/oxisdoproblema.com.br\/index.php?rest_route=\/wp\/v2\/posts\/1616\/revisions\/1618"}],"wp:attachment":[{"href":"http:\/\/oxisdoproblema.com.br\/index.php?rest_route=%2Fwp%2Fv2%2Fmedia&parent=1616"}],"wp:term":[{"taxonomy":"category","embeddable":true,"href":"http:\/\/oxisdoproblema.com.br\/index.php?rest_route=%2Fwp%2Fv2%2Fcategories&post=1616"},{"taxonomy":"post_tag","embeddable":true,"href":"http:\/\/oxisdoproblema.com.br\/index.php?rest_route=%2Fwp%2Fv2%2Ftags&post=1616"}],"curies":[{"name":"wp","href":"https:\/\/api.w.org\/{rel}","templated":true}]}}