{"id":1475,"date":"2012-11-27T11:54:32","date_gmt":"2012-11-27T14:54:32","guid":{"rendered":"http:\/\/oxisdoproblema.com.br\/?p=1475"},"modified":"2012-11-27T11:54:32","modified_gmt":"2012-11-27T14:54:32","slug":"a-feira-de-guadalajara","status":"publish","type":"post","link":"http:\/\/oxisdoproblema.com.br\/?p=1475","title":{"rendered":"A Feira de Guadalajara"},"content":{"rendered":"<p>Depois de uma cansativa viagem de vinte e oito horas, que incluiu uma decolagem abortada em um avi\u00e3o da Embraer, cheguei a Guadalajara para participar de uma mesa no evento &#8220;La Otra Mirada&#8221;, no f\u00f3rum Internacional de Editoras. O tema foi o desafio digital: seria poss\u00edvel criar uma rede de distribui\u00e7\u00e3o de conte\u00fados digitais fora das &#8220;redes dominantes&#8221; e das grandes corpora\u00e7\u00f5es?<\/p>\n<p>Eu estava na companhia de Javier Sep\u00falveda, da Ebooks Patag\u00f4nia, Blanca Rosa Roca, da Roca Editorial e da Barcelona Ebooks, e de Buenaventura Porcel, do grupo Trevenque, mediados pelo colega colunista do PublishNews, Oct\u00e1vio Kulesz.<\/p>\n<p>A conclus\u00e3o geral foi a de que sim, \u00e9 poss\u00edvel, mas com muitas dificuldades. <\/p>\n<p>Gostei muito da apresenta\u00e7\u00e3o de Blanca Rosa Roca, que p\u00f5e a m\u00e3o na massa e procura distribuir por todos os canais poss\u00edveis, incluindo tamb\u00e9m as grandes corpora\u00e7\u00f5es. Seus livros est\u00e3o na Amazon, Apple e s\u00e3o distribu\u00eddos no M\u00e9xico pela Random House Mondadori (a mesma que se associou recentemente \u00e0 Penguin e que, portanto, passa a ser s\u00f3cia da Cia. das Letras).<\/p>\n<p>Na minha perspectiva, acredito que as livrarias poder\u00e3o sobreviver no meio digital, se:<\/p>\n<p>a) Junto, os editores levarem a s\u00e9rio as quest\u00f5es dos metadados. Ser descoberto \u00e9 o maior desafio do mundo digital, para editores e livreiros, e nisso eles ser\u00e3o parceiros ou c\u00famplices. Como j\u00e1 comentei v\u00e1rias vezes, a situa\u00e7\u00e3o no Brasil no que diz respeito a isso \u00e9 simplesmente catastr\u00f3fica. Se editores e livreiros nacionais n\u00e3o se derem conta disso e come\u00e7arem a levar o assunto a s\u00e9rio, a Amazon &#8211; e a Kobo &#8211; v\u00e3o for\u00e7\u00e1-los a isso, e para sua vantagem, n\u00e3o das pequenas livrarias ou das editoras.<\/p>\n<p>b) Quanto \u00e0s livrarias, acredito ser imprescind\u00edvel que organizem uma plataforma de vendas comum, nem que seja com um dos e-readers j\u00e1 existentes, como a ABA fez com a Kobo. Mas, sobretudo, \u00e9 fundamental que criem um &#8220;ecossistema&#8221; onde os clientes\/leitores possam navegar com a mesma fluidez como navegam na Amazon. Ou seja, precisam aprender a ser interdependentes para manter sua independ\u00eancia. <\/p>\n<p>As condi\u00e7\u00f5es para que isso aconte\u00e7a n\u00e3o s\u00e3o imposs\u00edveis, mas certamente muito dif\u00edceis. As livrarias n\u00e3o conseguem se organizar para melhorar sua log\u00edstica em comum, t\u00eam serias defici\u00eancias de gest\u00e3o, seus sistemas de inform\u00e1tica n\u00e3o facilitam a busca de livros &#8211; j\u00e1 comentei sobre isso e n\u00e3o o farei novamente aqui &#8211; e enfrentam, no caso do Brasil, as facilidades abusivas que as editoras concedem \u00e0s cadeias nas condi\u00e7\u00f5es de venda dos best-sellers em descontos, por exemplo.<\/p>\n<p>Mas o campo das possibilidades est\u00e1 em aberto.<\/p>\n<p>A Feira de Guadalajara \u00e9 um caso \u00e0 parte. Conseguiu se colocar (bem abaixo de Frankfurt, evidentemente), como polo de negocia\u00e7\u00f5es de direitos, tal como Bolonha e Londres.<\/p>\n<p>Com \u00e9 controlada pela Universidad de Guadalajara, os eventos de ordem acad\u00eamica e profissional s\u00e3o muito intensos e significativos. Um detalhe importante: os hor\u00e1rios de visitas para o p\u00fablico em geral e para os profissionais s\u00e3o diferenciados, o que permite a estes efetivamente encarar a feira como participantes de uma comunidade de neg\u00f3cios e n\u00e3o apenas como administradores dos estandes. Desse modo, a presen\u00e7a dos diretores das empresas \u00e9 muito mais significativa que nas nossas Bienais, por exemplo.<\/p>\n<p>As atividades para crian\u00e7as e escolares se desenvolvem principalmente em um pavilh\u00e3o separado, o que diminui muito a balb\u00fardia da molecada circulando entre os estandes. Devo dizer, entretanto, que como estou aqui nos dias profissionais, talvez essa minha percep\u00e7\u00e3o possa ser equivocada.<\/p>\n<p>Outro grande achado de Guadalajara foi a de convidar e pagar passagens e hospedagens para bibliotec\u00e1rios americanos, que para c\u00e1 v\u00eam com recursos para aquisi\u00e7\u00e3o de acervos. Infelizmente a crise por l\u00e1 fez diminuir muito essa fonte de recursos, mas a iniciativa continua, inclusive com encontros profissionais para bibliotec\u00e1rios.<br \/>\nEnfim, Guadalajara pode proporcionar v\u00e1rios exemplos de alternativas para a organiza\u00e7\u00e3o das nossas duas grandes e pol\u00eamicas Bienais do livro, a do Rio e a de S\u00e3o Paulo. Resta saber se os respons\u00e1veis pela organiza\u00e7\u00e3o delas est\u00e3o atentos e dispostos a aprender e melhorar.<\/p>\n<p>Isso, por\u00e9m, tal como a sobreviv\u00eancia das livrarias no meio digital, s\u00f3 o tempo dir\u00e1.<\/p>\n","protected":false},"excerpt":{"rendered":"<p>Depois de uma cansativa viagem de vinte e oito horas, que incluiu uma decolagem abortada em um avi\u00e3o da Embraer, cheguei a Guadalajara para participar de uma mesa no evento &#8220;La Otra Mirada&#8221;, no f\u00f3rum Internacional de Editoras. O tema foi o desafio digital: seria poss\u00edvel criar uma rede de distribui\u00e7\u00e3o de conte\u00fados digitais fora &hellip; <a href=\"http:\/\/oxisdoproblema.com.br\/?p=1475\" onclick=\"return TrackClick('http%3A%2F%2Foxisdoproblema.com.br%2F%3Fp%3D1475','Continue+lendo+A+Feira+de+Guadalajara+%26rarr%3B')\" class=\"more-link\">Continue lendo <span class=\"screen-reader-text\">A Feira de Guadalajara<\/span> <span class=\"meta-nav\">&rarr;<\/span><\/a><\/p>\n","protected":false},"author":1,"featured_media":0,"comment_status":"open","ping_status":"open","sticky":false,"template":"","format":"standard","meta":[],"categories":[178],"tags":[423],"_links":{"self":[{"href":"http:\/\/oxisdoproblema.com.br\/index.php?rest_route=\/wp\/v2\/posts\/1475"}],"collection":[{"href":"http:\/\/oxisdoproblema.com.br\/index.php?rest_route=\/wp\/v2\/posts"}],"about":[{"href":"http:\/\/oxisdoproblema.com.br\/index.php?rest_route=\/wp\/v2\/types\/post"}],"author":[{"embeddable":true,"href":"http:\/\/oxisdoproblema.com.br\/index.php?rest_route=\/wp\/v2\/users\/1"}],"replies":[{"embeddable":true,"href":"http:\/\/oxisdoproblema.com.br\/index.php?rest_route=%2Fwp%2Fv2%2Fcomments&post=1475"}],"version-history":[{"count":2,"href":"http:\/\/oxisdoproblema.com.br\/index.php?rest_route=\/wp\/v2\/posts\/1475\/revisions"}],"predecessor-version":[{"id":1477,"href":"http:\/\/oxisdoproblema.com.br\/index.php?rest_route=\/wp\/v2\/posts\/1475\/revisions\/1477"}],"wp:attachment":[{"href":"http:\/\/oxisdoproblema.com.br\/index.php?rest_route=%2Fwp%2Fv2%2Fmedia&parent=1475"}],"wp:term":[{"taxonomy":"category","embeddable":true,"href":"http:\/\/oxisdoproblema.com.br\/index.php?rest_route=%2Fwp%2Fv2%2Fcategories&post=1475"},{"taxonomy":"post_tag","embeddable":true,"href":"http:\/\/oxisdoproblema.com.br\/index.php?rest_route=%2Fwp%2Fv2%2Ftags&post=1475"}],"curies":[{"name":"wp","href":"https:\/\/api.w.org\/{rel}","templated":true}]}}