{"id":1459,"date":"2012-11-20T11:57:23","date_gmt":"2012-11-20T14:57:23","guid":{"rendered":"http:\/\/oxisdoproblema.com.br\/?p=1459"},"modified":"2012-11-20T11:57:23","modified_gmt":"2012-11-20T14:57:23","slug":"conexoes-itau-cultural-cinco-anos-de-garimpo-da-nossa-literatura-no-exterior","status":"publish","type":"post","link":"http:\/\/oxisdoproblema.com.br\/?p=1459","title":{"rendered":"Conex\u00f5es Ita\u00fa Cultural \u2013 Cinco anos de garimpo da nossa literatura no exterior"},"content":{"rendered":"<p>Come\u00e7a hoje na sede do Ita\u00fa Cultural (Av. Paulista, 149), o V Encontro Conex\u00f5es Ita\u00fa Cultural \u2013 Mapeamento Internacional da Literatura Brasileira. Veja <a onclick=\"javascript:pageTracker._trackPageview('\/outgoing\/www.itaucultural.org.br\/index.cfm?cd_pagina=2841&#038;cd_materia=2063');\"  href=\"http:\/\/www.itaucultural.org.br\/index.cfm?cd_pagina=2841&#038;cd_materia=2063\" onclick=\"return TrackClick('http%3A%2F%2Fwww.itaucultural.org.br%2Findex.cfm%3Fcd_pagina%3D2841%26cd_materia%3D2063','aqui')\" target=\"_blank\">aqui<\/a> a programa\u00e7\u00e3o completa.<\/p>\n<p> O Conex\u00f5es Ita\u00fa Cultural nasceu de uma pergunta simples: quem s\u00e3o as pessoas envolvidas com a literatura brasileira no exterior? Onde est\u00e3o, o que fazem, onde trabalham? A pergunta foi feita por Claudiney Ferreira, respons\u00e1vel pela \u00e1rea de literatura \u2013 e muito mais \u2013 do Ita\u00fa Cultural, ao prof. Jo\u00e3o Cezar de Castro Rocha, que havia comentado o aumento do n\u00famero de professores e pesquisadores de literatura brasileira no exterior.<\/p>\n<p>Mas a pergunta do Claudiney n\u00e3o nasceu de uma curiosidade s\u00fabita. H\u00e1 anos ele trabalhava sobre o assunto, ainda que de forma indireta. Um dos marcos da difus\u00e3o da nossa literatura foi o programa de r\u00e1dio \u201cCertas Palavras\u201d, que ele e Jorge Vasconcellos produziram por muitos anos em v\u00e1rias emissoras de r\u00e1dio. Claudiney e Jorge entrevistaram centenas de escritores, de todos os g\u00eaneros. Algumas dessas entrevistas foram furos sobre atividades e novidades de autores que foram se firmando no cen\u00e1rio do livro e da leitura em nosso pa\u00eds. Uma parte dessas entrevistas \u00e9 reproduzida no livro Certas Palavras, organizado pelos dois e editado pela Esta\u00e7\u00e3o Liberdade em 1990, hoje s\u00f3 dispon\u00edvel em sebos.<\/p>\n<p>Em 1994 o programa foi transmitido direto de Frankfurt, do estande das editoras brasileiras, quando o Brasil participava como Pa\u00eds Tema daquela feira pela primeira vez (haver\u00e1 algum programa transmitido com entrevistas ano que vem?).<br \/>\n<!--more--><br \/>\nA participa\u00e7\u00e3o na Feira de Frankfurt em 1994 e o acompanhamento dos resultados dessa a\u00e7\u00e3o j\u00e1 chamavam a aten\u00e7\u00e3o do Claudiney para o alcance internacional da presen\u00e7a de nossa literatura.<\/p>\n<p>Quando passou a trabalhar no Ita\u00fa Cultural, Claudiney desenvolveu v\u00e1rias atividades relacionadas \u00e0 literatura, que continuam e se tornam refer\u00eancia na documenta\u00e7\u00e3o de quem s\u00e3o, o que fazem, como pensam nossos escritores. Programas como \u201cJogo de Ideias\u201d, \u201cEncontros de Interroga\u00e7\u00e3o\u201d e v\u00e1rias atividades dentro do Rumos Ita\u00fa Cultural \u2013 Rumos Literatura, Rumos Cr\u00edtica Liter\u00e1ria, Rumos Jornalismo Cultural \u2013 mostram um trabalho continuado e consistente de difus\u00e3o dos nossos autores e da nossa literatura.<br \/>\nPode-se ver, ent\u00e3o, que a pergunta feita pelo Claudiney Ferreira j\u00e1 era fruto de uma extensa milit\u00e2ncia no assunto.<\/p>\n<p>Tenho imensa satisfa\u00e7\u00e3o de ter trabalhado em v\u00e1rias dessas iniciativas, e particularmente de ser um dos curadores do Conex\u00f5es Ita\u00fa Cultural, juntamente com o prof. Jo\u00e3o Cezar de Castro Rocha.<br \/>\n<a href=\"http:\/\/oxisdoproblema.com.br\/?attachment_id=1460\" onclick=\"return TrackClick('http%3A%2F%2Foxisdoproblema.com.br%2F%3Fattachment_id%3D1460','Capturar')\" rel=\"attachment wp-att-1460\"><img decoding=\"async\" loading=\"lazy\" src=\"http:\/\/oxisdoproblema.com.br\/wp-content\/uploads\/2012\/11\/Capturar1-300x211.png\" alt=\"\" title=\"Capturar\" width=\"300\" height=\"211\" class=\"alignleft size-medium wp-image-1460\" srcset=\"http:\/\/oxisdoproblema.com.br\/wp-content\/uploads\/2012\/11\/Capturar1-300x211.png 300w, http:\/\/oxisdoproblema.com.br\/wp-content\/uploads\/2012\/11\/Capturar1.png 970w\" sizes=\"(max-width: 300px) 100vw, 300px\" \/><\/a><br \/>\nAs informa\u00e7\u00f5es mais completas sobre o Conex\u00f5es Ita\u00fa Cultural \u2013 Mapeamento Internacional da Literatura Brasileira podem ser conseguidas no <a onclick=\"javascript:pageTracker._trackPageview('\/outgoing\/www.conexoesitaucultural.org.br');\"  href=\"http:\/\/www.conexoesitaucultural.org.br\" onclick=\"return TrackClick('http%3A%2F%2Fwww.conexoesitaucultural.org.br','blog')\" target=\"_blank\">blog<\/a> do programa, inclusive informa\u00e7\u00f5es estat\u00edsticas levantadas a partir do mapeamento sobre diferentes quest\u00f5es que envolvem a difus\u00e3o da nossa literatura no exterior. Basta salientar aqui que os mapeados s\u00e3o professores, pesquisadores e tradutores. \u00c0 exce\u00e7\u00e3o dos tradutores, que podem morar no Brasil, os demais mapeados necessariamente vivem e trabalho no exterior. Podem ser de qualquer nacionalidade, inclusive brasileiros, desde que estejam h\u00e1 pelo menos cinco anos trabalhando o tema.<\/p>\n<p>O Conex\u00f5es Ita\u00fa Cultural j\u00e1 tem quase duzentos e cinquenta mapeados, de um universo que estimamos em pelo menos 1.000 pessoas espalhadas pelo mundo inteiro. A participa\u00e7\u00e3o no projeto se faz atrav\u00e9s do preenchimento de um question\u00e1rio online, que \u00e9 tabulado e depositado em sua \u00edntegra nos arquivos do programa.<\/p>\n<p>\u00c9 importante destacar dois aspectos. O primeiro \u00e9 a dificuldade geral de conseguir que os question\u00e1rios sejam preenchidos. Localizar os e-mails ou outras formas de contato das pessoas que comp\u00f5em esse universo \u00e9, por si s\u00f3, um exemplo da import\u00e2ncia do mapeamento. Em alguns casos, principalmente nas grandes universidades, professores e pesquisadores de certa forma se conhecem, atrav\u00e9s de encontros, congressos, revistas cient\u00edficas, etc. Os tradutores, entretanto, trabalham de modo muito mais isolado, e \u00e9 dif\u00edcil conseguir o acesso a todos. E, conseguido o acesso, convenc\u00ea-los a preencher o question\u00e1rio.<\/p>\n<p>A chave \u00e9 mostrar que os pr\u00f3prios dados do question\u00e1rio permitem fazer perguntas relevantes para o estudo da literatura brasileira. As transforma\u00e7\u00f5es nas caracter\u00edsticas dos brasilianistas voltados para o estudo da literatura, com a crescente interpola\u00e7\u00e3o de \u00e1reas de interesse (cinema, m\u00fasica, estudos de g\u00eanero, hist\u00f3ria e outros ramos das ci\u00eancias sociais), demonstram que a literatura \u00e9, efetivamente, uma porta de entrada para um conhecimento muito diversificado e abrangente da nossa cultura. E a percep\u00e7\u00e3o que os outros t\u00eam de n\u00f3s mesmos nos ajuda a que compreendamos melhor quem somos, o que fazemos e para onde vamos.<\/p>\n<p>As \u00e1reas de interesse s\u00e3o muito variadas. Os mapeados apontaram oitenta e seis temas. Estes incluem, certamente, todas as \u00e1reas relacionadas com a literatura, seus g\u00eaneros e abordagens. Mas o interessante \u00e9 ver como as \u00e1reas se misturam. Com os dados do Mapeamento Ita\u00fa Cultural podemos saber, hoje, por exemplo, quais os pesquisadores que se interessam por literatura contempor\u00e2nea e cinema, por exemplo e para citar uma das interliga\u00e7\u00f5es mais frequentes. E assim por diante.<\/p>\n<p>A segunda chave \u00e9 a busca de estabelecer mecanismos para que haja uma intera\u00e7\u00e3o maior entre os mapeados. A pr\u00f3xima vers\u00e3o do programa de inform\u00e1tica &#8211; que \u00e9 a coluna dorsal do Mapeamento &#8211; estar\u00e1 \u201cna nuvem\u201d, cada mapeado poder\u00e1 fazer ele mesmo as atualiza\u00e7\u00f5es nos seus dados e haver\u00e1 uma \u201crede social\u201d, tipo Facebook, exclusiva para os participantes do projeto.<\/p>\n<p>Uma das preocupa\u00e7\u00f5es da curadoria, desde o in\u00edcio, foi a de que os dados colhidos nos question\u00e1rios n\u00e3o se perdessem em sua integridade. Al\u00e9m dos dados computados, a grande riqueza da mina do mapeamento \u00e9 a possibilidade de examinar cada uma das respostas de cada um e todos os participantes. Esse question\u00e1rio passou por um profundo processo de evolu\u00e7\u00e3o. Inicialmente era enviado atrav\u00e9s de um arquivo Word, preenchido e respondido por cada um. Depois, passamos a recolher as respostas atrav\u00e9s de um programa online. Nesses dois casos, entretanto, os dados precisavam ser transcritos para o Banco de Dados. Na vers\u00e3o que estar\u00e1 no ar nos pr\u00f3ximos meses as respostas j\u00e1 ser\u00e3o inclu\u00eddas diretamente no Banco de Dados, dependendo simplesmente da valida\u00e7\u00e3o feita por um dos curadores ou assistentes. E nenhuma pergunta foi perdida: os dados se acrescentam, diversificam e sofisticam, mas nada \u00e9 descartado.<\/p>\n<p>O processo de constru\u00e7\u00e3o desse programa de inform\u00e1tica tem alguns fatos que merecem ser mencionados. A responsabilidade pela elabora\u00e7\u00e3o do programa \u00e9 da equipe de TI do Banco Ita\u00fa. Foi impressionante a receptividade que o projeto recebeu, a presteza das respostas, a preocupa\u00e7\u00e3o com o aprimoramento que os t\u00e9cnicos designados tiveram e t\u00eam para com o Conex\u00f5es.<\/p>\n<p>Outro aspecto importante a ser destacado \u00e9 a continuidade. O Conex\u00f5es Ita\u00fa Cultural j\u00e1 completa cinco anos de exist\u00eancia. H\u00e1 um investimento continuado do Instituto Ita\u00fa Cultural no projeto, com recursos pr\u00f3prios e incentivados. Mas o importante \u00e9 que, com suas caracter\u00edsticas de pol\u00edtica p\u00fablica, o Conex\u00f5es Ita\u00fa Cultural tem uma perspectiva de continuidade. N\u00e3o depende de mudan\u00e7a de governos ou ministros. Pelo contr\u00e1rio, proporciona meios para que as formula\u00e7\u00f5es de pol\u00edticas p\u00fablicas para a \u00e1rea se fundamentarem em dados, uma assessoria continuada e gratuita de centenas de pesquisadores que participam do projeto.<\/p>\n<p>Os efeitos pr\u00e1ticos disso v\u00e3o aparecendo. Os programas de apoio \u00e0 tradu\u00e7\u00e3o e apoio aos tradutores que a Funda\u00e7\u00e3o Biblioteca Nacional v\u00eam desenvolvendo, t\u00eam um forte respaldo nos dados do Conex\u00f5es Ita\u00fa Cultural. As demandas feitas pelos mapeados s\u00e3o transmitidas e absorvidas pela BN e pelo Minist\u00e9rio da Cultura, ao ritmo das restri\u00e7\u00f5es or\u00e7ament\u00e1rias e dos condicionamentos burocr\u00e1ticos, mas s\u00e3o absorvidos.<\/p>\n<p><a href=\"http:\/\/oxisdoproblema.com.br\/?attachment_id=1464\" onclick=\"return TrackClick('http%3A%2F%2Foxisdoproblema.com.br%2F%3Fattachment_id%3D1464','Capturar2')\" rel=\"attachment wp-att-1464\"><img decoding=\"async\" loading=\"lazy\" src=\"http:\/\/oxisdoproblema.com.br\/wp-content\/uploads\/2012\/11\/Capturar21-300x194.png\" alt=\"\" title=\"Capturar2\" width=\"300\" height=\"194\" class=\"alignleft size-medium wp-image-1464\" srcset=\"http:\/\/oxisdoproblema.com.br\/wp-content\/uploads\/2012\/11\/Capturar21-300x194.png 300w, http:\/\/oxisdoproblema.com.br\/wp-content\/uploads\/2012\/11\/Capturar21.png 991w\" sizes=\"(max-width: 300px) 100vw, 300px\" \/><\/a><br \/>\nUm \u00faltimo exemplo dessa coopera\u00e7\u00e3o nascida no Conex\u00f5es Ita\u00fa Cultural \u2013 Mapeamento Internacional da Literatura Brasileira \u00e9 o apoio do IC \u00e0 publica\u00e7\u00e3o da <a onclick=\"javascript:pageTracker._trackPageview('\/outgoing\/www.machadodeassismagazine.bn.br\/');\"  href=\"http:\/\/www.machadodeassismagazine.bn.br\/\" onclick=\"return TrackClick('http%3A%2F%2Fwww.machadodeassismagazine.bn.br%2F','Machado+de+Assis+Magazine+%E2%80%93+Literatura+Brasileira+em+Tradu%C3%A7%C3%A3o')\" target=\"_blank\">Machado de Assis Magazine \u2013 Literatura Brasileira em Tradu\u00e7\u00e3o<\/a>. A revista, uma coedi\u00e7\u00e3o entre a Funda\u00e7\u00e3o Biblioteca Nacional e o Instituto Ita\u00fa Cultural, com o apoio do Itamaraty e da Imprensa Oficial do Estado de S\u00e3o Paulo, permite a agentes liter\u00e1rios e editores terem acesso a excertos de tradu\u00e7\u00f5es, em ingl\u00eas, espanhol e mesmo em alem\u00e3o, de autores brasileiros. Informa\u00e7\u00f5es que s\u00e3o complementadas pelos dados da <a onclick=\"javascript:pageTracker._trackPageview('\/outgoing\/www.itaucultural.org.br\/aplicexternas\/enciclopedia_lit\/index.cfm');\"  href=\"http:\/\/www.itaucultural.org.br\/aplicexternas\/enciclopedia_lit\/index.cfm\" onclick=\"return TrackClick('http%3A%2F%2Fwww.itaucultural.org.br%2Faplicexternas%2Fenciclopedia_lit%2Findex.cfm','Enciclop%C3%A9dia+Virtual+da+Literatura+Brasileira')\" target=\"_blank\">Enciclop\u00e9dia Virtual da Literatura Brasileira <\/a> com verbetes sobre os autores presentes em cada n\u00famero da Machado de Assis Magazine, inclusive bibliografia e aprecia\u00e7\u00e3o da cr\u00edtica, j\u00e1 traduzidos para o ingl\u00eas e espanhol. Essa \u00e9 uma ferramenta da maior import\u00e2ncia para que haja mais autores brasileiros publicados no exterior, possibilitando que os eventuais interessados conhe\u00e7am os autores em idiomas de difus\u00e3o internacional, particularmente em ingl\u00eas, para que possam tomar a decis\u00e3o de public\u00e1-los. Al\u00e9m da revista, que ter\u00e1 edi\u00e7\u00f5es online trimestrais e duas edi\u00e7\u00f5es tamb\u00e9m impressas, o seu <a onclick=\"javascript:pageTracker._trackPageview('\/outgoing\/www.machadodeassismagazine.com.br\/blog\/');\"  href=\"http:\/\/www.machadodeassismagazine.com.br\/blog\/\" onclick=\"return TrackClick('http%3A%2F%2Fwww.machadodeassismagazine.com.br%2Fblog%2F','blog')\" target=\"_blank\">blog<\/a> permite um acompanhamento atualizado dos programas de tradu\u00e7\u00e3o.<br \/>\n<a href=\"http:\/\/oxisdoproblema.com.br\/?attachment_id=1466\" onclick=\"return TrackClick('http%3A%2F%2Foxisdoproblema.com.br%2F%3Fattachment_id%3D1466','Capturar3')\" rel=\"attachment wp-att-1466\"><img decoding=\"async\" loading=\"lazy\" src=\"http:\/\/oxisdoproblema.com.br\/wp-content\/uploads\/2012\/11\/Capturar3-300x165.png\" alt=\"\" title=\"Capturar3\" width=\"300\" height=\"165\" class=\"alignleft size-medium wp-image-1466\" srcset=\"http:\/\/oxisdoproblema.com.br\/wp-content\/uploads\/2012\/11\/Capturar3-300x165.png 300w, http:\/\/oxisdoproblema.com.br\/wp-content\/uploads\/2012\/11\/Capturar3.png 955w\" sizes=\"(max-width: 300px) 100vw, 300px\" \/><\/a><br \/>\nOs Encontros Internacionais do Conex\u00f5es Ita\u00fa Cultural, cuja quinta edi\u00e7\u00e3o acontece esta semana, s\u00e3o oportunidade para uma troca de ideias entre pesquisadores internacionais, tradutores, gestores de pol\u00edticas p\u00fablicas. Os Encontros s\u00e3o feitos tanto no Brasil como no exterior (j\u00e1 aconteceram em Madison, nos EUA, e em Santiago de Compostela, na Galiza, Espanha). <\/p>\n<p>Quem n\u00e3o puder assistir pessoalmente poder\u00e1 acompanhar o V Encontro Conex\u00f5es Ita\u00fa Cultural pela Internet, com o link aberto no site do IC, assim como as mesas redondas e debates de mais uma vers\u00e3o dos Encontros de Interroga\u00e7\u00e3o, que acontece tamb\u00e9m na sede do IC, entre os dias 21 e 23.<\/p>\n<p>E todos podem tamb\u00e9m entrar em contato com quase duzentos v\u00eddeos de depoimentos, entrevistas, participa\u00e7\u00f5es em mesas redondas e nos outros programas do Ita\u00fa Cultural. O link est\u00e1 <a onclick=\"javascript:pageTracker._trackPageview('\/outgoing\/conexoesitaucultural.org.br\/category\/audiovisual-2\/');\"  href=\"http:\/\/conexoesitaucultural.org.br\/category\/audiovisual-2\/\" onclick=\"return TrackClick('http%3A%2F%2Fconexoesitaucultural.org.br%2Fcategory%2Faudiovisual-2%2F','aqui')\" target=\"_blank\">aqui<\/a>.  <\/p>\n","protected":false},"excerpt":{"rendered":"<p>Come\u00e7a hoje na sede do Ita\u00fa Cultural (Av. Paulista, 149), o V Encontro Conex\u00f5es Ita\u00fa Cultural \u2013 Mapeamento Internacional da Literatura Brasileira. Veja aqui a programa\u00e7\u00e3o completa. O Conex\u00f5es Ita\u00fa Cultural nasceu de uma pergunta simples: quem s\u00e3o as pessoas envolvidas com a literatura brasileira no exterior? Onde est\u00e3o, o que fazem, onde trabalham? A &hellip; <a href=\"http:\/\/oxisdoproblema.com.br\/?p=1459\" onclick=\"return TrackClick('http%3A%2F%2Foxisdoproblema.com.br%2F%3Fp%3D1459','Continue+lendo+Conex%C3%B5es+Ita%C3%BA+Cultural+%E2%80%93+Cinco+anos+de+garimpo+da+nossa+literatura+no+exterior+%26rarr%3B')\" class=\"more-link\">Continue lendo <span class=\"screen-reader-text\">Conex\u00f5es Ita\u00fa Cultural \u2013 Cinco anos de garimpo da nossa literatura no exterior<\/span> <span class=\"meta-nav\">&rarr;<\/span><\/a><\/p>\n","protected":false},"author":1,"featured_media":0,"comment_status":"open","ping_status":"open","sticky":false,"template":"","format":"standard","meta":[],"categories":[1],"tags":[37,126,405],"_links":{"self":[{"href":"http:\/\/oxisdoproblema.com.br\/index.php?rest_route=\/wp\/v2\/posts\/1459"}],"collection":[{"href":"http:\/\/oxisdoproblema.com.br\/index.php?rest_route=\/wp\/v2\/posts"}],"about":[{"href":"http:\/\/oxisdoproblema.com.br\/index.php?rest_route=\/wp\/v2\/types\/post"}],"author":[{"embeddable":true,"href":"http:\/\/oxisdoproblema.com.br\/index.php?rest_route=\/wp\/v2\/users\/1"}],"replies":[{"embeddable":true,"href":"http:\/\/oxisdoproblema.com.br\/index.php?rest_route=%2Fwp%2Fv2%2Fcomments&post=1459"}],"version-history":[{"count":6,"href":"http:\/\/oxisdoproblema.com.br\/index.php?rest_route=\/wp\/v2\/posts\/1459\/revisions"}],"predecessor-version":[{"id":1469,"href":"http:\/\/oxisdoproblema.com.br\/index.php?rest_route=\/wp\/v2\/posts\/1459\/revisions\/1469"}],"wp:attachment":[{"href":"http:\/\/oxisdoproblema.com.br\/index.php?rest_route=%2Fwp%2Fv2%2Fmedia&parent=1459"}],"wp:term":[{"taxonomy":"category","embeddable":true,"href":"http:\/\/oxisdoproblema.com.br\/index.php?rest_route=%2Fwp%2Fv2%2Fcategories&post=1459"},{"taxonomy":"post_tag","embeddable":true,"href":"http:\/\/oxisdoproblema.com.br\/index.php?rest_route=%2Fwp%2Fv2%2Ftags&post=1459"}],"curies":[{"name":"wp","href":"https:\/\/api.w.org\/{rel}","templated":true}]}}