{"id":1410,"date":"2012-10-16T11:56:01","date_gmt":"2012-10-16T14:56:01","guid":{"rendered":"http:\/\/oxisdoproblema.com.br\/?p=1410"},"modified":"2012-10-16T11:56:01","modified_gmt":"2012-10-16T14:56:01","slug":"frankfurt-2012-pre-estreia-de-2013","status":"publish","type":"post","link":"http:\/\/oxisdoproblema.com.br\/?p=1410","title":{"rendered":"FRANKFURT 2012 \u2013 PR\u00c9-ESTREIA DE 2013?"},"content":{"rendered":"<p><a href=\"http:\/\/oxisdoproblema.com.br\/?attachment_id=1411\" onclick=\"return TrackClick('http%3A%2F%2Foxisdoproblema.com.br%2F%3Fattachment_id%3D1411','Capturar')\" rel=\"attachment wp-att-1411\"><img decoding=\"async\" loading=\"lazy\" src=\"http:\/\/oxisdoproblema.com.br\/wp-content\/uploads\/2012\/10\/Capturar1.jpg\" alt=\"\" title=\"Capturar\" width=\"852\" height=\"425\" class=\"aligncenter size-full wp-image-1411\" srcset=\"http:\/\/oxisdoproblema.com.br\/wp-content\/uploads\/2012\/10\/Capturar1.jpg 852w, http:\/\/oxisdoproblema.com.br\/wp-content\/uploads\/2012\/10\/Capturar1-300x149.jpg 300w\" sizes=\"(max-width: 852px) 100vw, 852px\" \/><\/a><br \/>\nA participa\u00e7\u00e3o do Brasil na Feira de Livros de Frankfurt este ano serviu como uma pr\u00e9-estreia para o ano que vem, quando o pa\u00eds ser\u00e1 o Convidado de Honra da Feira, pela segunda vez. \u00c9 importante avaliar alguns aspectos dessa participa\u00e7\u00e3o, no sentido de contribuir para o sucesso do ano que vem.<\/p>\n<p>\u00c9 bom destacar, entretanto, que a presen\u00e7a da Nova Zel\u00e2ndia este ano foi fraca. O Pavilh\u00e3o Central, onde os neozelandeses montaram sua principal apresenta\u00e7\u00e3o, n\u00e3o deixou de ter um lado po\u00e9tico. Bem escuro, como se no meio de um oceano surgisse uma ilha, com uma lua cheia a brilhar no c\u00e9u. A ideia central era a de mostrar o que faziam enquanto o resto do mundo \u2013 ou seja, as Am\u00e9ricas e a Europa \u2013 dormia. A cada meia hora uma performance, com um ator surgindo no meio do \u201coceano\u201d, recitando versos em maori e depois circulando pela \u201cilha\u201d, que vai mostrando filmagens da pr\u00f3pria performance e de paisagens do pa\u00eds. Isso, juntamente com os discursos p\u00edfios dos escritores que representaram o pa\u00eds, Bill Manhire e Joy Cowley, deram um tom de autocondescend\u00eancia para a presen\u00e7a dos neozelandeses. Os discursos tentavam ser bem humoradamente depreciativos: somos um pa\u00eds pequeno, etc., etc. com frases em maori de vez em quando enfiadas no meio \u2013 e os textos do convite para a cerim\u00f4nia n\u00e3o estavam em ingl\u00eas, e sim em maori. Na verdade, o discurso mais impactante e que deu not\u00edcias na imprensa no dia seguinte foi o do Ministro de Rela\u00e7\u00f5es Exteriores da Alemanha, Guido Westerwelle, reafirmando a predomin\u00e2ncia do seu pa\u00eds na Uni\u00e3o Europeia. Bem significativamente arrogante&#8230;<\/p>\n<p>Bom, h\u00e1 um lado comovente no tributo \u00e0s tradi\u00e7\u00f5es dos povos que foram conquistados pelos imigrantes ingleses e quase exterminados. Mas, vamos convir, exceto os maoris, e uma minoria deles, s\u00e3o poucos os falantes do idioma. Mas, enfim, saudemos o respeito pela popula\u00e7\u00e3o minorit\u00e1ria e quase dizimada. Isso \u00e9 importante.<\/p>\n<p>O tom dos discursos na abertura, no entanto, \u00e9 um alerta ao Brasil. Em 1994, um dos aspectos criticados pelos alem\u00e3es acerca de nossa participa\u00e7\u00e3o, foi o discurso de Josu\u00e9 Montello. Montello foi escolhido para evitar maiores disputas, pois era presidente da ABL na ocasi\u00e3o. Foi um erro. O romancista maranhense fez uma xaropada louvaminhas da sua admira\u00e7\u00e3o por Goethe. Isso \u00e9 algo que n\u00e3o interessa absolutamente nem aos alem\u00e3es nem ao p\u00fablico internacional presente na Feira.<br \/>\n<!--more--><br \/>\n\u00c9 fundamental, portanto, que os que representar\u00e3o o pa\u00eds em 2013 falem de temas que impactem o mundo intelectual e pol\u00edtico. A Feira de Frankfurt tem uma longa tradi\u00e7\u00e3o desse tipo de discursos na abertura, com intelectuais de grande n\u00edvel \u2013 cito apenas Umberto Eco como exemplo \u2013 que, ao falar, d\u00e3o um tom de provoca\u00e7\u00e3o intelectual que chama aten\u00e7\u00e3o. Esse ser\u00e1 um ponto essencial para a presen\u00e7a do Brasil ano que vem.<\/p>\n<p>(Desde logo \u00e9 preciso assinalar: a lista de autores presentes na \u201ccomitiva brasileira\u201d ser\u00e1, inevitavelmente, pol\u00eamica. Galeno Amorim, na entrevista coletiva sobre a participa\u00e7\u00e3o brasileira, anunciou que os crit\u00e9rios para a formula\u00e7\u00e3o da lista ser\u00e3o \u201ctransparentes\u201d. Minha experi\u00eancia assinala desde j\u00e1: se forem cem escolhidos, com toda a transpar\u00eancia poss\u00edvel, haver\u00e1 ainda duzentos descontentes e insatisfeitos. Entre os quais alguns convidados que recusam, sob ao mais variados motivos, ir \u00e0 Alemanha e depois deixam vazar para a imprensa sua \u201cdecep\u00e7\u00e3o\u201d&#8230; J\u00e1 vivi isso).<\/p>\n<p>O pavilh\u00e3o central do Brasil, que ser\u00e1 desenhado por Daniela Thomas e Felipe Tassara, partir\u00e1 do conceito de que a cultura brasileira \u00e9 a soma de m\u00faltiplas influ\u00eancias, devidamente absorvidas, digeridas e recriadas para serem vividas por n\u00f3s e apresentadas ao mundo. Como disse Oswald de Andrade, \u201cS\u00f3 a antropofagia nos une\u201d, e o pavilh\u00e3o n\u00e3o pretende explicar o pa\u00eds e, sim, apresentar essa mescla, \u201cpara confundir os europeus\u201d.<\/p>\n<p>Algumas exposi\u00e7\u00f5es de artes pl\u00e1sticas j\u00e1 est\u00e3o definidas, ocupando museus importantes, como o Schirn Kunsthalle e o Museu de Arte Moderna. H\u00e1 uma novidade interessante, que \u00e9 o desenvolvimento de uma s\u00e9rie de eventos em agosto, antes da Feira, no Museumsurf, a impressionante avenida \u00e0 margem do rio Meno que re\u00fane dezessete grandes museus da cidade e faz um festival nesse per\u00edodo.<\/p>\n<p>O n\u00famero de exposi\u00e7\u00f5es j\u00e1 anunciadas \u00e9 inferior ao que o Brasil apresentou em 1994, e dificilmente haver\u00e1 condi\u00e7\u00f5es de aumentar significativamente esse n\u00famero. Os alem\u00e3es \u2013 ali\u00e1s, todos os grandes museus do mundo \u2013 tem programa\u00e7\u00f5es definidas com muita anteced\u00eancia e houve efetivamente um atraso nas negocia\u00e7\u00f5es entre a Funarte e essas institui\u00e7\u00f5es para o desenvolvimento de uma programa\u00e7\u00e3o de maior porte.<\/p>\n<p>Entre os estrangeiros \u2013 editores e jornalistas \u2013 presentes na Feira deste ano, a principal atra\u00e7\u00e3o est\u00e1 centrada em iniciativas da Funda\u00e7\u00e3o Biblioteca Nacional para a promo\u00e7\u00e3o da literatura brasileira no exterior. O programa de Bolsas de Apoio \u00e0 Tradu\u00e7\u00e3o j\u00e1 distribuiu 141 bolsas desde o ano passado, e h\u00e1 a expectativa de que esse n\u00famero ultrapasse duzentos e cinquenta at\u00e9 a feira. O lan\u00e7amento da \u201cMachado de Assis Magazine\u2019, com excertos de tradu\u00e7\u00f5es de autores brasileiros (iniciativa feita em coedi\u00e7\u00e3o com o Ita\u00fa Cultural, e da qual sou editor), \u00e9 um instrumento de trabalho para apresentar o texto de nossos autores, facilitando o trabalho de agentes e editores.<\/p>\n<p>Em resumo, considero que foi uma boa apresenta\u00e7\u00e3o a que o Brasil fez este ano, e que as expectativas e esperan\u00e7as s\u00e3o grandes. Ainda h\u00e1 muito trabalho a ser feito, inclusive na programa\u00e7\u00e3o liter\u00e1ria que acontece em espa\u00e7os da cidade fora da Feira. Mas com empenho e determina\u00e7\u00e3o, acredito que teremos uma excelente presen\u00e7a na Feira do Livro de Frankfurt no pr\u00f3ximo ano.<\/p>\n<p>E o mais importante \u00e9 que as iniciativas da Biblioteca Nacional de promo\u00e7\u00e3o da literatura brasileira conformem cada vez mais com uma vis\u00e3o de m\u00e9dio e longo prazo, para que os resultados da festa n\u00e3o se percam no tempo, como aconteceu em 1994, quando todo o esfor\u00e7o feito foi perdido pela in\u00e9rcia do Minist\u00e9rio da Cultura e do Itamaraty. Esperemos que essa li\u00e7\u00e3o tenha sido aprendida.<\/p>\n","protected":false},"excerpt":{"rendered":"<p>A participa\u00e7\u00e3o do Brasil na Feira de Livros de Frankfurt este ano serviu como uma pr\u00e9-estreia para o ano que vem, quando o pa\u00eds ser\u00e1 o Convidado de Honra da Feira, pela segunda vez. \u00c9 importante avaliar alguns aspectos dessa participa\u00e7\u00e3o, no sentido de contribuir para o sucesso do ano que vem. \u00c9 bom destacar, &hellip; <a href=\"http:\/\/oxisdoproblema.com.br\/?p=1410\" onclick=\"return TrackClick('http%3A%2F%2Foxisdoproblema.com.br%2F%3Fp%3D1410','Continue+lendo+FRANKFURT+2012+%E2%80%93+PR%C3%89-ESTREIA+DE+2013%3F+%26rarr%3B')\" class=\"more-link\">Continue lendo <span class=\"screen-reader-text\">FRANKFURT 2012 \u2013 PR\u00c9-ESTREIA DE 2013?<\/span> <span class=\"meta-nav\">&rarr;<\/span><\/a><\/p>\n","protected":false},"author":1,"featured_media":0,"comment_status":"open","ping_status":"open","sticky":false,"template":"","format":"standard","meta":[],"categories":[178],"tags":[406,212,179,405],"_links":{"self":[{"href":"http:\/\/oxisdoproblema.com.br\/index.php?rest_route=\/wp\/v2\/posts\/1410"}],"collection":[{"href":"http:\/\/oxisdoproblema.com.br\/index.php?rest_route=\/wp\/v2\/posts"}],"about":[{"href":"http:\/\/oxisdoproblema.com.br\/index.php?rest_route=\/wp\/v2\/types\/post"}],"author":[{"embeddable":true,"href":"http:\/\/oxisdoproblema.com.br\/index.php?rest_route=\/wp\/v2\/users\/1"}],"replies":[{"embeddable":true,"href":"http:\/\/oxisdoproblema.com.br\/index.php?rest_route=%2Fwp%2Fv2%2Fcomments&post=1410"}],"version-history":[{"count":2,"href":"http:\/\/oxisdoproblema.com.br\/index.php?rest_route=\/wp\/v2\/posts\/1410\/revisions"}],"predecessor-version":[{"id":1413,"href":"http:\/\/oxisdoproblema.com.br\/index.php?rest_route=\/wp\/v2\/posts\/1410\/revisions\/1413"}],"wp:attachment":[{"href":"http:\/\/oxisdoproblema.com.br\/index.php?rest_route=%2Fwp%2Fv2%2Fmedia&parent=1410"}],"wp:term":[{"taxonomy":"category","embeddable":true,"href":"http:\/\/oxisdoproblema.com.br\/index.php?rest_route=%2Fwp%2Fv2%2Fcategories&post=1410"},{"taxonomy":"post_tag","embeddable":true,"href":"http:\/\/oxisdoproblema.com.br\/index.php?rest_route=%2Fwp%2Fv2%2Ftags&post=1410"}],"curies":[{"name":"wp","href":"https:\/\/api.w.org\/{rel}","templated":true}]}}