{"id":1397,"date":"2012-10-11T19:40:06","date_gmt":"2012-10-11T22:40:06","guid":{"rendered":"http:\/\/oxisdoproblema.com.br\/?p=1397"},"modified":"2012-10-11T19:40:06","modified_gmt":"2012-10-11T22:40:06","slug":"revista-machado-de-assis-convoca-participantes-para-seus-numeros-dois-e-tres","status":"publish","type":"post","link":"http:\/\/oxisdoproblema.com.br\/?p=1397","title":{"rendered":"Revista Machado de Assis convoca participantes para seus n\u00fameros dois e tr\u00eas"},"content":{"rendered":"<p>O lan\u00e7amento dia 10 do primeiro n\u00famero da &#8220;Machado de Assis Magazine&#8221;, com textos traduzidos de autores brasileiros para que sejam apresentados a editores e agentes internacionais, foi acompanhado pelo an\u00fancio do chamamento p\u00fablico de autores intessados em participar dos pr\u00f3ximos dois n\u00fameros.<\/p>\n<p>As inscri\u00e7\u00f5es para essas duas edi\u00e7\u00f5es poder\u00e3o ser feitas at\u00e9 o dia 10 de novembro. A segunda edi\u00e7\u00e3o ser\u00e1 dedicada a trechos de obras de fic\u00e7\u00e3o brasileira (como a primeira) e a terceira ser\u00e1 inteiramente voltada para a literatura infantil e juvenil. O Brasil j\u00e1 come\u00e7a a se preparar para a homenagem que receber\u00e1 em 2014 na Feira de Livros para Crian\u00e7as e Jovens em Bolonha. Para a segunda edi\u00e7\u00e3o, al\u00e9m de textos em ingl\u00eas e espanhol, ser\u00e3o analisadas propostas para textos apresentados em alem\u00e3o de dez obras de fic\u00e7\u00e3o brasileira, desde que j\u00e1 tenham sido publicadas em livro no Brasil.<\/p>\n<p>Os interessados devem se dirigir ao Centro Internacional do Livro &#8211; CIL, da Biblioteca Nacional, para conhecer os detalhes do chamamento e apresentar suas propostas, pelo email cil@bn.br.<\/p>\n","protected":false},"excerpt":{"rendered":"<p>O lan\u00e7amento dia 10 do primeiro n\u00famero da &#8220;Machado de Assis Magazine&#8221;, com textos traduzidos de autores brasileiros para que sejam apresentados a editores e agentes internacionais, foi acompanhado pelo an\u00fancio do chamamento p\u00fablico de autores intessados em participar dos pr\u00f3ximos dois n\u00fameros. As inscri\u00e7\u00f5es para essas duas edi\u00e7\u00f5es poder\u00e3o ser feitas at\u00e9 o dia &hellip; <a href=\"http:\/\/oxisdoproblema.com.br\/?p=1397\" onclick=\"return TrackClick('http%3A%2F%2Foxisdoproblema.com.br%2F%3Fp%3D1397','Continue+lendo+Revista+Machado+de+Assis+convoca+participantes+para+seus+n%C3%BAmeros+dois+e+tr%C3%AAs+%26rarr%3B')\" class=\"more-link\">Continue lendo <span class=\"screen-reader-text\">Revista Machado de Assis convoca participantes para seus n\u00fameros dois e tr\u00eas<\/span> <span class=\"meta-nav\">&rarr;<\/span><\/a><\/p>\n","protected":false},"author":1,"featured_media":0,"comment_status":"open","ping_status":"open","sticky":false,"template":"","format":"standard","meta":[],"categories":[1],"tags":[19,405],"_links":{"self":[{"href":"http:\/\/oxisdoproblema.com.br\/index.php?rest_route=\/wp\/v2\/posts\/1397"}],"collection":[{"href":"http:\/\/oxisdoproblema.com.br\/index.php?rest_route=\/wp\/v2\/posts"}],"about":[{"href":"http:\/\/oxisdoproblema.com.br\/index.php?rest_route=\/wp\/v2\/types\/post"}],"author":[{"embeddable":true,"href":"http:\/\/oxisdoproblema.com.br\/index.php?rest_route=\/wp\/v2\/users\/1"}],"replies":[{"embeddable":true,"href":"http:\/\/oxisdoproblema.com.br\/index.php?rest_route=%2Fwp%2Fv2%2Fcomments&post=1397"}],"version-history":[{"count":3,"href":"http:\/\/oxisdoproblema.com.br\/index.php?rest_route=\/wp\/v2\/posts\/1397\/revisions"}],"predecessor-version":[{"id":1400,"href":"http:\/\/oxisdoproblema.com.br\/index.php?rest_route=\/wp\/v2\/posts\/1397\/revisions\/1400"}],"wp:attachment":[{"href":"http:\/\/oxisdoproblema.com.br\/index.php?rest_route=%2Fwp%2Fv2%2Fmedia&parent=1397"}],"wp:term":[{"taxonomy":"category","embeddable":true,"href":"http:\/\/oxisdoproblema.com.br\/index.php?rest_route=%2Fwp%2Fv2%2Fcategories&post=1397"},{"taxonomy":"post_tag","embeddable":true,"href":"http:\/\/oxisdoproblema.com.br\/index.php?rest_route=%2Fwp%2Fv2%2Ftags&post=1397"}],"curies":[{"name":"wp","href":"https:\/\/api.w.org\/{rel}","templated":true}]}}