{"id":1319,"date":"2012-08-31T19:14:56","date_gmt":"2012-08-31T22:14:56","guid":{"rendered":"http:\/\/oxisdoproblema.com.br\/?p=1319"},"modified":"2012-09-01T18:40:03","modified_gmt":"2012-09-01T21:40:03","slug":"premio-vivaleitura-abre-inscricoes","status":"publish","type":"post","link":"http:\/\/oxisdoproblema.com.br\/?p=1319","title":{"rendered":"Pr\u00eamio VivaLeitura abre inscri\u00e7\u00f5es"},"content":{"rendered":"<p><a href=\"http:\/\/oxisdoproblema.com.br\/?attachment_id=1320\" onclick=\"return TrackClick('http%3A%2F%2Foxisdoproblema.com.br%2F%3Fattachment_id%3D1320','Capturar')\" rel=\"attachment wp-att-1320\"><img decoding=\"async\" loading=\"lazy\" src=\"http:\/\/oxisdoproblema.com.br\/wp-content\/uploads\/2012\/08\/Capturar3.jpg\" alt=\"\" title=\"Capturar\" width=\"286\" height=\"183\" class=\"alignleft size-full wp-image-1320\" \/><\/a> Em 2004, como Consultor do CERLALC \u2013 Centro Regional do Livro para Am\u00e9rica Latina e Caribe, participei do planejamento do Ano Ibero-Americano da Leitura, que aconteceu no ano seguinte. Os pa\u00edses de l\u00edngua espanhola haviam adotado uma sigla que absolutamente n\u00e3o funcionava em portugu\u00eas, e entre os que trabalhavam no assunto (n\u00e3o fui eu o pai da ideia, mas n\u00e3o lembro exatamente quem foi) surgiu o nome VivaLeitura. Assim, as duas palavras emendadas e com essa letra mai\u00fascula no meio.<\/p>\n<p>Desse ano do VivaLeitura surgiram v\u00e1rias ideias que posteriormente foram implementadas pelo Galeno Amorim, na \u00e1poca coordenador do assunto e hoje Presidente da Funda\u00e7\u00e3o Biblioteca Nacional. A meta de liquidar o d\u00e9ficit de munic\u00edpios sem bibliotecas p\u00fablicas no pa\u00eds (os poucos que ainda n\u00e3o t\u00eam est\u00e3o assim pela recusa de prefeitos em assinar o conv\u00eanio com a FBN \u2013 deviam ir para o pelourinho), o Plano Nacional do Livro e Leitura e o Pr\u00eamio VivaLeitura foram algumas delas.<\/p>\n<p>A ideia do Pr\u00eamio VivaLeitura \u00e9 mapear e cadastrar iniciativas de qualquer cidad\u00e3o ou institui\u00e7\u00e3o que desenvolva projetos de incentivo \u00e0 leitura de modo inovador e criativo. Programas oficiais n\u00e3o concorrem ao pr\u00eamio. Este se destina a incentivar os programas de media\u00e7\u00e3o e apoio ao desenvolvimento do h\u00e1bito da leitura em escolas, bibliotecas, organiza\u00e7\u00f5es n\u00e3o governamentais ou pessoas f\u00edsicas.<br \/>\n<!--more--><\/p>\n<p>Desde seu in\u00edcio o Pr\u00eamio VivaLeitura foi apoiado pela Organiza\u00e7\u00e3o dos Estados Ibero-<br \/>\nAmericanos (OEI) e patocinado pela Funda\u00e7\u00e3o Santillana. Conta tamb\u00e9m com o apoio do CONSED \u2013 Conselho Nacional dos Secret\u00e1rios de Educa\u00e7\u00e3o, e da UNDIME \u2013 Uni\u00e3o Nacional dos Dirigentes Municipais de Educa\u00e7\u00e3o, al\u00e9m do MEC e do MinC. <\/p>\n<p>O Pr\u00eamio VivaLeitura j\u00e1 cadastrou milhares de projetos desenvolvidos em todos os estados do pa\u00eds, que j\u00e1 serviram de inspira\u00e7\u00e3o para que outras a\u00e7\u00f5es se desenvolvessem. \u00c9 uma iniciativa que se poliniza pelo exemplo. Os projetos podem ser consultados no <a onclick=\"javascript:pageTracker._trackPageview('\/outgoing\/www.premiovivaleitura.org.br');\"  href=\"http:\/\/www.premiovivaleitura.org.br\" onclick=\"return TrackClick('http%3A%2F%2Fwww.premiovivaleitura.org.br','site')\" target=\"_blank\">site<\/a>, onde tamb\u00e9m podem ser feitas inscri\u00e7\u00f5es de projeto para o pr\u00eamio de 2012, com prazo at\u00e9 o dia 29 de setembro.<\/p>\n<p>Ao contr\u00e1rio de outras iniciativas que financiam projetos em andamento, o Pr\u00eamio VivaLeitura busca reconhecer a qualidade e a inventividade do que foi desenvolvido pelos mais diferentes tipos de pessoas e institui\u00e7\u00f5es, escolas p\u00fablicas e privadas, ONGs, universidades. Dessa maneira confirma em grande escala duas grandes verdades sobre os brasileiros: criatividade e solidariedade.<\/p>\n<p>Este ano, em sua s\u00e9tima edi\u00e7\u00e3o, o Pr\u00eamio VivaLeitura abre as inscri\u00e7\u00f5es com algumas novidades. A principal \u00e9 o aumento do valor do pr\u00eamio. A Funda\u00e7\u00e3o Biblioteca Nacional reservou R$ 540.000,00 para os pr\u00eamios deste ano, com trinta mil reais para os seis vencedores de cada cada categoria.  Al\u00e9m disso, foi institu\u00edda a Men\u00e7\u00e3o Honrosa \u201cJos\u00e9 Mindlin\u201d, que entregar\u00e1 diplomas e medalhas aos indicados no processo de avalia\u00e7\u00e3o. O pr\u00eamio continua apoiado pela Funda\u00e7\u00e3o Santillana e tamb\u00e9m pela Funda\u00e7\u00e3o Banco do Brasil.<\/p>\n<p>A edi\u00e7\u00e3o deste ano est\u00e1 dividida em tr\u00eas categorias. \u201cBibliotecas p\u00fablicas, privadas e comunit\u00e1rias\u201d, que abrigar\u00e1 projetos desenvolvidos em bibliotecas de acesso p\u00fablico sem liga\u00e7\u00e3o com institui\u00e7\u00f5es de ensino. Trabalhos desenvolvidos dentro das escolas, por professores, diretores, coordenadores e bibliotec\u00e1rios escolares se enquadram na categoria \u201cEscolas p\u00fablicas e privadas\u201d. Finalmente, a\u00e7\u00f5es desenvolvidas por universidades, ONGs, pessoas f\u00edsicas e institui\u00e7\u00f5es sociais ser\u00e3o avaliadas na categoria \u201cSociedade\u201d. <\/p>\n<p>De cada uma dessas categorias ser\u00e3o selecionados dezoito projetos, dos quais ser\u00e3o escolhidos seis vencedores, que receber\u00e3o os pr\u00eamios em dinheiro.<\/p>\n<p>Ano passado o Pr\u00eamio VivaLeitura recebeu a inscri\u00e7\u00e3o de 1.865 projetos, vindo de todo o pa\u00eds. Os tr\u00eas vencedores foram o \u201cBiblioteca do Arsenal da Esperan\u00e7a\u201d, em S. Paulo; a \u201dBiblioteca Itinerante nas Comunidades Pomeranas de Snta Maria de Jetib\u00e1\u201d, no Esp\u00edrito Santo; e o terceiro foi \u201cA Volta ao Mundo em mil e uma hist\u00f3rias\u201d, de Vit\u00f3ria, tamb\u00e9m no Esp\u00edrito Santo.<\/p>\n<p>O Pr\u00eamio VivaLeitura \u00e9 uma dessas iniciativas que, pelos seus resultados, mostra que podemos superar essa tr\u00e1gica situa\u00e7\u00e3o de baixos \u00edndices de leitura e de enorme analfabetismo funcional que aflige a todos preocupados com a educa\u00e7\u00e3o e a cultura no pa\u00eds. O Pr\u00eamio VivaLeitura mostra que as dimens\u00f5es continentais do Brasil ao mesmo tempo que impedem a efic\u00e1cia de projetos centralizados, mostra tamb\u00e9m que a criatividade e as a\u00e7\u00f5es locais s\u00e3o decisivas para superar essa situa\u00e7\u00e3o.<\/p>\n","protected":false},"excerpt":{"rendered":"<p>Em 2004, como Consultor do CERLALC \u2013 Centro Regional do Livro para Am\u00e9rica Latina e Caribe, participei do planejamento do Ano Ibero-Americano da Leitura, que aconteceu no ano seguinte. Os pa\u00edses de l\u00edngua espanhola haviam adotado uma sigla que absolutamente n\u00e3o funcionava em portugu\u00eas, e entre os que trabalhavam no assunto (n\u00e3o fui eu o &hellip; <a href=\"http:\/\/oxisdoproblema.com.br\/?p=1319\" onclick=\"return TrackClick('http%3A%2F%2Foxisdoproblema.com.br%2F%3Fp%3D1319','Continue+lendo+Pr%C3%AAmio+VivaLeitura+abre+inscri%C3%A7%C3%B5es+%26rarr%3B')\" class=\"more-link\">Continue lendo <span class=\"screen-reader-text\">Pr\u00eamio VivaLeitura abre inscri\u00e7\u00f5es<\/span> <span class=\"meta-nav\">&rarr;<\/span><\/a><\/p>\n","protected":false},"author":1,"featured_media":0,"comment_status":"open","ping_status":"open","sticky":false,"template":"","format":"standard","meta":[],"categories":[1],"tags":[306,387],"_links":{"self":[{"href":"http:\/\/oxisdoproblema.com.br\/index.php?rest_route=\/wp\/v2\/posts\/1319"}],"collection":[{"href":"http:\/\/oxisdoproblema.com.br\/index.php?rest_route=\/wp\/v2\/posts"}],"about":[{"href":"http:\/\/oxisdoproblema.com.br\/index.php?rest_route=\/wp\/v2\/types\/post"}],"author":[{"embeddable":true,"href":"http:\/\/oxisdoproblema.com.br\/index.php?rest_route=\/wp\/v2\/users\/1"}],"replies":[{"embeddable":true,"href":"http:\/\/oxisdoproblema.com.br\/index.php?rest_route=%2Fwp%2Fv2%2Fcomments&post=1319"}],"version-history":[{"count":4,"href":"http:\/\/oxisdoproblema.com.br\/index.php?rest_route=\/wp\/v2\/posts\/1319\/revisions"}],"predecessor-version":[{"id":1324,"href":"http:\/\/oxisdoproblema.com.br\/index.php?rest_route=\/wp\/v2\/posts\/1319\/revisions\/1324"}],"wp:attachment":[{"href":"http:\/\/oxisdoproblema.com.br\/index.php?rest_route=%2Fwp%2Fv2%2Fmedia&parent=1319"}],"wp:term":[{"taxonomy":"category","embeddable":true,"href":"http:\/\/oxisdoproblema.com.br\/index.php?rest_route=%2Fwp%2Fv2%2Fcategories&post=1319"},{"taxonomy":"post_tag","embeddable":true,"href":"http:\/\/oxisdoproblema.com.br\/index.php?rest_route=%2Fwp%2Fv2%2Ftags&post=1319"}],"curies":[{"name":"wp","href":"https:\/\/api.w.org\/{rel}","templated":true}]}}