{"id":1299,"date":"2012-08-17T11:38:28","date_gmt":"2012-08-17T14:38:28","guid":{"rendered":"http:\/\/oxisdoproblema.com.br\/?p=1299"},"modified":"2012-08-17T11:38:28","modified_gmt":"2012-08-17T14:38:28","slug":"scortecci-faz-proposta-para-mudancas-na-bienal","status":"publish","type":"post","link":"http:\/\/oxisdoproblema.com.br\/?p=1299","title":{"rendered":"Scortecci  faz proposta para mudan\u00e7as na Bienal"},"content":{"rendered":"<p><a href=\"http:\/\/oxisdoproblema.com.br\/?attachment_id=1301\" onclick=\"return TrackClick('http%3A%2F%2Foxisdoproblema.com.br%2F%3Fattachment_id%3D1301','Capturar')\" rel=\"attachment wp-att-1301\"><img decoding=\"async\" loading=\"lazy\" src=\"http:\/\/oxisdoproblema.com.br\/wp-content\/uploads\/2012\/08\/Capturar1-300x271.jpg\" alt=\"\" title=\"Capturar\" width=\"300\" height=\"271\" class=\"aligncenter size-medium wp-image-1301\" srcset=\"http:\/\/oxisdoproblema.com.br\/wp-content\/uploads\/2012\/08\/Capturar1-300x271.jpg 300w, http:\/\/oxisdoproblema.com.br\/wp-content\/uploads\/2012\/08\/Capturar1.jpg 653w\" sizes=\"(max-width: 300px) 100vw, 300px\" \/><\/a><br \/>\nJo\u00e3o Scortecci, editor, s\u00f3cio da CBL &#8211; ex diretor da entidade &#8211; avan\u00e7a na discuss\u00e3o sobre a situa\u00e7\u00e3o da Bienal do Livro de S. Paulo, apresentando propostas para reformula\u00e7\u00e3o do evento, em carta publicada na <a onclick=\"javascript:pageTracker._trackPageview('\/outgoing\/migre.me\/ak5HA');\"  href=\"http:\/\/migre.me\/ak5HA\" onclick=\"return TrackClick('http%3A%2F%2Fmigre.me%2Fak5HA','Ilustrada')\">Ilustrada<\/a> da FSP.<br \/>\nO posicionamento do Scortecci \u00e9 mais importante exatamente por passar das reclama\u00e7\u00f5es &#8211; que circulam nos corredores \u00e0 boca pequena &#8211; para apresenta\u00e7\u00e3o de propostas. Cabe \u00e0 CBL tomar a iniciativa de organizar essa discuss\u00e3o e conduzir \u00e0 consolida\u00e7\u00e3o de propostas. Ou n\u00e3o&#8230;<\/p>\n","protected":false},"excerpt":{"rendered":"<p>Jo\u00e3o Scortecci, editor, s\u00f3cio da CBL &#8211; ex diretor da entidade &#8211; avan\u00e7a na discuss\u00e3o sobre a situa\u00e7\u00e3o da Bienal do Livro de S. Paulo, apresentando propostas para reformula\u00e7\u00e3o do evento, em carta publicada na Ilustrada da FSP. O posicionamento do Scortecci \u00e9 mais importante exatamente por passar das reclama\u00e7\u00f5es &#8211; que circulam nos corredores &hellip; <a href=\"http:\/\/oxisdoproblema.com.br\/?p=1299\" onclick=\"return TrackClick('http%3A%2F%2Foxisdoproblema.com.br%2F%3Fp%3D1299','Continue+lendo+Scortecci++faz+proposta+para+mudan%C3%A7as+na+Bienal+%26rarr%3B')\" class=\"more-link\">Continue lendo <span class=\"screen-reader-text\">Scortecci  faz proposta para mudan\u00e7as na Bienal<\/span> <span class=\"meta-nav\">&rarr;<\/span><\/a><\/p>\n","protected":false},"author":1,"featured_media":0,"comment_status":"open","ping_status":"open","sticky":false,"template":"","format":"standard","meta":[],"categories":[1],"tags":[51,28,367],"_links":{"self":[{"href":"http:\/\/oxisdoproblema.com.br\/index.php?rest_route=\/wp\/v2\/posts\/1299"}],"collection":[{"href":"http:\/\/oxisdoproblema.com.br\/index.php?rest_route=\/wp\/v2\/posts"}],"about":[{"href":"http:\/\/oxisdoproblema.com.br\/index.php?rest_route=\/wp\/v2\/types\/post"}],"author":[{"embeddable":true,"href":"http:\/\/oxisdoproblema.com.br\/index.php?rest_route=\/wp\/v2\/users\/1"}],"replies":[{"embeddable":true,"href":"http:\/\/oxisdoproblema.com.br\/index.php?rest_route=%2Fwp%2Fv2%2Fcomments&post=1299"}],"version-history":[{"count":2,"href":"http:\/\/oxisdoproblema.com.br\/index.php?rest_route=\/wp\/v2\/posts\/1299\/revisions"}],"predecessor-version":[{"id":1303,"href":"http:\/\/oxisdoproblema.com.br\/index.php?rest_route=\/wp\/v2\/posts\/1299\/revisions\/1303"}],"wp:attachment":[{"href":"http:\/\/oxisdoproblema.com.br\/index.php?rest_route=%2Fwp%2Fv2%2Fmedia&parent=1299"}],"wp:term":[{"taxonomy":"category","embeddable":true,"href":"http:\/\/oxisdoproblema.com.br\/index.php?rest_route=%2Fwp%2Fv2%2Fcategories&post=1299"},{"taxonomy":"post_tag","embeddable":true,"href":"http:\/\/oxisdoproblema.com.br\/index.php?rest_route=%2Fwp%2Fv2%2Ftags&post=1299"}],"curies":[{"name":"wp","href":"https:\/\/api.w.org\/{rel}","templated":true}]}}