{"id":127,"date":"2011-07-08T15:27:21","date_gmt":"2011-07-08T18:27:21","guid":{"rendered":"http:\/\/oxisdoproblema.com.br\/blog\/?p=127"},"modified":"2011-07-08T15:35:30","modified_gmt":"2011-07-08T18:35:30","slug":"feiras-de-livros-e-festivais-de-literatura-%e2%80%93-para-que","status":"publish","type":"post","link":"http:\/\/oxisdoproblema.com.br\/?p=127","title":{"rendered":"Feiras de Livros e Festivais de Literatura \u2013 Para Qu\u00ea?"},"content":{"rendered":"<p>Na semana em que a FLIP ocupa muitas p\u00e1ginas dos jornais, espa\u00e7o na Internet e nas conversas, vale a pena pensar um pouco sobre esses mecanismos de promo\u00e7\u00e3o do livro e da leitura: feiras de livros e festivais de literatura.<br \/>\nAs bienais do livro (a de S. Paulo primeiro e depois a do Rio de Janeiro) costumavam ter, desde h\u00e1 muito tempo, o que se chamava de \u201catividades paralelas\u201d.  Paralelas por serem quase \u201cmarginais\u201d ao objetivo principal desses eventos, que era apresentar ao p\u00fablico uma amostra do conjunto da produ\u00e7\u00e3o editorial. Muitos t\u00edtulos que sumiam rapidamente das livrarias eram garimpados nesses eventos, que por muito tempo estiveram circunscritos \u00e0s duas cidades. A exce\u00e7\u00e3o era a Feira do Livro de Porto Alegre \u2013 a mais antiga, ali\u00e1s \u2013 que se diferia das bienais por ser um evento montado ao ar livre.<br \/>\n<!--more--><\/p>\n<p>Esses \u201ceventos paralelos\u201d eram majoritariamente dirigidos a professores: alguns cursos de atualiza\u00e7\u00e3o e apresenta\u00e7\u00f5es dos autores dos livros chamados paradid\u00e1ticos e os de literatura infantil e juvenil, que nunca ganhavam muito espa\u00e7o nos jornais e s\u00e3o um importante canal das editoras. Havia tamb\u00e9m a presen\u00e7a de alguns autores, convidados pelos organizadores por indica\u00e7\u00e3o das editoras, para lan\u00e7amentos de livros e tardes de aut\u00f3grafo que chegaram a ser muito concorridos. Paulo Coelho e o Padre Marcelo, por exemplo, chegaram a provocar tumultos quando estiveram presentes. Mas eram a\u00e7\u00f5es inorg\u00e2nicas, centradas nesse momento, e a presen\u00e7a dos autores se resumia aos aut\u00f3grafos e a eventuais entrevistas na imprensa.<\/p>\n<p>Em 1998, quando a diretoria da CBL decidiu organizar o \u201cSal\u00e3o do Livro\u201d no ano 1999, para fazer uma feira na cidade no mesmo ano em que a Bienal acontecia no Rio de Janeiro, eu fiz a proposta \u00e0 Comiss\u00e3o Organizadora de aumentar o escopo e as atividades dos \u201ceventos paralelos\u201d. Tornar essa atividade um fator de atra\u00e7\u00e3o do evento, abrindo espa\u00e7o para que autores de literatura se apresentassem ao publico e para que houvesse discuss\u00f5es interessantes relativas ao mundo do livro e aos leitores. A proposta de mudar os \u201ceventos paralelos\u201d foi aceita e criou-se o \u201cSal\u00e3o de Ideias\u201d como abrigo para todas essas atividades. O nome \u2013 sugest\u00e3o de Claudiney Ferreira e Jorge Vasconcellos \u2013 era para proporcionar uma identidade que suplantasse o conceito que havia surgido na Fran\u00e7a, mais ou menos nessa \u00e9poca, do \u201cCaf\u00e9 Liter\u00e1rio\u201d, derivado do \u201cCaf\u00e9 Filos\u00f3fico\u201d que acontecia em um bistr\u00f4 parisiense. \u2018Sal\u00e3o de Ideias\u201d era um caf\u00e9 liter\u00e1rio com nome e sobrenome.<\/p>\n<p>No mesmo ano, a Bienal do Rio de Janeiro lan\u00e7ou seu Caf\u00e9 Liter\u00e1rio.<\/p>\n<p>(Um dia ainda vou recolher minhas anota\u00e7\u00f5es etnogr\u00e1ficas das bienais que ajudei a organizar e falar tamb\u00e9m sobre as peculiaridades l\u00edtero-editoriais da eterna disputa S\u00e3o Paulo \u2013 Rio de Janeiro. Mas fica para outra ocasi\u00e3o).<\/p>\n<p>O fato \u00e9 que \u201cSal\u00e3o de Ideias\u201d em S. Paulo e \u201cCaf\u00e9 Liter\u00e1rio\u201d no Rio de Janeiro deram certo e acrescentaram realmente uma nova dimens\u00e3o \u00e0s duas bienais. O marketing desses eventos passou a enfatizar muito esse contato dos autores com seus leitores, os temas discutidos e apresentados. N\u00e3o se tratava mais de organizar lan\u00e7amentos e sess\u00f5es de aut\u00f3grafo. As bienais do livro passaram \u00e0 categoria de eventos culturais importantes.<\/p>\n<p>Na mesma \u00e9poca (por volta de 1998\/2000), a CBL \u2013 com o apoio da Imprensa Oficial e das prefeituras \u2013 organizou v\u00e1rias feiras de livros no interior do estado. Era o Circuito Paulista de Feiras do livro. A primeira delas foi em Ribeir\u00e3o Preto.<br \/>\nEm todas essas feiras foi-se replicando o \u201cSal\u00e3o de Ideias\u201d. E em outros estados, a mesma coisa. A Feira de Bel\u00e9m, uma das maiores organizadas fora do eixo S\u00e3o Paulo \u2013 Rio, teve seu sal\u00e3o desde a primeira edi\u00e7\u00e3o. A pr\u00f3pria feira de Porto Alegre aumentou substancialmente as atividades culturais acontecidas durante o evento.<\/p>\n<p>Logo, por uma esp\u00e9cie de cissiparidade, os \u201csal\u00f5es de ideias\u201d e os \u201ccaf\u00e9s liter\u00e1rios\u201d foram se desdobrando internamente, desenvolvendo programa\u00e7\u00f5es mais segmentadas, mas dentro do mesmo esp\u00edrito de encontro entre autores e leitores em torno n\u00e3o apenas do livro de um, e sim de um tema que fosse de certa forma comum a todos.<\/p>\n<p>Atualmente todas as feiras de livros &#8211; e o Calend\u00e1rio Nacional de Feiras de Livros organizado pela Biblioteca Nacional j\u00e1 lista mais de setenta \u2013 t\u00eam esse tipo de programa\u00e7\u00e3o.<\/p>\n<p>Entretanto, desde 1981 come\u00e7ava outra iniciativa de forma\u00e7\u00e3o de leitores com a presen\u00e7a e com o di\u00e1logo com os autores. Era a Jornada Nacional de Literatura. Este ano de 2011, a Jornada de Passo Fundo, como \u00e9 mais conhecida, apresenta sua 14\u00aa. edi\u00e7\u00e3o. N\u00e3o \u00e9 uma feira de livros, nem um festival de literatura. \u00c9 tudo isso e muito mais.<\/p>\n<p>Iniciativa da professora T\u00e2nia R\u00f6sing, da Universidade de Passo Fundo, a Jornada n\u00e3o \u00e9 simplesmente um \u201cevento\u201d, no sentido de que come\u00e7a e termina em dias determinados. Os dias da Jornada (que este ano ser\u00e1 de 22 a 26 de agosto pr\u00f3ximo) s\u00e3o a culmina\u00e7\u00e3o de um processo que come\u00e7a logo depois que se encerra a anterior.<\/p>\n<p>A grande caracter\u00edstica da Jornada de Passo Fundo \u00e9 o intenso trabalho feito junto a professores da rede p\u00fablica e privada de toda a regi\u00e3o. A cada ano \u00e9 feita uma ampla sele\u00e7\u00e3o de livros \u2013 para adultos e para crian\u00e7as e jovens \u2013 que s\u00e3o amplamente trabalhados pelos professores, com a assessoria e o acompanhamento da equipe da T\u00e2nia.<\/p>\n<p>Quando acontece a Jornada ela \u00e9 o coroamento de um trabalho sistem\u00e1tico de meses e meses.<\/p>\n<p>E a pr\u00f3pria Jornada \u00e9 um espet\u00e1culo inesquec\u00edvel. S\u00e3o milhares de pessoas abrigadas em uma enorme tenda de circo, cercada de outras tantas, um pouco menores, que abrigam a \u201cJornadinha\u201d \u2013 dos livros para crian\u00e7as e jovens \u2013 \u00e1reas de apoio, uma feira de livros e \u00e1reas para lan\u00e7amentos e aut\u00f3grafos.<\/p>\n<p>S\u00e3o quatro dias intensos nos quais os participantes conversam com autores cujos livros foram lidos, debatidos e apreciados durante meses. E isso nas tendas armadas no meio da campanha ga\u00facha, em pleno inverno. E com gente que vem n\u00e3o apenas de todas as regi\u00f5es do Rio Grande do Sul, como tamb\u00e9m, hoje, de v\u00e1rios outros estados do Brasil. Que v\u00e3o n\u00e3o apenas para conversar com os autores e assistir suas palestras, mas tamb\u00e9m para aprender a metodologia de trabalho desenvolvida pela T\u00e2nia R\u00f6sing.<br \/>\nEu j\u00e1 assisti duas Jornadas e foram experi\u00eancias fant\u00e1sticas.<\/p>\n<p>Este ano a Maria Jos\u00e9 Silveira teve um de seus livros, \u201cO voo da Arara Azul\u201d, selecionado como livro do m\u00eas para discuss\u00e3o nos col\u00e9gios. \u00c9 um livro que gira em torno do per\u00edodo da ditadura e da forma\u00e7\u00e3o sentimental de um garoto que mora ao lado de um \u201caparelho\u201d de uma organiza\u00e7\u00e3o que lutava contra a ditadura.<\/p>\n<p>Pois o livro foi discutido at\u00e9 no Col\u00e9gio Militar, e pode-se ver, pelos cartazes que os alunos prepararam para o encontro com a Autora, que esses meninos n\u00e3o v\u00e3o mais confundir quem luta contra a ditadura com \u201cterroristas\u201d, pois se fizeram a pergunta se os \u201cterroristas\u201d n\u00e3o s\u00e3o quem oprime e explora.<\/p>\n<p>Mas, voltando aos outros Festivais.<\/p>\n<p>O processo de cissiparidade que come\u00e7ou com a multiplica\u00e7\u00e3o dos \u201csal\u00f5es de ideia\u201d e \u201ccaf\u00e9s liter\u00e1rios\u201d alcan\u00e7ou outro patamar com os festivais de literatura, sendo a FLIP o primeiro e o que mais ficou famoso.<\/p>\n<p>A grande diferen\u00e7a \u00e9 que esses festivais n\u00e3o se organizam em torno das feiras de livros. Trazem autores (e o lobby das editoras para colocar seus autores na programa\u00e7\u00e3o da FLIP \u00e9 feroz) que participam de mesas redondas ou d\u00e3o confer\u00eancias e participam de v\u00e1rios eventos sociais ao redor do festival.<\/p>\n<p>Esses festivais t\u00eam evolu\u00eddo tamb\u00e9m. No in\u00edcio quase nenhum deles prestava aten\u00e7\u00e3o para a popula\u00e7\u00e3o escolar local, e hoje essa \u00e9 uma presen\u00e7a constante. Da mesma maneira, j\u00e1 aparecem em alguns festivais outras manifesta\u00e7\u00f5es \u201cparalelas\u201d, principalmente na FLIP: Off-Flip, Flip-zona, e tendas e locais que recebem uma programa\u00e7\u00e3o patrocinada por \u00f3rg\u00e3os espec\u00edficos. \u00c9 a cissiparidade se acelerando.<\/p>\n<p>Quais os resultados disso tudo para o aumento dos \u00edndices de leitura e de compra de livros?<\/p>\n<p>Dif\u00edcil medir. As pesquisas mais gerais certamente n\u00e3o refletem o efeito de cada uma dessas atividades. Mas refletir\u00e3o, nos pr\u00f3ximos anos, os efeitos de sua prolifera\u00e7\u00e3o. \u00c9 bom que existam. \u00c9 bom que as editoras se interessem por apresentar seus autores nesses eventos. \u00c9 bom que estados e munic\u00edpios invistam recursos na realiza\u00e7\u00e3o de feiras, com a presen\u00e7a de autores, a mobiliza\u00e7\u00e3o dos estudantes, o burburinho que se cria em torno do livro.<\/p>\n<p>Quero mais. Quero mais de tudo. Mas, principalmente, quero mais Jornadas Liter\u00e1rias como as de Passo Fundo. O trabalho de semeadura mais profundo, at\u00e9 agora, \u00e9 o que se faz ali.<\/p>\n","protected":false},"excerpt":{"rendered":"<p>Na semana em que a FLIP ocupa muitas p\u00e1ginas dos jornais, espa\u00e7o na Internet e nas conversas, vale a pena pensar um pouco sobre esses mecanismos de promo\u00e7\u00e3o do livro e da leitura: feiras de livros e festivais de literatura. As bienais do livro (a de S. Paulo primeiro e depois a do Rio de &hellip; <a href=\"http:\/\/oxisdoproblema.com.br\/?p=127\" onclick=\"return TrackClick('http%3A%2F%2Foxisdoproblema.com.br%2F%3Fp%3D127','Continue+lendo+Feiras+de+Livros+e+Festivais+de+Literatura+%E2%80%93+Para+Qu%C3%AA%3F+%26rarr%3B')\" class=\"more-link\">Continue lendo <span class=\"screen-reader-text\">Feiras de Livros e Festivais de Literatura \u2013 Para Qu\u00ea?<\/span> <span class=\"meta-nav\">&rarr;<\/span><\/a><\/p>\n","protected":false},"author":1,"featured_media":0,"comment_status":"open","ping_status":"open","sticky":false,"template":"","format":"standard","meta":[],"categories":[1],"tags":[26,27,28,24,30,29,25],"_links":{"self":[{"href":"http:\/\/oxisdoproblema.com.br\/index.php?rest_route=\/wp\/v2\/posts\/127"}],"collection":[{"href":"http:\/\/oxisdoproblema.com.br\/index.php?rest_route=\/wp\/v2\/posts"}],"about":[{"href":"http:\/\/oxisdoproblema.com.br\/index.php?rest_route=\/wp\/v2\/types\/post"}],"author":[{"embeddable":true,"href":"http:\/\/oxisdoproblema.com.br\/index.php?rest_route=\/wp\/v2\/users\/1"}],"replies":[{"embeddable":true,"href":"http:\/\/oxisdoproblema.com.br\/index.php?rest_route=%2Fwp%2Fv2%2Fcomments&post=127"}],"version-history":[{"count":4,"href":"http:\/\/oxisdoproblema.com.br\/index.php?rest_route=\/wp\/v2\/posts\/127\/revisions"}],"predecessor-version":[{"id":131,"href":"http:\/\/oxisdoproblema.com.br\/index.php?rest_route=\/wp\/v2\/posts\/127\/revisions\/131"}],"wp:attachment":[{"href":"http:\/\/oxisdoproblema.com.br\/index.php?rest_route=%2Fwp%2Fv2%2Fmedia&parent=127"}],"wp:term":[{"taxonomy":"category","embeddable":true,"href":"http:\/\/oxisdoproblema.com.br\/index.php?rest_route=%2Fwp%2Fv2%2Fcategories&post=127"},{"taxonomy":"post_tag","embeddable":true,"href":"http:\/\/oxisdoproblema.com.br\/index.php?rest_route=%2Fwp%2Fv2%2Ftags&post=127"}],"curies":[{"name":"wp","href":"https:\/\/api.w.org\/{rel}","templated":true}]}}