{"id":1244,"date":"2012-07-11T10:26:35","date_gmt":"2012-07-11T13:26:35","guid":{"rendered":"http:\/\/oxisdoproblema.com.br\/?p=1244"},"modified":"2012-07-11T10:26:35","modified_gmt":"2012-07-11T13:26:35","slug":"capital-mundial-do-livro-alguma-cidade-brasileira-algum-dia-podera-ser","status":"publish","type":"post","link":"http:\/\/oxisdoproblema.com.br\/?p=1244","title":{"rendered":"Capital Mundial do Livro &#8211; alguma cidade brasileira algum dia poder\u00e1 ser?"},"content":{"rendered":"<p>Port Harcourt, cidade nigeriana, foi nomeada \u201cCapital Mundial do Livro\u201d pelo comit\u00ea de sele\u00e7\u00e3o integrado por membros da IPA (International publishers Association); IBF (International Booksellers Federation); IFLA (International Federation of Library Associations and Institutions) e da UNESCO. A atual Capital Mundial do Livro \u00e9 Bangcoc, na Tail\u00e2ndia. O t\u00edtulo \u00e9 v\u00e1lido entre as duas celebra\u00e7\u00f5es do Dia Mundial do Livro e do Direito Autoral, comemorado no dia 23 de abril.<\/p>\n<p>Port Harcourt foi escolhida \u201cdevido \u00e0 qualidade de seu programa, em particular quanto ao foco na juventude, e no impacto que deve ter no desenvolvimento da cultura do livro, da leitura, escrita e edi\u00e7\u00e3o na Nig\u00e9ria e seu papel na melhoria dos \u00edndices de alfabetiza\u00e7\u00e3o\u201d.<\/p>\n<p>Jans Bemmel, Secret\u00e1rio Geral da IPA, declarou que \u201co n\u00famero de candidaturas recebido este ano foi o maior (11), desde que o programa da UNESCO come\u00e7ou em 2001, seguindo uma iniciativa da IPA. Muitas eram muito boas. Nesse contexto, a IPA ficou muito impressionada pela qualidade da candidatura apresentada pela cidade de Port Harcourt: um programa claro, ambicioso e animador que vai para al\u00e9m de 2014, destinado a gerar entusiasmo pelos livros e pela leitura\u201d.<\/p>\n<p>\u00c9 bom notar que Port Harcourt fazia parte da Biafra, uma guerra terr\u00edvel que tentou separar a regi\u00e3o da Nig\u00e9ria entre 1967 e 1970. A guerra teve como centro a disputa pelos recursos petrol\u00edferos da regi\u00e3o e foi extremamente sangrenta.<\/p>\n<p>Depois de terminada a guerra civil, com a derrota dos separatistas, os recursos provenientes da explora\u00e7\u00e3o do petr\u00f3leo proporcionaram meios para o desenvolvimento econ\u00f4mico da regi\u00e3o. Pelo visto, segundo a avalia\u00e7\u00e3o dos membros do comit\u00ea da \u201cCapital Mundial do Livro\u201d, n\u00e3o apenas o desenvolvimento econ\u00f4mico foi procurado, mas tamb\u00e9m o desenvolvimento social e cultural, a ponto de permitir essa indica\u00e7\u00e3o.<\/p>\n<p>As candidaturas \u00e0 \u201cCapital Mundial do Livro\u201d s\u00e3o apresentadas \u00e0 UNESCO e devem incluir a\u00e7\u00f5es de car\u00e1ter permanente e continuado na promo\u00e7\u00e3o do livro, da leitura, da edi\u00e7\u00e3o e defesa dos direitos autorais de modo consistente. A \u00fanica cidade sul-americana nomeada Capital Mundial do Livro foi Buenos Aires, em 2011.<\/p>\n<p>Sinceramente, preferiria que alguma cidade brasileira se candidatasse a esse posto em vez de ser sede de olimp\u00edadas ou da copa de futebol. Certamente as empreiteiras de grandes obras n\u00e3o ganhariam tanto dinheiro, mas o desenvolvimento cultural e social teria repercuss\u00f5es muito mais importantes e duradouras.<\/p>\n<p>No panorama brasileiro, acredito que a \u00fanica cidade que poderia apresentar uma candidatura decente a Capital Mundial do Livro seria Passo Fundo, no Rio Grande do Sul. E isso gra\u00e7as ao formid\u00e1vel trabalho desenvolvido a partir da Universidade de Passo Fundo e capitaneado pela T\u00e2nia R\u00f6sing, e que se centra nas <strong>Jornadas Liter\u00e1rias<\/strong>. Um evento de literatura que n\u00e3o se reduz a um mero espet\u00e1culo de palestras e encontros de autores famosos \u2013 o que tamb\u00e9m acontece, sim \u2013 mas \u00e9 um trabalho junto ao sistema escolar desenvolvido continuadamente, fazendo que os estudantes leiam, conhe\u00e7am e discutam os livros de dezenas de autores de todos os g\u00eaneros, durante o per\u00edodo anterior \u00e0 Jornada.<\/p>\n<p>Ou, quem sabe, os famosos recursos do pr\u00e9-sal permitissem que uma constela\u00e7\u00e3o de cidades da costa brasileira pudesse se candidatar coletivamente, apresentando um programa criativo, ambicioso, inovador e eficiente de expans\u00e3o de bibliotecas, forma\u00e7\u00e3o de mediadores, incentivo \u00e0 escrita e \u00e0 leitura nas escolas e fora delas.<\/p>\n<p>Sonhar n\u00e3o custa nada. Com a palavra a Biblioteca Nacional e o Minist\u00e9rio da Cultura.<\/p>\n","protected":false},"excerpt":{"rendered":"<p>Port Harcourt, cidade nigeriana, foi nomeada \u201cCapital Mundial do Livro\u201d pelo comit\u00ea de sele\u00e7\u00e3o integrado por membros da IPA (International publishers Association); IBF (International Booksellers Federation); IFLA (International Federation of Library Associations and Institutions) e da UNESCO. A atual Capital Mundial do Livro \u00e9 Bangcoc, na Tail\u00e2ndia. O t\u00edtulo \u00e9 v\u00e1lido entre as duas celebra\u00e7\u00f5es &hellip; <a href=\"http:\/\/oxisdoproblema.com.br\/?p=1244\" onclick=\"return TrackClick('http%3A%2F%2Foxisdoproblema.com.br%2F%3Fp%3D1244','Continue+lendo+Capital+Mundial+do+Livro+%26%238211%3B+alguma+cidade+brasileira+algum+dia+poder%C3%A1+ser%3F+%26rarr%3B')\" class=\"more-link\">Continue lendo <span class=\"screen-reader-text\">Capital Mundial do Livro &#8211; alguma cidade brasileira algum dia poder\u00e1 ser?<\/span> <span class=\"meta-nav\">&rarr;<\/span><\/a><\/p>\n","protected":false},"author":1,"featured_media":0,"comment_status":"open","ping_status":"open","sticky":false,"template":"","format":"standard","meta":[],"categories":[1],"tags":[363,364],"_links":{"self":[{"href":"http:\/\/oxisdoproblema.com.br\/index.php?rest_route=\/wp\/v2\/posts\/1244"}],"collection":[{"href":"http:\/\/oxisdoproblema.com.br\/index.php?rest_route=\/wp\/v2\/posts"}],"about":[{"href":"http:\/\/oxisdoproblema.com.br\/index.php?rest_route=\/wp\/v2\/types\/post"}],"author":[{"embeddable":true,"href":"http:\/\/oxisdoproblema.com.br\/index.php?rest_route=\/wp\/v2\/users\/1"}],"replies":[{"embeddable":true,"href":"http:\/\/oxisdoproblema.com.br\/index.php?rest_route=%2Fwp%2Fv2%2Fcomments&post=1244"}],"version-history":[{"count":2,"href":"http:\/\/oxisdoproblema.com.br\/index.php?rest_route=\/wp\/v2\/posts\/1244\/revisions"}],"predecessor-version":[{"id":1246,"href":"http:\/\/oxisdoproblema.com.br\/index.php?rest_route=\/wp\/v2\/posts\/1244\/revisions\/1246"}],"wp:attachment":[{"href":"http:\/\/oxisdoproblema.com.br\/index.php?rest_route=%2Fwp%2Fv2%2Fmedia&parent=1244"}],"wp:term":[{"taxonomy":"category","embeddable":true,"href":"http:\/\/oxisdoproblema.com.br\/index.php?rest_route=%2Fwp%2Fv2%2Fcategories&post=1244"},{"taxonomy":"post_tag","embeddable":true,"href":"http:\/\/oxisdoproblema.com.br\/index.php?rest_route=%2Fwp%2Fv2%2Ftags&post=1244"}],"curies":[{"name":"wp","href":"https:\/\/api.w.org\/{rel}","templated":true}]}}