{"id":1235,"date":"2012-07-07T08:54:42","date_gmt":"2012-07-07T11:54:42","guid":{"rendered":"http:\/\/oxisdoproblema.com.br\/?p=1235"},"modified":"2012-07-07T08:54:42","modified_gmt":"2012-07-07T11:54:42","slug":"espacos-da-literatura-brasileira-transformacoes","status":"publish","type":"post","link":"http:\/\/oxisdoproblema.com.br\/?p=1235","title":{"rendered":"ESPA\u00c7OS DA LITERATURA BRASILEIRA: TRANSFORMA\u00c7\u00d5ES"},"content":{"rendered":"<p>Mercado editorial, centros de pesquisa, espa\u00e7o na imprensa, feiras e festas liter\u00e1rias, leis de incentivo cultural, o papel do escritor e suas rela\u00e7\u00f5es na sociedade. As rela\u00e7\u00f5es no \u00e2mbito do sistema da literatura brasileira passam por significativas transforma\u00e7\u00f5es, principalmente desde o final dos anos 1980. O Plano Cruzado, de 1986, com o congelamento dos pre\u00e7os, teve como resultado, naquele ano, um significativo aumento do n\u00famero de livros vendidos, e pode-se dizer que deslanchou um novo momento para autores, leitores e nossa literatura. <\/p>\n<p>De l\u00e1 para c\u00e1 \u2013 com altos e baixos \u2013 vemos um aumento continuado na produ\u00e7\u00e3o e vendas de livros, e do n\u00famero de autores de literatura brasileira lan\u00e7ados. E, se at\u00e9 aquela \u00e9poca, eram rar\u00edssimos os autores que viviam exclusivamente do seu labor liter\u00e1rio, esse n\u00famero aumentou muito significativamente nos \u00faltimos anos, ainda que n\u00e3o necessariamente atrav\u00e9s da forma exclusiva de ganhos com direitos autorais.<\/p>\n<p>O \u201clabor liter\u00e1rio\u201d hoje inclui o cach\u00ea pela participa\u00e7\u00e3o em feiras e festivais de literaturas, oficinas de cria\u00e7\u00e3o liter\u00e1ria, participa\u00e7\u00e3o em programas governamentais de circula\u00e7\u00e3o de autores, j\u00e1 existentes em v\u00e1rios estados, com a contrata\u00e7\u00e3o de autores para a elabora\u00e7\u00e3o de roteiros, tanto de cinema quanto de televis\u00e3o, curadorias liter\u00e1rias e consultoria para editoras. Esse panorama d\u00e1 uma nova fei\u00e7\u00e3o \u00e0 vida liter\u00e1ria e, principalmente, transforma a rela\u00e7\u00e3o dos autores com seus leitores. A \u201cvida liter\u00e1ria\u201d se profissionaliza para al\u00e9m do trabalho solit\u00e1rio da escritura. N\u00e3o basta escrever, tem de saber dar entrevistas, falar para audit\u00f3rios em encontros com escritores, ler suas obras em p\u00fablico ou para a TV etc.<br \/>\n<!--more--><\/p>\n<p>O aumento do n\u00famero de pr\u00eamios liter\u00e1rios \u00e9 outro fen\u00f4meno desse per\u00edodo. At\u00e9 ent\u00e3o t\u00ednhamos apenas o Pr\u00eamio Jabuti, da CBL, e as premia\u00e7\u00f5es da Biblioteca Nacional e da Academia Brasileira de Livros n\u00e3o tinham continuidade e repercuss\u00e3o. De l\u00e1 para c\u00e1 nasceram premia\u00e7\u00f5es mais substanciais, como o Pr\u00eamio Portugal Telecom, o Pr\u00eamio de Literatura do Estado de S. Paulo, o Zaffari-Bourbon da Jornada Liter\u00e1ria de Passo Fundo e outros. A participa\u00e7\u00e3o de autores brasileiros em premia\u00e7\u00f5es internacionais tamb\u00e9m aumentou, como o Pr\u00eamio da Funda\u00e7\u00e3o Saramago, o Pr\u00eamio Juan Rulfo, da Feira do Livro de Guadalajara, que j\u00e1 agraciou N\u00e9lida Pi\u00f1\u00f3n e Rubens Fonseca.<\/p>\n<p>Na \u00e1rea internacional, o fato do pa\u00eds ser \u201ca bola da vez\u201d para estudiosos e jornalistas, h\u00e1 o fen\u00f4meno interessante da crescente demanda para que o Brasil seja convidado como \u201cPa\u00eds Tema\u201d, homenageado em Feiras Internacionais. Na d\u00e9cada de 1990 o Brasil j\u00e1 havia sido homenageado em Frankfurt (1994) e Bogot\u00e1 (1995) e Paris (1998). Em 2001 foi a vez da Feira Internacional do Livro de Guadalajara. Este ano a Feira de Bogot\u00e1 voltou a homenagear o pa\u00eds e ano que vem, pela segunda vez, Frankfurt novamente ser\u00e1 o palco, seguida em 2014 pela Feira do Livro Infantil e Juvenil de Bolonha. E h\u00e1 a previs\u00e3o do Brasil ser tema em 2014 das feiras de Londres e Paris.<\/p>\n<p>Essas homenagens proporcionam uma oportunidade para que os autores sejam conhecidos e divulgados no exterior. V\u00e1rias tradu\u00e7\u00f5es de autores contempor\u00e2neos foram poss\u00edveis a partir de Frankfurt 1994. O Programa de Bolsas para a Tradu\u00e7\u00e3o da BN est\u00e1 criando condi\u00e7\u00f5es para que esse movimento se amplie.<\/p>\n<p>Nesse per\u00edodo a ind\u00fastria editorial brasileira tamb\u00e9m se fortaleceu, ampliou sua capacidade de apresentar produtos com alta qualidade editorial, melhorou as condi\u00e7\u00f5es de distribui\u00e7\u00e3o e j\u00e1 se prepara para a entrada do livro digital. O \u201cmecanismo transmissor\u201d da literatura est\u00e1 cada vez mais sofisticado e diversificado.<\/p>\n<p>Mas o que talvez seja a grande transforma\u00e7\u00e3o \u00e9 o do \u201cconjunto de receptores\u201d. Os diferentes tipos de p\u00fablico, \u201csem os quais a obra n\u00e3o vive\u201d.<\/p>\n<p>Observamos hoje no Brasil um momento de intensa aproxima\u00e7\u00e3o entre os autores e seu p\u00fablico, e essa \u00e9 a grande novidade dos \u00faltimos anos.<\/p>\n<p>N\u00e3o apenas aumentou a quantidade dos leitores em nosso pa\u00eds, embora ainda tenhamos \u00edndices baixos de aquisi\u00e7\u00e3o livros e de leitura, que hoje se situam a 3,74 livros, entre a popula\u00e7\u00e3o leitora. Sa\u00edmos de um patamar onde a leitura era privil\u00e9gio de uma elite altamente restrita para come\u00e7ar o caminho de nos tornarmos um pa\u00eds onde a leitura \u00e9 um fen\u00f4meno de massa. Quando uma pesquisa nos informa que somos quase noventa milh\u00f5es de leitores em 2011 (<a onclick=\"javascript:pageTracker._trackPageview('\/outgoing\/www.prolivro.org.br\/ipl\/publier4.0\/');\"  href=\"http:\/\/www.prolivro.org.br\/ipl\/publier4.0\/\" onclick=\"return TrackClick('http%3A%2F%2Fwww.prolivro.org.br%2Fipl%2Fpublier4.0%2F','Retratos+da+Leitura+no+Brasil')\" target=\"_blank\">Retratos da Leitura no Brasil<\/a>, 2012), tendemos a lamentar o fato de que muita gente ainda n\u00e3o \u00e9 leitor habitual. Mas, por outro lado, se lembrarmos que em 1970 \u00e9ramos \u201cnoventa milh\u00f5es em a\u00e7\u00e3o\u201d para comemorar a Copa do Mundo e que esse n\u00famero hoje \u00e9 o de leitores, h\u00e1 que reconhecer que avan\u00e7amos muito. N\u00e3o tanto quanto gostar\u00edamos, mas aconteceram avan\u00e7os bastante significativos.<\/p>\n<p>A rela\u00e7\u00e3o dos autores com seus leitores tornou-se mais pr\u00f3xima. S\u00e3o cento e cinquenta e tr\u00eas feiras e festivais de livro, leitura e literatura que acontecem este ano no Brasil, em todos os estados, segundo a lista de Feiras e Festivais organizada pela Biblioteca Nacional. E esse \u00e9 um n\u00famero em constante amplia\u00e7\u00e3o. S\u00e3o feiras, festivais pr\u00eamios liter\u00e1rios que ocorrem independente do tamanho da cidade. As prefeituras s\u00e3o as maiores incentivadoras das feiras, ao perceberem que uma atividade cultural deste tipo gera visibilidade para administra\u00e7\u00e3o municipal e para a cidade, al\u00e9m de recursos em impostos. Outros atores importantes na produ\u00e7\u00e3o de eventos liter\u00e1rios s\u00e3o as secretarias estaduais de Cultura ou Educa\u00e7\u00e3o e o SESC. Destaques entre atividades liter\u00e1rias de grande porte s\u00e3o a Jornada Liter\u00e1ria de Passo, a FLIP, as bienais internacionais de livros de S\u00e3o Paulo e Rio. Com atua\u00e7\u00e3o independente destacam-se o complexo de atividades do Sempre um papo, de Afonso Borges e o Paiol de Letras, do Rog\u00e9rio Pereira. Com os grandes eventos chegaram tamb\u00e9m ao mercado liter\u00e1rio os patrocinadores de grande porte, como \u00e9 o caso do Ita\u00fa-Unibanco, o tradicional patrocinador m\u00e1ster da FLIP.<\/p>\n<p>No final dos anos 90 as feiras deixaram de ser eventos estritamente comerciais para agregarem valor \u00e0s suas marcas com os chamados genericamente caf\u00e9s liter\u00e1rios. A marca Sal\u00e3o de Id\u00e9ias, criada em 1998 para o Sal\u00e3o Internacional do Livro de S\u00e3o Paulo, da C\u00e2mara Brasileira do Livro, \u00e9 \u201cemprestada\u201d pela entidade dos editores para diversas feiras de livros brasileiras. Foram-se os tempos her\u00f3icos em que Lygia Fagundes Telles, Ign\u00e1cio de Loyola Brand\u00e3o, Antonio Tores, Jo\u00e3o Antonio, Moacyr Scliar, entre outros grandes escritores, percorriam o pa\u00eds para fazerem palestras sem cach\u00ea, recompensados pela venda de alguns livros depois de suas participa\u00e7\u00f5es. Veja a <a onclick=\"javascript:pageTracker._trackPageview('\/outgoing\/www.bn.br\/circuitodefeiras\/calNacLivro2012.pdf');\"  href=\"http:\/\/www.bn.br\/circuitodefeiras\/calNacLivro2012.pdf\" onclick=\"return TrackClick('http%3A%2F%2Fwww.bn.br%2Fcircuitodefeiras%2FcalNacLivro2012.pdf','rela%C3%A7%C3%A3o')\" target=\"_blank\">rela\u00e7\u00e3o<\/a> das feiras e festas liter\u00e1rias registradas pela Biblioteca Nacional. <\/p>\n<p>Interessante ainda \u00e9 o n\u00famero crescente de leitores-autores, que se verifica no fen\u00f4meno dos saraus liter\u00e1rios que se espalham pelo pa\u00eds. S\u00e3o mais de cinquenta s\u00f3 na Grande S. Paulo, a partir da iniciativa do Sarau da Cooperifa, iniciado h\u00e1 doze anos. E o grande diferencial desses saraus \u00e9 que seus frequentadores s\u00e3o, ao mesmo tempo, leitores e escritores.<\/p>\n<p>O velho sarau, reuni\u00e3o familiar e de amigos, dedicado ao cultivo de pe\u00e7as cl\u00e1ssicas,torna-se um fen\u00f4meno popular e quase de massas.<\/p>\n<p>O crescimento dos espa\u00e7os para a literatura brasileira \u00e9 o motor da transforma\u00e7\u00e3o: saraus, festivais liter\u00e1rios, feiras de livro. Em todos esses espa\u00e7os, o conjunto dos receptores d\u00e1 cada vez mais sentido ao fazer liter\u00e1rio. N\u00e3o se trata apenas de um combinado de diferentes p\u00fablicos. Cada vez mais, o espa\u00e7o dos leitores, o di\u00e1logo entre estes e os autores, se transforma nos fen\u00f4meno mais din\u00e2mico da nossa literatura. Uma literatura cada vez mais capaz de falar para os brasileiros e para o mundo.<\/p>\n<p><em>Texto apresentado em evento no Festival Liter\u00e1rio Internacional de Paraty<\/em><\/p>\n","protected":false},"excerpt":{"rendered":"<p>Mercado editorial, centros de pesquisa, espa\u00e7o na imprensa, feiras e festas liter\u00e1rias, leis de incentivo cultural, o papel do escritor e suas rela\u00e7\u00f5es na sociedade. As rela\u00e7\u00f5es no \u00e2mbito do sistema da literatura brasileira passam por significativas transforma\u00e7\u00f5es, principalmente desde o final dos anos 1980. O Plano Cruzado, de 1986, com o congelamento dos pre\u00e7os, &hellip; <a href=\"http:\/\/oxisdoproblema.com.br\/?p=1235\" onclick=\"return TrackClick('http%3A%2F%2Foxisdoproblema.com.br%2F%3Fp%3D1235','Continue+lendo+ESPA%C3%87OS+DA+LITERATURA+BRASILEIRA%3A+TRANSFORMA%C3%87%C3%95ES+%26rarr%3B')\" class=\"more-link\">Continue lendo <span class=\"screen-reader-text\">ESPA\u00c7OS DA LITERATURA BRASILEIRA: TRANSFORMA\u00c7\u00d5ES<\/span> <span class=\"meta-nav\">&rarr;<\/span><\/a><\/p>\n","protected":false},"author":1,"featured_media":0,"comment_status":"open","ping_status":"open","sticky":false,"template":"","format":"standard","meta":[],"categories":[1],"tags":[358,29,134],"_links":{"self":[{"href":"http:\/\/oxisdoproblema.com.br\/index.php?rest_route=\/wp\/v2\/posts\/1235"}],"collection":[{"href":"http:\/\/oxisdoproblema.com.br\/index.php?rest_route=\/wp\/v2\/posts"}],"about":[{"href":"http:\/\/oxisdoproblema.com.br\/index.php?rest_route=\/wp\/v2\/types\/post"}],"author":[{"embeddable":true,"href":"http:\/\/oxisdoproblema.com.br\/index.php?rest_route=\/wp\/v2\/users\/1"}],"replies":[{"embeddable":true,"href":"http:\/\/oxisdoproblema.com.br\/index.php?rest_route=%2Fwp%2Fv2%2Fcomments&post=1235"}],"version-history":[{"count":3,"href":"http:\/\/oxisdoproblema.com.br\/index.php?rest_route=\/wp\/v2\/posts\/1235\/revisions"}],"predecessor-version":[{"id":1238,"href":"http:\/\/oxisdoproblema.com.br\/index.php?rest_route=\/wp\/v2\/posts\/1235\/revisions\/1238"}],"wp:attachment":[{"href":"http:\/\/oxisdoproblema.com.br\/index.php?rest_route=%2Fwp%2Fv2%2Fmedia&parent=1235"}],"wp:term":[{"taxonomy":"category","embeddable":true,"href":"http:\/\/oxisdoproblema.com.br\/index.php?rest_route=%2Fwp%2Fv2%2Fcategories&post=1235"},{"taxonomy":"post_tag","embeddable":true,"href":"http:\/\/oxisdoproblema.com.br\/index.php?rest_route=%2Fwp%2Fv2%2Ftags&post=1235"}],"curies":[{"name":"wp","href":"https:\/\/api.w.org\/{rel}","templated":true}]}}