{"id":122,"date":"2011-07-06T18:28:17","date_gmt":"2011-07-06T21:28:17","guid":{"rendered":"http:\/\/oxisdoproblema.com.br\/blog\/?p=122"},"modified":"2011-07-07T00:25:08","modified_gmt":"2011-07-07T03:25:08","slug":"livro-eletronico-resenha-eletronica","status":"publish","type":"post","link":"http:\/\/oxisdoproblema.com.br\/?p=122","title":{"rendered":"Livro eletr\u00f4nico &#8211; resenha eletr\u00f4nica"},"content":{"rendered":"<p>A chegada dos e-books mexe n\u00e3o apenas no mercado editorial. Mexe tamb\u00e9m com a percep\u00e7\u00e3o que os leitores possam ter do que acontece, e de onde acontecem as coisas.<\/p>\n<p>A Amazon h\u00e1 muito abriu um espa\u00e7o para resenhas &#8211; positivas e negativas &#8211; postadas pelos leitores dos livros vendidos pelo Kindle. E posso garantir que h\u00e1 coisas muito interessantes ali. Gente que se deu ao trabalho de refletir sobre o que leu e compartilha com outros poss\u00edveis leitores. Tem muita abobrinha tamb\u00e9m, \u00e9 claro. Faz parte.<\/p>\n<p>O Marcelino Freire, contista da minha maior admira\u00e7\u00e3o, fundou uma editora, a <strong><a onclick=\"javascript:pageTracker._trackPageview('\/outgoing\/migre.me\/5c9Oy');\"  href=\"http:\/\/migre.me\/5c9Oy\" onclick=\"return TrackClick('http%3A%2F%2Fmigre.me%2F5c9Oy','Edith')\" target=\"_blank\">Edith<\/a><\/strong> onde publicou seu \u00faltimo livro, <strong>Amar \u00e9 Crime<\/strong>, que saiu primeiro dispon\u00edvel nos e-readers da Gato Sabido e da Amazon (para os atrasados: n\u00e3o se preocupem, vai ter edi\u00e7\u00e3o impressa tamb\u00e9m &#8211; vejam no link acima a data do lan\u00e7amento. Dia 13 de Julho no Sarau da Cooperifa, do grande S\u00e9rgio Vaz) e j\u00e1 ganhou uma resenha eletr\u00f4nica, em blog. Pode ser vista neste <a onclick=\"javascript:pageTracker._trackPageview('\/outgoing\/migre.me\/5c9Xu');\"  href=\"http:\/\/migre.me\/5c9Xu\" onclick=\"return TrackClick('http%3A%2F%2Fmigre.me%2F5c9Xu','link')\" target=\"_blank\">link<\/a> a resenha do Eduardo S. Nasi.<br \/>\nParab\u00e9ns para o Marcelino.<\/p>\n","protected":false},"excerpt":{"rendered":"<p>A chegada dos e-books mexe n\u00e3o apenas no mercado editorial. Mexe tamb\u00e9m com a percep\u00e7\u00e3o que os leitores possam ter do que acontece, e de onde acontecem as coisas. A Amazon h\u00e1 muito abriu um espa\u00e7o para resenhas &#8211; positivas e negativas &#8211; postadas pelos leitores dos livros vendidos pelo Kindle. E posso garantir que &hellip; <a href=\"http:\/\/oxisdoproblema.com.br\/?p=122\" onclick=\"return TrackClick('http%3A%2F%2Foxisdoproblema.com.br%2F%3Fp%3D122','Continue+lendo+Livro+eletr%C3%B4nico+%26%238211%3B+resenha+eletr%C3%B4nica+%26rarr%3B')\" class=\"more-link\">Continue lendo <span class=\"screen-reader-text\">Livro eletr\u00f4nico &#8211; resenha eletr\u00f4nica<\/span> <span class=\"meta-nav\">&rarr;<\/span><\/a><\/p>\n","protected":false},"author":1,"featured_media":0,"comment_status":"open","ping_status":"open","sticky":false,"template":"","format":"standard","meta":[],"categories":[1],"tags":[22,21,23],"_links":{"self":[{"href":"http:\/\/oxisdoproblema.com.br\/index.php?rest_route=\/wp\/v2\/posts\/122"}],"collection":[{"href":"http:\/\/oxisdoproblema.com.br\/index.php?rest_route=\/wp\/v2\/posts"}],"about":[{"href":"http:\/\/oxisdoproblema.com.br\/index.php?rest_route=\/wp\/v2\/types\/post"}],"author":[{"embeddable":true,"href":"http:\/\/oxisdoproblema.com.br\/index.php?rest_route=\/wp\/v2\/users\/1"}],"replies":[{"embeddable":true,"href":"http:\/\/oxisdoproblema.com.br\/index.php?rest_route=%2Fwp%2Fv2%2Fcomments&post=122"}],"version-history":[{"count":4,"href":"http:\/\/oxisdoproblema.com.br\/index.php?rest_route=\/wp\/v2\/posts\/122\/revisions"}],"predecessor-version":[{"id":126,"href":"http:\/\/oxisdoproblema.com.br\/index.php?rest_route=\/wp\/v2\/posts\/122\/revisions\/126"}],"wp:attachment":[{"href":"http:\/\/oxisdoproblema.com.br\/index.php?rest_route=%2Fwp%2Fv2%2Fmedia&parent=122"}],"wp:term":[{"taxonomy":"category","embeddable":true,"href":"http:\/\/oxisdoproblema.com.br\/index.php?rest_route=%2Fwp%2Fv2%2Fcategories&post=122"},{"taxonomy":"post_tag","embeddable":true,"href":"http:\/\/oxisdoproblema.com.br\/index.php?rest_route=%2Fwp%2Fv2%2Ftags&post=122"}],"curies":[{"name":"wp","href":"https:\/\/api.w.org\/{rel}","templated":true}]}}