{"id":1187,"date":"2012-06-11T18:22:21","date_gmt":"2012-06-11T21:22:21","guid":{"rendered":"http:\/\/oxisdoproblema.com.br\/?p=1187"},"modified":"2012-06-11T18:22:21","modified_gmt":"2012-06-11T21:22:21","slug":"associacao-internacional-dos-editores-faz-seu-congresso-na-africa-do-sul","status":"publish","type":"post","link":"http:\/\/oxisdoproblema.com.br\/?p=1187","title":{"rendered":"Associa\u00e7\u00e3o Internacional dos Editores faz seu Congresso na \u00c1frica do Sul"},"content":{"rendered":"<p>A <em><a onclick=\"javascript:pageTracker._trackPageview('\/outgoing\/www.internationalpublishers.org\/');\"  href=\"http:\/\/www.internationalpublishers.org\/\" onclick=\"return TrackClick('http%3A%2F%2Fwww.internationalpublishers.org%2F','Associa%C3%A7%C3%A3o+Internacional+dos+Editores+%28IPA%29')\" target=\"_blank\">Associa\u00e7\u00e3o Internacional dos Editores (IPA)<\/a><\/em>  inaugura amanh\u00e3, dia 12, seu 29\u00ba. Congresso Internacional, em Cape Town, \u00c1frica do Sul. \u00c9 a primeira vez, em 116 anos de hist\u00f3ria, que a organiza\u00e7\u00e3o que congrega internacionalmente os editores se re\u00fane no continente africano. O Congresso se re\u00fane sob o tema \u201cEditar para uma nova era\u201d para discutir as oportunidades e desafios da edi\u00e7\u00e3o digital, as amea\u00e7as de representadas por editoras e programas estatais de edi\u00e7\u00e3o e as mudan\u00e7as em discuss\u00e3o nas leis de direito autoral e de propriedade intelectual.<\/p>\n<p>Notamos no programa, que pode ser acessado <a onclick=\"javascript:pageTracker._trackPageview('\/outgoing\/migre.me\/9rKhY');\"  href=\"http:\/\/migre.me\/9rKhY\" onclick=\"return TrackClick('http%3A%2F%2Fmigre.me%2F9rKhY','aqui')\" target=\"_blank\">aqui<\/a> a presen\u00e7a oficial de dois brasileiros nas diferentes mesas: Karine Pansa, presidente da CBL, e Dalton Morato, Diretor da ABDR. <\/p>\n<p>O Dr. Morato falar\u00e1 na mesa sobre as mudan\u00e7as em discuss\u00e3o na lei de direitos autorais \u2013 e certamente aproveitar\u00e1 a oportunidade para salientar a posi\u00e7\u00e3o da ABDR de adotar medidas judiciais para derrubada de sites e a recusa a permitir licenciamento para reprodu\u00e7\u00e3o parcial de obras protegidas, com exce\u00e7\u00e3o da \u201cPasta do Professor\u201d alimentada por algumas editoras. <\/p>\n<p>A presidente da CBL, Karine Pansa, participa de uma mesa sobre o crescimento dos mercados nos pa\u00edses em desenvolvimento.<\/p>\n<p>No dia 11, antes da abertura do Congresso, haver\u00e1 um semin\u00e1rio sobre a edi\u00e7\u00e3o do segmento t\u00e9cnico-cient\u00edfico-m\u00e9dico (STM), atrav\u00e9s de sua associa\u00e7\u00e3o internacional, com a Publishers Association of South Africa (PASA), para debater a situa\u00e7\u00e3o do segmento na \u00c1frica do Sul.<\/p>\n","protected":false},"excerpt":{"rendered":"<p>A Associa\u00e7\u00e3o Internacional dos Editores (IPA) inaugura amanh\u00e3, dia 12, seu 29\u00ba. Congresso Internacional, em Cape Town, \u00c1frica do Sul. \u00c9 a primeira vez, em 116 anos de hist\u00f3ria, que a organiza\u00e7\u00e3o que congrega internacionalmente os editores se re\u00fane no continente africano. O Congresso se re\u00fane sob o tema \u201cEditar para uma nova era\u201d para &hellip; <a href=\"http:\/\/oxisdoproblema.com.br\/?p=1187\" onclick=\"return TrackClick('http%3A%2F%2Foxisdoproblema.com.br%2F%3Fp%3D1187','Continue+lendo+Associa%C3%A7%C3%A3o+Internacional+dos+Editores+faz+seu+Congresso+na+%C3%81frica+do+Sul+%26rarr%3B')\" class=\"more-link\">Continue lendo <span class=\"screen-reader-text\">Associa\u00e7\u00e3o Internacional dos Editores faz seu Congresso na \u00c1frica do Sul<\/span> <span class=\"meta-nav\">&rarr;<\/span><\/a><\/p>\n","protected":false},"author":1,"featured_media":0,"comment_status":"open","ping_status":"open","sticky":false,"template":"","format":"standard","meta":[],"categories":[1],"tags":[281,28,284],"_links":{"self":[{"href":"http:\/\/oxisdoproblema.com.br\/index.php?rest_route=\/wp\/v2\/posts\/1187"}],"collection":[{"href":"http:\/\/oxisdoproblema.com.br\/index.php?rest_route=\/wp\/v2\/posts"}],"about":[{"href":"http:\/\/oxisdoproblema.com.br\/index.php?rest_route=\/wp\/v2\/types\/post"}],"author":[{"embeddable":true,"href":"http:\/\/oxisdoproblema.com.br\/index.php?rest_route=\/wp\/v2\/users\/1"}],"replies":[{"embeddable":true,"href":"http:\/\/oxisdoproblema.com.br\/index.php?rest_route=%2Fwp%2Fv2%2Fcomments&post=1187"}],"version-history":[{"count":2,"href":"http:\/\/oxisdoproblema.com.br\/index.php?rest_route=\/wp\/v2\/posts\/1187\/revisions"}],"predecessor-version":[{"id":1189,"href":"http:\/\/oxisdoproblema.com.br\/index.php?rest_route=\/wp\/v2\/posts\/1187\/revisions\/1189"}],"wp:attachment":[{"href":"http:\/\/oxisdoproblema.com.br\/index.php?rest_route=%2Fwp%2Fv2%2Fmedia&parent=1187"}],"wp:term":[{"taxonomy":"category","embeddable":true,"href":"http:\/\/oxisdoproblema.com.br\/index.php?rest_route=%2Fwp%2Fv2%2Fcategories&post=1187"},{"taxonomy":"post_tag","embeddable":true,"href":"http:\/\/oxisdoproblema.com.br\/index.php?rest_route=%2Fwp%2Fv2%2Ftags&post=1187"}],"curies":[{"name":"wp","href":"https:\/\/api.w.org\/{rel}","templated":true}]}}