{"id":1184,"date":"2012-06-08T12:55:39","date_gmt":"2012-06-08T15:55:39","guid":{"rendered":"http:\/\/oxisdoproblema.com.br\/?p=1184"},"modified":"2012-06-08T12:55:39","modified_gmt":"2012-06-08T15:55:39","slug":"leitores-nas-feiras-profissionais-de-livros","status":"publish","type":"post","link":"http:\/\/oxisdoproblema.com.br\/?p=1184","title":{"rendered":"Leitores nas feiras profissionais de livros"},"content":{"rendered":"<p>A BookExpo America, que encerrou ontem em Nova York, \u00e9 uma feira profissional, tal como a de Frankfurt. Mas, ao contr\u00e1rio da feira alem\u00e3, seu foco \u00e9 nas vendas das editoras aos livreiros, e n\u00e3o em direitos autorais. A feira de Frankfurt permite o ingresso do p\u00fablico em geral (desde que adquira o ingresso, que \u00e9 caro), mas as vendas s\u00f3 podem ser feitas no domingo, \u00faltimo dia do evento. A BookExpo America n\u00e3o permitia a entrada do p\u00fablico em geral.<\/p>\n<p>At\u00e9 este ano, quando instituiu um <em>Consumer\u2019s Day<\/em> destinado especificamente a <em>Power Readers<\/em>. O ingresso custava US $ 45 e n\u00e3o era qualquer um que podia adquiri-lo. Isso s\u00f3 era poss\u00edvel se o interessado fosse selecionado em alguma das listas preparadas por livrarias independentes, por associa\u00e7\u00f5es de escritores ou pela New York Public Library.<\/p>\n<p>O resultado n\u00e3o agradou gregos e troianos, como relata a mat\u00e9ria do <a onclick=\"javascript:pageTracker._trackPageview('\/outgoing\/migre.me\/9piBC');\"  href=\"http:\/\/migre.me\/9piBC\" onclick=\"return TrackClick('http%3A%2F%2Fmigre.me%2F9piBC','Publisher%E2%80%99s+Weekly')\">Publisher\u2019s Weekly<\/a>. Alguns <em>Power Readers<\/em> reclamaram do pre\u00e7o (reclama\u00e7\u00e3o elementar, \u00e9 claro) e de que a informa\u00e7\u00e3o de que o ingresso era poss\u00edvel ter sido escassa. Entre editores, houve os que gostaram da presen\u00e7a dos leitores em palestras de autores (na BEA estas s\u00e3o de temas profissionais, das rela\u00e7\u00f5es entre os componentes da ind\u00fastria editorial: autores, editores e livreiros) e que achavam que esses leitores iriam gerar o famoso boca-a-boca. Outros expositores reclamaram, dizendo que os n\u00e3o profissionais (ainda que <em>Power Readers<\/em>) distra\u00edam sua aten\u00e7\u00e3o das reuni\u00f5es com livreiros, consumiam o material de divulga\u00e7\u00e3o levado para os livreiros e at\u00e9 interromperam \u201crudemente\u201d algumas reuni\u00f5es. <\/p>\n<p>\u00c9 bom destacar que a BEA \u00e9 o palco do lan\u00e7amento das principais cole\u00e7\u00f5es do segundo semestre nos EUA. L\u00e1 a ind\u00fastria editorial ainda mant\u00e9m uma forte caracter\u00edstica sazonal (ali\u00e1s como \u00e9 tamb\u00e9m a <em>Rentr\u00e9e Litt\u00e9raire<\/em> francesa), de modo que a BEA \u2013 antiga feira da ABA \u2013 American Booksellers Association parece muito mais uma conven\u00e7\u00e3o de vendas que um evento cultural.<\/p>\n","protected":false},"excerpt":{"rendered":"<p>A BookExpo America, que encerrou ontem em Nova York, \u00e9 uma feira profissional, tal como a de Frankfurt. Mas, ao contr\u00e1rio da feira alem\u00e3, seu foco \u00e9 nas vendas das editoras aos livreiros, e n\u00e3o em direitos autorais. A feira de Frankfurt permite o ingresso do p\u00fablico em geral (desde que adquira o ingresso, que &hellip; <a href=\"http:\/\/oxisdoproblema.com.br\/?p=1184\" onclick=\"return TrackClick('http%3A%2F%2Foxisdoproblema.com.br%2F%3Fp%3D1184','Continue+lendo+Leitores+nas+feiras+profissionais+de+livros+%26rarr%3B')\" class=\"more-link\">Continue lendo <span class=\"screen-reader-text\">Leitores nas feiras profissionais de livros<\/span> <span class=\"meta-nav\">&rarr;<\/span><\/a><\/p>\n","protected":false},"author":1,"featured_media":0,"comment_status":"open","ping_status":"open","sticky":false,"template":"","format":"standard","meta":[],"categories":[1],"tags":[341],"_links":{"self":[{"href":"http:\/\/oxisdoproblema.com.br\/index.php?rest_route=\/wp\/v2\/posts\/1184"}],"collection":[{"href":"http:\/\/oxisdoproblema.com.br\/index.php?rest_route=\/wp\/v2\/posts"}],"about":[{"href":"http:\/\/oxisdoproblema.com.br\/index.php?rest_route=\/wp\/v2\/types\/post"}],"author":[{"embeddable":true,"href":"http:\/\/oxisdoproblema.com.br\/index.php?rest_route=\/wp\/v2\/users\/1"}],"replies":[{"embeddable":true,"href":"http:\/\/oxisdoproblema.com.br\/index.php?rest_route=%2Fwp%2Fv2%2Fcomments&post=1184"}],"version-history":[{"count":2,"href":"http:\/\/oxisdoproblema.com.br\/index.php?rest_route=\/wp\/v2\/posts\/1184\/revisions"}],"predecessor-version":[{"id":1186,"href":"http:\/\/oxisdoproblema.com.br\/index.php?rest_route=\/wp\/v2\/posts\/1184\/revisions\/1186"}],"wp:attachment":[{"href":"http:\/\/oxisdoproblema.com.br\/index.php?rest_route=%2Fwp%2Fv2%2Fmedia&parent=1184"}],"wp:term":[{"taxonomy":"category","embeddable":true,"href":"http:\/\/oxisdoproblema.com.br\/index.php?rest_route=%2Fwp%2Fv2%2Fcategories&post=1184"},{"taxonomy":"post_tag","embeddable":true,"href":"http:\/\/oxisdoproblema.com.br\/index.php?rest_route=%2Fwp%2Fv2%2Ftags&post=1184"}],"curies":[{"name":"wp","href":"https:\/\/api.w.org\/{rel}","templated":true}]}}