{"id":1141,"date":"2012-05-22T11:49:35","date_gmt":"2012-05-22T14:49:35","guid":{"rendered":"http:\/\/oxisdoproblema.com.br\/?p=1141"},"modified":"2012-05-22T11:49:35","modified_gmt":"2012-05-22T14:49:35","slug":"bibliotecas-no-meio-de-duas-polemicas","status":"publish","type":"post","link":"http:\/\/oxisdoproblema.com.br\/?p=1141","title":{"rendered":"BIBLIOTECAS NO MEIO DE DUAS POL\u00caMICAS"},"content":{"rendered":"<p><a href=\"http:\/\/oxisdoproblema.com.br\/?attachment_id=1142\" onclick=\"return TrackClick('http%3A%2F%2Foxisdoproblema.com.br%2F%3Fattachment_id%3D1142','Capturar')\" rel=\"attachment wp-att-1142\"><img decoding=\"async\" loading=\"lazy\" src=\"http:\/\/oxisdoproblema.com.br\/wp-content\/uploads\/2012\/05\/Capturar2.jpg\" alt=\"\" title=\"Capturar\" width=\"861\" height=\"493\" class=\"aligncenter size-full wp-image-1142\" srcset=\"http:\/\/oxisdoproblema.com.br\/wp-content\/uploads\/2012\/05\/Capturar2.jpg 861w, http:\/\/oxisdoproblema.com.br\/wp-content\/uploads\/2012\/05\/Capturar2-300x171.jpg 300w\" sizes=\"(max-width: 861px) 100vw, 861px\" \/><\/a><\/p>\n<p>As bibliotecas estiveram presentes em duas pol\u00eamicas que correram na Internet semana passada.<\/p>\n<p>A primeira foi provocada por um artigo do jornalista Lu\u00eds Ant\u00f4nio Giron, publicado em seu blog da <a onclick=\"javascript:pageTracker._trackPageview('\/outgoing\/migre.me\/9aiDx');\"  href=\"http:\/\/migre.me\/9aiDx\" onclick=\"return TrackClick('http%3A%2F%2Fmigre.me%2F9aiDx','Revista+%C3%89poca')\" target=\"_blank\">Revista \u00c9poca<\/a> no qual relatava uma experi\u00eancia que considerou desastrosa ao visitar a biblioteca p\u00fablica de seu bairro (n\u00e3o disse qual era), onde n\u00e3o encontrou o que buscava. O trecho que provocou dezenas de coment\u00e1rios, muitos irados, de bibliotec\u00e1rias, foi o seguinte:<\/p>\n<p><em>\u201cCheguei de mansinho, talvez pensando em reencontrar nas prateleiras os livros que mais me influenciaram e emocionaram. Topei com prateleiras de metal com volumes empoeirados \u00e0 espera de um leitor que nunca mais apareceu. O lugar estava oco. A bibliotec\u00e1ria me atendeu com aquela suave descortesia t\u00edpica dessa categoria profissional, como se o visitante fosse um intruso a ser tolerado, mas n\u00e3o absolvido. Eu sei que as bibliotec\u00e1rias, entre suas muitas fun\u00e7\u00f5es hoje em dia, sentem-se na obriga\u00e7\u00e3o de ocultar os volumes mais raros de suas respectivas bibliotecas. Bibliotecas mais escondem do que mostram. H\u00e1 dep\u00f3sitos ou estantes secretas vedadas aos visitantes. S\u00e3o as melhores \u2013 e, gra\u00e7as \u00e0s bibliotec\u00e1rias, voc\u00ea jamais chegar\u00e1 a elas.\u201d<br \/>\n<\/em><br \/>\n<!--more--><\/p>\n<p>A segunda pol\u00eamica foi a do fechamento do site www.livrosdehumanas.org por iniciativa da ABDR \u2013 Associa\u00e7\u00e3o Brasileira de Direitos Autorais, sob a acusa\u00e7\u00e3o de viola\u00e7\u00e3o de direitos de autores e editores. \u00c9 a terceira vez que o site \u00e9 fechado por problemas semelhantes. Jos\u00e9lia Aguiar publicou em seu blog <a onclick=\"javascript:pageTracker._trackPageview('\/outgoing\/migre.me\/9aiZz');\"  href=\"http:\/\/migre.me\/9aiZz\" onclick=\"return TrackClick('http%3A%2F%2Fmigre.me%2F9aiZz','Livros+Etc.')\" target=\"_blank\">Livros Etc.<\/a> uma entrevista com Thiago (sem sobrenome), apresentado como coordenador do site. O entrevistado responde a uma das perguntas:<\/p>\n<p><em>\u201cSou estudante, rec\u00e9m-formado e me preparando para o mestrado da Letras-USP. Em 2009 a xerox do curso  \u2013 ilegal para a ABDR, mas sem a qual ningu\u00e9m consegue estudar na USP ou em qualquer outra universidade brasileira\u2013 aumentou o valor da p\u00e1gina fotocopiada para R$ 0,15, acr\u00e9scimo de 50%. Isto motivou um grupo de estudantes a compartilhar o conte\u00fado de suas disciplinas em sites como 4shared e mediafire. O blog funcionava como um indexador destes links.\u201d<br \/>\n<\/em><br \/>\nEle n\u00e3o informa a raz\u00e3o pela qual \u201cningu\u00e9m consegue estudar na USP ou em qualquer outra universidade\u201d sem apelar para as reprografias. Eu afirmo aqui, com todas as letras: porque as bibliotecas universit\u00e1rias s\u00e3o MUITO ruins, perdendo apenas para as bibliotecas p\u00fablicas em geral na qualidade.<\/p>\n<p>Antes que bibliotec\u00e1rias e defensores da reprografia me ataquem, vou logo dizendo: a quest\u00e3o do acesso p\u00fablico aos livros \u00e9 uma bandeira que defendo h\u00e1 muitos anos, e as bibliotec\u00e1rias (os) <strong>N\u00c3O S\u00c3O<\/strong> respons\u00e1veis pela situa\u00e7\u00e3o prec\u00e1ria das bibliotecas brasileiras. E os fatos que discuto aqui tamb\u00e9m t\u00eam exce\u00e7\u00f5es, as sempre bem-vindas e necess\u00e1rias exce\u00e7\u00f5es que confirmam a regra. N\u00e3o quero incorrer no principal \u201cpecado\u201d do Gir\u00f3n, segundo suas atacantes, que \u00e9 o da generaliza\u00e7\u00e3o indiscriminada.<\/p>\n<p>Vou tentar esmiu\u00e7ar um pouco as quest\u00f5es.<\/p>\n<p>Quem primeiro reconhece a situa\u00e7\u00e3o prec\u00e1ria do sistema de bibliotecas p\u00fablicas brasileira \u00e9 o pr\u00f3prio Minist\u00e9rio da Cultura, que encomendou uma ampla pesquisa, feita pela FGV, sobre a situa\u00e7\u00e3o. O link para os dados da pesquisa est\u00e1 <a onclick=\"javascript:pageTracker._trackPageview('\/outgoing\/migre.me\/9ajHC');\"  href=\"http:\/\/migre.me\/9ajHC\" onclick=\"return TrackClick('http%3A%2F%2Fmigre.me%2F9ajHC','aqui')\" target=\"_blank\">aqui<\/a>. Os dados s\u00e3o, literalmente, estarrecedores. No que diz respeito \u00e0 cr\u00edtica do Gir\u00f3n vale ressaltar os seguintes dados sobre o perfil dos \u201cdirigentes\u201d (respons\u00e1veis) pelas bibliotecas p\u00fablicas: 1% deles completaram apenas o ensino fundamental 1 (antigo prim\u00e1rio); 2%, o ensino fundamental II (antigo gin\u00e1sio); 40%, o ensino m\u00e9dio; e 57% completaram o ensino superior. Entretanto, apenas 11% desses dirigentes s\u00e3o bibliotec\u00e1rios (ou bibliotec\u00f4nomos, ou \u201ccientistas da informa\u00e7\u00e3o\u201d, como recentemente andam sendo chamados); 18% s\u00e3o pedagogos; 7% formados em letras; 4% em hist\u00f3ria e o resto em outras gradua\u00e7\u00f5es.<\/p>\n<p>A possibilidade de quem o atendeu com a tal \u201csuave descortesia\u201d seja uma bibliotec\u00e1ria \u00e9 bem remota. Mas isso n\u00e3o importa. O fato \u00e9 que o n\u00edvel de capacita\u00e7\u00e3o do pessoal de bibliotecas deixa a desejar. N\u00e3o por serem bibliotec\u00e1rios(as). Muito pelo contr\u00e1rio. Trata-se simplesmente de parte do problema de qualifica\u00e7\u00e3o geral do pessoal para o sistema. A sensa\u00e7\u00e3o de descaso descrita pelo Gir\u00f3n, infelizmente, \u00e9 verdade para muitas bibliotecas, e tamb\u00e9m n\u00e3o \u00e9 verdadeira para outras. H\u00e1 experi\u00eancias comprovando todas. Assim como h\u00e1 bons e maus funcion\u00e1rios p\u00fablicos em geral (e acredito que a maioria seja competente e interessada em bem desempenhar seu servi\u00e7o ao p\u00fablico), existem bons e maus atendentes de bibliotecas. <em>C\u2019est la vie<\/em>.<\/p>\n<p>Dito seja que n\u00e3o concordo com a posi\u00e7\u00e3o antiga defendida pelo Conselho Federal de Biblioteconomia de que o respons\u00e1vel por cada biblioteca deva necessariamente ter gradua\u00e7\u00e3o na \u00e1rea. Considero essa posi\u00e7\u00e3o corporativista e irreal (se o CFB mudou o matizou sua posi\u00e7\u00e3o, alv\u00edssaras). Com a aprova\u00e7\u00e3o da lei que d\u00e1 prazo para que as escolas tenham bibliotecas, n\u00e3o h\u00e1 condi\u00e7\u00f5es de que isso seja cumprido. A solu\u00e7\u00e3o est\u00e1 no desenvolvimento de sistemas nos quais profissionais bibliotec\u00e1rios supervisionem o funcionamento de v\u00e1rias bibliotecas e que o atendimento de frente seja feito por t\u00e9cnicos de ensino m\u00e9dio e <strong>VOLUNT\u00c1RIOS<\/strong>. Devidamente capacitados.<\/p>\n<p>Quem j\u00e1 visitou o magn\u00edfico pr\u00e9dio da Rua 42, em Nova York, principal sede da Biblioteca P\u00fablica da metr\u00f3pole, sabe que praticamente todo o atendimento de frente \u00e9 feito por volunt\u00e1rios. A maioria \u00e9 de senhoras que se disp\u00f5em a doar algumas horas por semana para ajudar a Biblioteca, e s\u00f3 se chega a consultar um bibliotec\u00e1rio(a) quando se trata de quest\u00f5es t\u00e9cnicas relevantes. A Biblioteca organiza e capacita a esses volunt\u00e1rios, de modo que haja sempre um atendimento correto, eficiente e simpatic\u00edssimo por parte dessas senhoras volunt\u00e1rias. E isso tudo diz muito tamb\u00e9m sobre a integra\u00e7\u00e3o da biblioteca com a comunidade a que serve.<\/p>\n<p>O importante \u00e9 salientar que, desde antes do Censo, os respons\u00e1veis pelas pol\u00edticas p\u00fablicas de bibliotecas do Brasil v\u00eam desenvolvendo esfor\u00e7os enormes para melhorar essa situa\u00e7\u00e3o. Ainda existem munic\u00edpios que n\u00e3o t\u00eam nenhuma BP, e a situa\u00e7\u00e3o da maioria \u00e9 lament\u00e1vel, sem d\u00favida nenhuma.<\/p>\n<p>N\u00e3o vou aqui listar as medidas que vem sendo tomadas pela administra\u00e7\u00e3o do Galeno Amorim na Biblioteca Nacional, onde o Sistema Nacional de Bibliotecas conta com a colabora\u00e7\u00e3o de uma profissional competent\u00edssima, Elisa Machado. Tampouco vou assumir aqui o papel de defensor do sistema de bibliotecas p\u00fablicas de S. Paulo, dirigido por Maria Zenita Monteiro. O sistema, sob a administra\u00e7\u00e3o do Carlos Augusto Calil na Secretaria de Cultura, tem melhorado muito nos \u00faltimos anos, inclusive com <a onclick=\"javascript:pageTracker._trackPageview('\/outgoing\/migre.me\/9akN3');\"  href=\"http:\/\/migre.me\/9akN3\" onclick=\"return TrackClick('http%3A%2F%2Fmigre.me%2F9akN3','consulta')\" target=\"_blank\">consulta<\/a> via Internet do acervo. E n\u00e3o \u00e9 justo confundir a readequa\u00e7\u00e3o de bibliotecas (com sua transforma\u00e7\u00e3o em bibliotecas tem\u00e1ticas) com a extin\u00e7\u00e3o de bibliotecas. E uma boa reportagem com as duas profissionais mencionadas pode dar luz \u00e0 dimens\u00e3o dos problemas e dos esfor\u00e7os que est\u00e3o sendo feitos.<\/p>\n<p>Porque tamb\u00e9m tem outra coisa. Pol\u00edticas p\u00fablicas n\u00e3o resolvem os problemas (no caso, de acesso aos livros e \u00e0 leitura) da noite para o dia. Sua matura\u00e7\u00e3o \u00e9 lenta e depende tamb\u00e9m de a\u00e7\u00f5es na \u00e1rea da educa\u00e7\u00e3o e das pol\u00edticas sociais em geral. O importante \u00e9 que o problema est\u00e1 sendo enfrentado n\u00e3o apenas pelos mencionados, como tamb\u00e9m por muitos outros administradores p\u00fablicos Brasil a fora. O que n\u00e3o justifica, obviamente, que uma grande maioria pouco se importe com o problema. Na verdade, esses administradores que n\u00e3o colocam as bibliotecas como prioridade s\u00e3o parte do problema.<\/p>\n<p>E o fechamento do site?<\/p>\n<p>S\u00e3o v\u00e1rios pontos envolvidos nisso. Em primeiro lugar, e como quest\u00e3o mais importante, \u00e9 que as bibliotecas universit\u00e1rias s\u00e3o, no meu entender, esquizofr\u00eanicas. H\u00e1 um enorme esfor\u00e7o para atualiza\u00e7\u00e3o de acervos e aten\u00e7\u00e3o aos usu\u00e1rios dos programas de p\u00f3s gradua\u00e7\u00e3o, particularmente na \u00e1rea das ci\u00eancias naturais. As aquisi\u00e7\u00f5es de acervos eletr\u00f4nicos, de revistas t\u00e9cnico cient\u00edficas, \u00e9 muito significativa.<\/p>\n<p>Mas, na \u00e1rea da gradua\u00e7\u00e3o, a situa\u00e7\u00e3o \u00e9 lament\u00e1vel. N\u00e3o existem exemplares em quantidade suficiente para o atendimento minimamente decente para os alunos. As malfadadas \u201cpastas dos professores\u201d e a reprografia foram a resposta capenga para isso. Sem falar em \u201cuniversidades\u201d particulares de pequenas cidades das quais se diz que alugam bibliotecas para passar pela avalia\u00e7\u00e3o do MEC e receber licen\u00e7a de funcionamento, e que depois s\u00e3o devidamente devolvidas aos \u201cempreendedores\u201d (e p\u00f5e empreendedorismo nisso!) que as alugaram. N\u00e3o conhe\u00e7o nenhum caso concreto, mas os rumores abundam.<\/p>\n<p>A ABDR foi originalmente concebida como uma institui\u00e7\u00e3o de licenciamento de reprodu\u00e7\u00f5es, medida que corre paralela \u00e0 defesa dos direitos autorais (que s\u00e3o originalmente dos AUTORES, e subsidiariamente das editoras, note-se). Essa proposta inicial foi desvirtuada aqui no Brasil, e a ABDR se transformou em uma ag\u00eancia basicamente repressiva, promovendo o fechamento de copiadoras e de sites como o mencionado.<\/p>\n<p>O resultado dessa pol\u00edtica equivocada \u00e9 a mobiliza\u00e7\u00e3o dos estudantes contra as a\u00e7\u00f5es da ABDR. Pior ainda, identificando a quest\u00e3o do Direito Autoral como algo de interesse simplesmente das editoras, quando diz respeito fundamentalmente aos autores, que merecem e devem receber remunera\u00e7\u00e3o por seu trabalho. Da\u00ed que, em vez de pressionar por melhores bibliotecas, apela-se para o \u201cjeitinho\u201d: pastas de professores, sites de compartilhamento. A quest\u00e3o de fundo se perde, e as bibliotecas continuam sendo p\u00e9ssimas (a vontade \u00e9 a de usar outro adjetivo, mas o decoro o impede).<\/p>\n<p>Outro problema diz respeito \u00e0s obras \u201c\u00f3rf\u00e3s\u201d, livros que possivelmente ainda est\u00e3o sob prote\u00e7\u00e3o da lei de direitos autorais, mas n\u00e3o dispon\u00edveis no mercado. \u00c9 um problema s\u00e9rio, objeto de discuss\u00e3o em v\u00e1rios foros, inclusive internacionais.<\/p>\n<p>O triste disso tudo \u00e9 que, pela inefici\u00eancia e insufici\u00eancia das bibliotecas \u2013 p\u00fablicas e universit\u00e1rias \u2013 todos s\u00e3o prejudicados: alunos e o p\u00fablico em geral pelas dificuldades de acesso; autores e editores pela perda de renda decorrente da reprodu\u00e7\u00e3o n\u00e3o autorizada.<\/p>\n<p>Finalmente, uma \u00faltima palavra sobre os editores. Independentemente da quest\u00e3o das bibliotecas, Ed Nawotka, o editor do site Publishing Perspectives, uma vez publicou um aforismo que gosto de repetir: livro pirateado \u00e9 o que n\u00e3o foi colocado no mercado com pre\u00e7os e condi\u00e7\u00f5es aceit\u00e1veis para os consumidores\/leitores.<\/p>\n","protected":false},"excerpt":{"rendered":"<p>As bibliotecas estiveram presentes em duas pol\u00eamicas que correram na Internet semana passada. A primeira foi provocada por um artigo do jornalista Lu\u00eds Ant\u00f4nio Giron, publicado em seu blog da Revista \u00c9poca no qual relatava uma experi\u00eancia que considerou desastrosa ao visitar a biblioteca p\u00fablica de seu bairro (n\u00e3o disse qual era), onde n\u00e3o encontrou &hellip; <a href=\"http:\/\/oxisdoproblema.com.br\/?p=1141\" onclick=\"return TrackClick('http%3A%2F%2Foxisdoproblema.com.br%2F%3Fp%3D1141','Continue+lendo+BIBLIOTECAS+NO+MEIO+DE+DUAS+POL%C3%8AMICAS+%26rarr%3B')\" class=\"more-link\">Continue lendo <span class=\"screen-reader-text\">BIBLIOTECAS NO MEIO DE DUAS POL\u00caMICAS<\/span> <span class=\"meta-nav\">&rarr;<\/span><\/a><\/p>\n","protected":false},"author":1,"featured_media":0,"comment_status":"open","ping_status":"open","sticky":false,"template":"","format":"standard","meta":[],"categories":[178],"tags":[281,146,326,191],"_links":{"self":[{"href":"http:\/\/oxisdoproblema.com.br\/index.php?rest_route=\/wp\/v2\/posts\/1141"}],"collection":[{"href":"http:\/\/oxisdoproblema.com.br\/index.php?rest_route=\/wp\/v2\/posts"}],"about":[{"href":"http:\/\/oxisdoproblema.com.br\/index.php?rest_route=\/wp\/v2\/types\/post"}],"author":[{"embeddable":true,"href":"http:\/\/oxisdoproblema.com.br\/index.php?rest_route=\/wp\/v2\/users\/1"}],"replies":[{"embeddable":true,"href":"http:\/\/oxisdoproblema.com.br\/index.php?rest_route=%2Fwp%2Fv2%2Fcomments&post=1141"}],"version-history":[{"count":4,"href":"http:\/\/oxisdoproblema.com.br\/index.php?rest_route=\/wp\/v2\/posts\/1141\/revisions"}],"predecessor-version":[{"id":1146,"href":"http:\/\/oxisdoproblema.com.br\/index.php?rest_route=\/wp\/v2\/posts\/1141\/revisions\/1146"}],"wp:attachment":[{"href":"http:\/\/oxisdoproblema.com.br\/index.php?rest_route=%2Fwp%2Fv2%2Fmedia&parent=1141"}],"wp:term":[{"taxonomy":"category","embeddable":true,"href":"http:\/\/oxisdoproblema.com.br\/index.php?rest_route=%2Fwp%2Fv2%2Fcategories&post=1141"},{"taxonomy":"post_tag","embeddable":true,"href":"http:\/\/oxisdoproblema.com.br\/index.php?rest_route=%2Fwp%2Fv2%2Ftags&post=1141"}],"curies":[{"name":"wp","href":"https:\/\/api.w.org\/{rel}","templated":true}]}}